{"id":702,"date":"2023-07-26T17:32:55","date_gmt":"2023-07-26T15:32:55","guid":{"rendered":"https:\/\/le-communique.fr\/microsoft-annonce-la-fin-des-mises-a-jour-pour-ces-5-smartphones-samsung-apres-android-14-dans-une-declaration-explosive-qui-va-surement-faire-des-clics\/"},"modified":"2026-02-25T21:17:15","modified_gmt":"2026-02-25T20:17:15","slug":"microsoft-annonce-la-fin-des-mises-a-jour-pour-ces-5-smartphones-samsung-apres-android-14-dans-une-declaration-explosive-qui-va-surement-faire-des-clics","status":"publish","type":"post","link":"https:\/\/le-communique.fr\/de\/microsoft-annonce-la-fin-des-mises-a-jour-pour-ces-5-smartphones-samsung-apres-android-14-dans-une-declaration-explosive-qui-va-surement-faire-des-clics\/","title":{"rendered":"Microsoft annonce la fin des mises \u00e0 jour pour ces 5 smartphones Samsung apr\u00e8s Android 14 dans une d\u00e9claration explosive qui va surement faire des clics."},"content":{"rendered":"<p>    <title>La dur\u00e9e de mise \u00e0 <a href=\"https:\/\/le-communique.fr\/de\/attention-ces-4-smartphones-samsung-galaxy-ne-recevront-plus-de-mises-a-jour\/\" title=\"jour des smartphones Samsung\">jour des smartphones Samsung<\/a> est-elle suffisante ?<\/title><\/p>\n<div id=\"ez-toc-container\" class=\"ez-toc-v2_0_87 counter-hierarchy ez-toc-counter ez-toc-grey ez-toc-container-direction\">\n<div class=\"ez-toc-title-container\">\n<p class=\"ez-toc-title\" style=\"cursor:inherit\">Table of Contents<\/p>\n<span class=\"ez-toc-title-toggle\"><a href=\"#\" class=\"ez-toc-pull-right ez-toc-btn ez-toc-btn-xs ez-toc-btn-default ez-toc-toggle\" aria-label=\"Toggle Table of Content\"><span class=\"ez-toc-js-icon-con\"><span class=\"\"><span class=\"eztoc-hide\" style=\"display:none;\">Toggle<\/span><span class=\"ez-toc-icon-toggle-span\"><svg style=\"fill: #999;color:#999\" xmlns=\"http:\/\/www.w3.org\/2000\/svg\" class=\"list-377408\" width=\"20px\" height=\"20px\" viewbox=\"0 0 24 24\" fill=\"none\"><path d=\"M6 6H4v2h2V6zm14 0H8v2h12V6zM4 11h2v2H4v-2zm16 0H8v2h12v-2zM4 16h2v2H4v-2zm16 0H8v2h12v-2z\" fill=\"currentColor\"><\/path><\/svg><svg style=\"fill: #999;color:#999\" class=\"arrow-unsorted-368013\" xmlns=\"http:\/\/www.w3.org\/2000\/svg\" width=\"10px\" height=\"10px\" viewbox=\"0 0 24 24\" version=\"1.2\" baseprofile=\"tiny\"><path d=\"M18.2 9.3l-6.2-6.3-6.2 6.3c-.2.2-.3.4-.3.7s.1.5.3.7c.2.2.4.3.7.3h11c.3 0 .5-.1.7-.3.2-.2.3-.5.3-.7s-.1-.5-.3-.7zM5.8 14.7l6.2 6.3 6.2-6.3c.2-.2.3-.5.3-.7s-.1-.5-.3-.7c-.2-.2-.4-.3-.7-.3h-11c-.3 0-.5.1-.7.3-.2.2-.3.5-.3.7s.1.5.3.7z\"\/><\/svg><\/span><\/span><\/span><\/a><\/span><\/div>\n<nav><ul class='ez-toc-list ez-toc-list-level-1' ><li class='ez-toc-page-1 ez-toc-heading-level-1'><a class=\"ez-toc-link ez-toc-heading-1\" href=\"https:\/\/le-communique.fr\/de\/microsoft-annonce-la-fin-des-mises-a-jour-pour-ces-5-smartphones-samsung-apres-android-14-dans-une-declaration-explosive-qui-va-surement-faire-des-clics\/#La_duree_de_mise_a_jour_des_smartphones_Samsung_est-elle_suffisante\" >La dur\u00e9e de mise \u00e0 jour des smartphones Samsung est-elle suffisante ?<\/a><ul class='ez-toc-list-level-2' ><li class='ez-toc-heading-level-2'><a class=\"ez-toc-link ez-toc-heading-2\" href=\"https:\/\/le-communique.fr\/de\/microsoft-annonce-la-fin-des-mises-a-jour-pour-ces-5-smartphones-samsung-apres-android-14-dans-une-declaration-explosive-qui-va-surement-faire-des-clics\/#Quels_sont_les_smartphones_Samsung_concernes\" >Quels sont les smartphones Samsung concern\u00e9s ?<\/a><\/li><li class='ez-toc-page-1 ez-toc-heading-level-2'><a class=\"ez-toc-link ez-toc-heading-3\" href=\"https:\/\/le-communique.fr\/de\/microsoft-annonce-la-fin-des-mises-a-jour-pour-ces-5-smartphones-samsung-apres-android-14-dans-une-declaration-explosive-qui-va-surement-faire-des-clics\/#Quelles_alternatives_a_ces_smartphones\" >Quelles alternatives \u00e0 ces smartphones ?<\/a><\/li><\/ul><\/li><\/ul><\/nav><\/div>\n<h1><span class=\"ez-toc-section\" id=\"La_duree_de_mise_a_jour_des_smartphones_Samsung_est-elle_suffisante\"><\/span>La dur\u00e9e de mise \u00e0 jour des smartphones Samsung est-elle suffisante ?<span class=\"ez-toc-section-end\"><\/span><\/h1>\n<h2><span class=\"ez-toc-section\" id=\"Quels_sont_les_smartphones_Samsung_concernes\"><\/span>Quels sont les smartphones Samsung concern\u00e9s ?<span class=\"ez-toc-section-end\"><\/span><\/h2>\n<p>En 2020, Samsung a d\u00e9cid\u00e9 d&rsquo;augmenter la dur\u00e9e de mise \u00e0 jour de ses smartphones milieu de gamme \u00e0 3 ou m\u00eame 4 ans. Cette ann\u00e9e, la plupart des smartphones lanc\u00e9s b\u00e9n\u00e9ficient de cette mise \u00e0 jour. Cependant, apr\u00e8s la mise \u00e0 jour Android 14, le support de l&rsquo;OS ne sera plus assur\u00e9.<\/p>\n<ul>\n<li><strong>Galaxy Tab S7 FE<\/strong><\/li>\n<li><strong>Galaxy A72<\/strong><\/li>\n<li><strong>Galaxy A52 5G<\/strong><\/li>\n<li><strong>Galaxy A52s<\/strong><\/li>\n<li><strong>Galaxy A52<\/strong><\/li>\n<\/ul>\n<p>Ces smartphones et tablettes fonctionnaient initialement sous Android 11 lors de leur sortie en 2021. Ils b\u00e9n\u00e9ficient de 3 ans de mise \u00e0 jour majeure et recevront donc leur derni\u00e8re mise \u00e0 jour avec Android 14. Cependant, les mises \u00e0 jour de s\u00e9curit\u00e9 continueront d&rsquo;\u00eatre fournies, bien que leur fr\u00e9quence puisse \u00eatre r\u00e9duite d&rsquo;ici 2024. Il est \u00e0 pr\u00e9voir que la s\u00e9curit\u00e9 sera \u00e9galement abandonn\u00e9e apr\u00e8s 2025 pour ces appareils.<\/p>\n<h2><span class=\"ez-toc-section\" id=\"Quelles_alternatives_a_ces_smartphones\"><\/span>Quelles alternatives \u00e0 ces smartphones ?<span class=\"ez-toc-section-end\"><\/span><\/h2>\n<p>Pour le moment, il n&rsquo;y a aucune <a href=\"https:\/\/le-communique.fr\/de\/decouvrez-le-timing-ultime-pour-changer-votre-telephone-vous-ne-croirez-jamais-combien-de-temps-il-faut-attendre\/\" title=\"raison de changer\">raison de changer<\/a> ces smartphones tant qu&rsquo;ils r\u00e9pondent \u00e0 vos besoins. Cependant, si vous recherchez un smartphone plus r\u00e9cent, le Samsung Galaxy A54 est le meilleur choix milieu de gamme en 2023. Vendu \u00e0 moins de 500\u20ac, il est \u00e9galement possible d&rsquo;opter pour le Google Pixel 7a, vendu \u00e0 un peu plus de 500\u20ac.<\/p>","protected":false},"excerpt":{"rendered":"<p>La dur\u00e9e de mise \u00e0 jour des smartphones Samsung est-elle suffisante ? La dur\u00e9e de &#8230; <\/p>\n<p class=\"read-more-container\"><a title=\"Microsoft annonce la fin des mises \u00e0 jour pour ces 5 smartphones Samsung apr\u00e8s Android 14 dans une d\u00e9claration explosive qui va surement faire des clics.\" class=\"read-more button\" href=\"https:\/\/le-communique.fr\/de\/microsoft-annonce-la-fin-des-mises-a-jour-pour-ces-5-smartphones-samsung-apres-android-14-dans-une-declaration-explosive-qui-va-surement-faire-des-clics\/#more-702\" aria-label=\"Mehr Informationen \u00fcber Microsoft annonce la fin des mises \u00e0 jour pour ces 5 smartphones Samsung apr\u00e8s Android 14 dans une d\u00e9claration explosive qui va surement faire des clics.\">Read More<\/a><\/p>","protected":false},"author":1,"featured_media":7194,"comment_status":"open","ping_status":"open","sticky":false,"template":"","format":"standard","meta":{"footnotes":""},"categories":[1],"tags":[],"class_list":["post-702","post","type-post","status-publish","format-standard","has-post-thumbnail","hentry","category-non-classe","infinite-scroll-item","generate-columns","tablet-grid-50","mobile-grid-100","grid-parent","grid-25","no-featured-image-padding"],"_links":{"self":[{"href":"https:\/\/le-communique.fr\/de\/wp-json\/wp\/v2\/posts\/702","targetHints":{"allow":["GET"]}}],"collection":[{"href":"https:\/\/le-communique.fr\/de\/wp-json\/wp\/v2\/posts"}],"about":[{"href":"https:\/\/le-communique.fr\/de\/wp-json\/wp\/v2\/types\/post"}],"author":[{"embeddable":true,"href":"https:\/\/le-communique.fr\/de\/wp-json\/wp\/v2\/users\/1"}],"replies":[{"embeddable":true,"href":"https:\/\/le-communique.fr\/de\/wp-json\/wp\/v2\/comments?post=702"}],"version-history":[{"count":2,"href":"https:\/\/le-communique.fr\/de\/wp-json\/wp\/v2\/posts\/702\/revisions"}],"predecessor-version":[{"id":13088,"href":"https:\/\/le-communique.fr\/de\/wp-json\/wp\/v2\/posts\/702\/revisions\/13088"}],"wp:featuredmedia":[{"embeddable":true,"href":"https:\/\/le-communique.fr\/de\/wp-json\/wp\/v2\/media\/7194"}],"wp:attachment":[{"href":"https:\/\/le-communique.fr\/de\/wp-json\/wp\/v2\/media?parent=702"}],"wp:term":[{"taxonomy":"category","embeddable":true,"href":"https:\/\/le-communique.fr\/de\/wp-json\/wp\/v2\/categories?post=702"},{"taxonomy":"post_tag","embeddable":true,"href":"https:\/\/le-communique.fr\/de\/wp-json\/wp\/v2\/tags?post=702"}],"curies":[{"name":"wp","href":"https:\/\/api.w.org\/{rel}","templated":true}]}}