{"id":13135,"date":"2026-08-28T12:21:28","date_gmt":"2026-08-28T10:21:28","guid":{"rendered":"https:\/\/le-communique.fr\/orages-28-aout-2026-vigilance-jaune-departements\/"},"modified":"2026-08-28T17:21:50","modified_gmt":"2026-08-28T15:21:50","slug":"orages-28-aout-2026-vigilance-jaune-departements","status":"publish","type":"post","link":"https:\/\/le-communique.fr\/de\/orages-28-aout-2026-vigilance-jaune-departements\/","title":{"rendered":"Orages du vendredi 28 ao\u00fbt : l&rsquo;orange lev\u00e9 \u00e0 10h, 37 d\u00e9partements encore en jaune au bulletin de 16h"},"content":{"rendered":"<p><strong>Au bulletin de 10h ce vendredi 28 ao\u00fbt 2026, M\u00e9t\u00e9o-France a lev\u00e9 la vigilance orange pour les orages : aucun d\u00e9partement fran\u00e7ais n&rsquo;est plus en orange pour ce ph\u00e9nom\u00e8ne. Restent 49 d\u00e9partements en vigilance jaune orages, dont le Nord (Lille), le Pas-de-Calais (Arras) et la Marne (Reims), et l&rsquo;\u00e9pisode doit s&rsquo;\u00e9vacuer par l&rsquo;est en fin de journ\u00e9e.<\/strong><\/p>\n<p>Les deux seuls d\u00e9partements encore en orange, la Corse-du-Sud et la Haute-Corse, le sont pour <em>canicule<\/em> et non pour les orages. Attention aux titres publi\u00e9s cette nuit : la d\u00e9p\u00eache qui annon\u00e7ait \u00ab sept d\u00e9partements en vigilance orange \u00bb datait du bulletin de 6h, et elle est p\u00e9rim\u00e9e depuis 10h.<\/p>\n<p><em>Mise \u00e0 jour \u2014 28 ao\u00fbt, 17 h :<\/em> le bulletin de 16h confirme la lev\u00e9e, l&rsquo;orange orages n&rsquo;est pas revenu, et la carte continue de se replier : <strong>37 d\u00e9partements restent en vigilance jaune<\/strong> (tous pour orages ; deux y ajoutent le vent, deux la pluie-inondation, dont les Hautes-Alpes o\u00f9 crues et coul\u00e9es de boue ont entra\u00een\u00e9 l&rsquo;\u00e9vacuation de plus de 200 personnes selon BFMTV, et de deux campings \u00e0 Vallouise-Pelvoux selon Le Dauphin\u00e9 Lib\u00e9r\u00e9). La Corse-du-Sud et la Haute-Corse restent les deux seuls d\u00e9partements en orange, pour canicule.<\/p>\n<div id=\"ez-toc-container\" class=\"ez-toc-v2_0_87 counter-hierarchy ez-toc-counter ez-toc-grey ez-toc-container-direction\">\n<div class=\"ez-toc-title-container\">\n<p class=\"ez-toc-title\" style=\"cursor:inherit\">Table of Contents<\/p>\n<span class=\"ez-toc-title-toggle\"><a href=\"#\" class=\"ez-toc-pull-right ez-toc-btn ez-toc-btn-xs ez-toc-btn-default ez-toc-toggle\" aria-label=\"Toggle Table of Content\"><span class=\"ez-toc-js-icon-con\"><span class=\"\"><span class=\"eztoc-hide\" style=\"display:none;\">Toggle<\/span><span class=\"ez-toc-icon-toggle-span\"><svg style=\"fill: #999;color:#999\" xmlns=\"http:\/\/www.w3.org\/2000\/svg\" class=\"list-377408\" width=\"20px\" height=\"20px\" viewBox=\"0 0 24 24\" fill=\"none\"><path d=\"M6 6H4v2h2V6zm14 0H8v2h12V6zM4 11h2v2H4v-2zm16 0H8v2h12v-2zM4 16h2v2H4v-2zm16 0H8v2h12v-2z\" fill=\"currentColor\"><\/path><\/svg><svg style=\"fill: #999;color:#999\" class=\"arrow-unsorted-368013\" xmlns=\"http:\/\/www.w3.org\/2000\/svg\" width=\"10px\" height=\"10px\" viewBox=\"0 0 24 24\" version=\"1.2\" baseProfile=\"tiny\"><path d=\"M18.2 9.3l-6.2-6.3-6.2 6.3c-.2.2-.3.4-.3.7s.1.5.3.7c.2.2.4.3.7.3h11c.3 0 .5-.1.7-.3.2-.2.3-.5.3-.7s-.1-.5-.3-.7zM5.8 14.7l6.2 6.3 6.2-6.3c.2-.2.3-.5.3-.7s-.1-.5-.3-.7c-.2-.2-.4-.3-.7-.3h-11c-.3 0-.5.1-.7.3-.2.2-.3.5-.3.7s.1.5.3.7z\"\/><\/svg><\/span><\/span><\/span><\/a><\/span><\/div>\n<nav><ul class='ez-toc-list ez-toc-list-level-1 ' ><li class='ez-toc-page-1 ez-toc-heading-level-2'><a class=\"ez-toc-link ez-toc-heading-1\" href=\"https:\/\/le-communique.fr\/de\/orages-28-aout-2026-vigilance-jaune-departements\/#En_bref\" >En bref<\/a><\/li><li class='ez-toc-page-1 ez-toc-heading-level-2'><a class=\"ez-toc-link ez-toc-heading-2\" href=\"https:\/\/le-communique.fr\/de\/orages-28-aout-2026-vigilance-jaune-departements\/#Ce_que_dit_exactement_le_bulletin_de_10h\" >Ce que dit exactement le bulletin de 10h<\/a><\/li><li class='ez-toc-page-1 ez-toc-heading-level-2'><a class=\"ez-toc-link ez-toc-heading-3\" href=\"https:\/\/le-communique.fr\/de\/orages-28-aout-2026-vigilance-jaune-departements\/#Lille_Arras_Reims_ce_qui_vous_concerne_aujourdhui\" >Lille, Arras, Reims : ce qui vous concerne aujourd&rsquo;hui<\/a><\/li><li class='ez-toc-page-1 ez-toc-heading-level-2'><a class=\"ez-toc-link ez-toc-heading-4\" href=\"https:\/\/le-communique.fr\/de\/orages-28-aout-2026-vigilance-jaune-departements\/#La_nuit_de_jeudi_a_vendredi_142_kmh_et_pres_de_100_000_eclairs\" >La nuit de jeudi \u00e0 vendredi : 142 km\/h et pr\u00e8s de 100 000 \u00e9clairs<\/a><\/li><li class='ez-toc-page-1 ez-toc-heading-level-2'><a class=\"ez-toc-link ez-toc-heading-5\" href=\"https:\/\/le-communique.fr\/de\/orages-28-aout-2026-vigilance-jaune-departements\/#Transports_les_consequences_se_voient_encore_ce_vendredi_matin\" >Transports : les cons\u00e9quences se voient encore ce vendredi matin<\/a><\/li><li class='ez-toc-page-1 ez-toc-heading-level-2'><a class=\"ez-toc-link ez-toc-heading-6\" href=\"https:\/\/le-communique.fr\/de\/orages-28-aout-2026-vigilance-jaune-departements\/#Quand_lepisode_sarrete-t-il\" >Quand l&rsquo;\u00e9pisode s&rsquo;arr\u00eate-t-il ?<\/a><\/li><li class='ez-toc-page-1 ez-toc-heading-level-2'><a class=\"ez-toc-link ez-toc-heading-7\" href=\"https:\/\/le-communique.fr\/de\/orages-28-aout-2026-vigilance-jaune-departements\/#Les_consignes_officielles_et_lheure_du_prochain_bulletin\" >Les consignes officielles, et l&rsquo;heure du prochain bulletin<\/a><\/li><li class='ez-toc-page-1 ez-toc-heading-level-2'><a class=\"ez-toc-link ez-toc-heading-8\" href=\"https:\/\/le-communique.fr\/de\/orages-28-aout-2026-vigilance-jaune-departements\/#Questions_frequentes\" >Questions fr\u00e9quentes<\/a><\/li><li class='ez-toc-page-1 ez-toc-heading-level-2'><a class=\"ez-toc-link ez-toc-heading-9\" href=\"https:\/\/le-communique.fr\/de\/orages-28-aout-2026-vigilance-jaune-departements\/#A_retenir\" >\u00c0 retenir<\/a><\/li><\/ul><\/nav><\/div>\n<h2><span class=\"ez-toc-section\" id=\"En_bref\"><\/span>En bref<span class=\"ez-toc-section-end\"><\/span><\/h2>\n<ul>\n<li><strong>0 d\u00e9partement en vigilance orange orages<\/strong> au bulletin du 28 ao\u00fbt \u00e0 10h (heure de Paris).<\/li>\n<li><strong>49 d\u00e9partements en jaune orages<\/strong>, de la Manche aux Alpes, en passant par les Hauts-de-France, l&rsquo;\u00cele-de-France et le Grand Est.<\/li>\n<li><strong>2 d\u00e9partements en orange canicule<\/strong> : Corse-du-Sud (2A) et Haute-Corse (2B).<\/li>\n<li><strong>Fin de l&rsquo;\u00e9pisode ce soir<\/strong> : samedi 29, il ne reste plus que 3 d\u00e9partements en jaune, et aucun pour les orages.<\/li>\n<\/ul>\n<h2><span class=\"ez-toc-section\" id=\"Ce_que_dit_exactement_le_bulletin_de_10h\"><\/span>Ce que dit exactement le bulletin de 10h<span class=\"ez-toc-section-end\"><\/span><\/h2>\n<p>Le d\u00e9compte ci-dessous est relev\u00e9 directement sur le bulletin \u00ab Vigilance m\u00e9t\u00e9o et crues \u00bb de M\u00e9t\u00e9o-France diffus\u00e9 <strong>le 28 ao\u00fbt 2026 \u00e0 10:00 (heure de Paris)<\/strong>. Un principe important : <strong>chaque d\u00e9partement n&rsquo;est compt\u00e9 qu&rsquo;\u00e0 son niveau le plus \u00e9lev\u00e9<\/strong>. Un d\u00e9partement orange canicule et jaune orages est comptabilis\u00e9 en orange, jamais deux fois. C&rsquo;est pourquoi additionner les lignes d&rsquo;une liste de vigilance donne toujours un chiffre trop grand.<\/p>\n<figure class=\"wp-block-table\">\n<table>\n<thead>\n<tr>\n<th>Niveau<\/th>\n<th>Nombre de d\u00e9partements<\/th>\n<th>Ph\u00e9nom\u00e8ne(s)<\/th>\n<\/tr>\n<\/thead>\n<tbody>\n<tr>\n<td>Rouge<\/td>\n<td>0<\/td>\n<td>\u2014<\/td>\n<\/tr>\n<tr>\n<td>Orange<\/td>\n<td>2<\/td>\n<td>Canicule (Corse-du-Sud, Haute-Corse)<\/td>\n<\/tr>\n<tr>\n<td>Jaune<\/td>\n<td>50<\/td>\n<td>dont 49 orages, 12 pluie-inondation, 5 vent, 2 crues<\/td>\n<\/tr>\n<\/tbody>\n<\/table><figcaption>Vigilance m\u00e9tropole au bulletin du 28 ao\u00fbt 2026, 10h. Source : <a href=\"https:\/\/vigilance.meteofrance.fr\/fr\/vigilance-accessible\" rel=\"nofollow noopener\" target=\"_blank\">M\u00e9t\u00e9o-France, page Vigilance accessible<\/a>.<\/figcaption><\/figure>\n<p><strong>Au bulletin de 16h, le d\u00e9compte est retomb\u00e9 \u00e0 2 orange (inchang\u00e9s, canicule corse) et 37 jaunes<\/strong>, contre 50 \u00e0 10h : les 37 portent tous le ph\u00e9nom\u00e8ne orages, 2 y ajoutent le vent et 2 la pluie-inondation. Plus aucun d\u00e9partement ne porte la vigilance crues dans ce bulletin de l&rsquo;apr\u00e8s-midi.<\/p>\n<p>Les 50 d\u00e9partements en jaune se r\u00e9partissent ainsi : 49 pour les orages, 12 pour la pluie-inondation, 5 pour le vent, 2 pour les crues. Ces sous-totaux se recoupent, un m\u00eame d\u00e9partement pouvant porter plusieurs ph\u00e9nom\u00e8nes : Hautes-Alpes, Is\u00e8re, Savoie et Haute-Savoie cumulent vent, pluie-inondation et orages. Si le vocabulaire vous \u00e9chappe, nous avons d\u00e9taill\u00e9 <a href=\"https:\/\/le-communique.fr\/vigilance-orange-signification\/\">ce que veut dire concr\u00e8tement une vigilance orange<\/a> et <a href=\"https:\/\/le-communique.fr\/vigilance-rouge-signification\/\">ce qui change entre l&rsquo;orange et le rouge<\/a>.<\/p>\n<h2><span class=\"ez-toc-section\" id=\"Lille_Arras_Reims_ce_qui_vous_concerne_aujourdhui\"><\/span>Lille, Arras, Reims : ce qui vous concerne aujourd&rsquo;hui<span class=\"ez-toc-section-end\"><\/span><\/h2>\n<p>Les trois villes les plus recherch\u00e9es ce matin sur les moteurs sont pr\u00e9cis\u00e9ment dans le p\u00e9rim\u00e8tre du jaune orages :<\/p>\n<ul>\n<li><strong>Lille<\/strong> \u2014 le Nord (59) est en <strong>jaune orages<\/strong>.<\/li>\n<li><strong>Arras<\/strong> \u2014 le Pas-de-Calais (62) est en <strong>jaune orages et jaune crues<\/strong>. C&rsquo;est le seul des trois \u00e0 porter deux ph\u00e9nom\u00e8nes.<\/li>\n<li><strong>Reims<\/strong> \u2014 la Marne (51) est en <strong>jaune orages<\/strong>.<\/li>\n<\/ul>\n<p>Le point \u00e0 retenir pour les Hauts-de-France n&rsquo;est pas l&rsquo;orage, qui s&rsquo;\u00e9loigne : c&rsquo;est <strong>l&rsquo;eau qui reste<\/strong>. L&rsquo;Oise (60) et le Pas-de-Calais (62) sont les deux seuls d\u00e9partements en vigilance jaune <em>crues<\/em>, et ils y restent samedi alors que tout le reste du pays sera repass\u00e9 au vert pour les orages. Les cumuls tomb\u00e9s depuis jeudi soir mettent plusieurs heures \u00e0 rejoindre les cours d&rsquo;eau : le risque de d\u00e9bordement local survit largement \u00e0 la fin de l&rsquo;orage.<\/p>\n<h2><span class=\"ez-toc-section\" id=\"La_nuit_de_jeudi_a_vendredi_142_kmh_et_pres_de_100_000_eclairs\"><\/span>La nuit de jeudi \u00e0 vendredi : 142 km\/h et pr\u00e8s de 100 000 \u00e9clairs<span class=\"ez-toc-section-end\"><\/span><\/h2>\n<p>L&rsquo;\u00e9pisode a \u00e9t\u00e9 violent jeudi soir. Sur les relev\u00e9s M\u00e9t\u00e9o-France repris par la presse locale, la rafale la plus forte a \u00e9t\u00e9 mesur\u00e9e \u00e0 <strong>142,2 km\/h \u00e0 la station de Chevru, en Seine-et-Marne, \u00e0 19h<\/strong>, suivie de <strong>130,3 km\/h \u00e0 Nangis<\/strong>, dans le m\u00eame d\u00e9partement, \u00e0 18h (<a href=\"https:\/\/www.lejma.fr\/2026\/08\/27\/orages-en-france-des-rafales-a-plus-de-140-km-h-deja-enregistrees-ce-soir\/\" rel=\"nofollow noopener\" target=\"_blank\">relev\u00e9s publi\u00e9s le 27 ao\u00fbt \u00e0 22h03<\/a>). \u00c0 titre de rep\u00e8re, ce sont des valeurs de temp\u00eate hivernale : nous avions expliqu\u00e9 <a href=\"https:\/\/le-communique.fr\/vent-dangereux-km-h\/\">\u00e0 partir de quelle vitesse le vent devient r\u00e9ellement dangereux<\/a>.<\/p>\n<p>C\u00f4t\u00e9 activit\u00e9 \u00e9lectrique, l&rsquo;observatoire <a href=\"https:\/\/www.keraunos.org\/actualites\/breves\/2026\/aout\" rel=\"nofollow noopener\" target=\"_blank\">Keraunos, observatoire fran\u00e7ais des tornades et des orages violents<\/a> a relev\u00e9 pour la seule journ\u00e9e du 27 ao\u00fbt <strong>pr\u00e8s de 100 000 \u00e9clairs, dont 10 % d&rsquo;impacts de foudre au sol<\/strong>, le Puy-de-D\u00f4me arrivant en t\u00eate des d\u00e9partements les plus foudroy\u00e9s. Des supercellules s&rsquo;\u00e9taient form\u00e9es entre Puy-de-D\u00f4me et Allier en milieu d&rsquo;apr\u00e8s-midi, avant une extension du risque vers le nord-nord-est.<\/p>\n<p>Les d\u00e9g\u00e2ts se sont concentr\u00e9s au sud de l&rsquo;\u00cele-de-France. Le ministre de l&rsquo;Int\u00e9rieur Laurent Nu\u00f1ez a fait \u00e9tat ce vendredi de <strong>80 interventions de pompiers en Seine-et-Marne et 120 dans le Val-de-Marne<\/strong>, principalement pour des chutes d&rsquo;arbres (<a href=\"https:\/\/www.cnews.fr\/france\/2026-08-27\/arbres-deracines-routes-inondees-les-images-impressionnantes-des-degats-apres-un\" rel=\"nofollow noopener\" target=\"_blank\">chiffres rapport\u00e9s par CNews<\/a>). Des arbres d\u00e9racin\u00e9s et des routes inond\u00e9es ont \u00e9t\u00e9 constat\u00e9s, notamment \u00e0 Vitry-sur-Seine. Aucun bilan humain officiel n&rsquo;a \u00e9t\u00e9 communiqu\u00e9 \u00e0 l&rsquo;heure o\u00f9 nous publions ; nous ne reprendrons donc aucun chiffre de bless\u00e9s tant qu&rsquo;une pr\u00e9fecture ou les services de secours ne l&rsquo;auront pas \u00e9tabli.<\/p>\n<h2><span class=\"ez-toc-section\" id=\"Transports_les_consequences_se_voient_encore_ce_vendredi_matin\"><\/span>Transports : les cons\u00e9quences se voient encore ce vendredi matin<span class=\"ez-toc-section-end\"><\/span><\/h2>\n<p>La SNCF avait choisi jeudi d&rsquo;arr\u00eater pr\u00e9ventivement plusieurs liaisons TER dans les Hauts-de-France, alors plac\u00e9s en vigilance orange orages. \u00c9taient concern\u00e9es les lignes Beauvais \u2013 Abancourt \u2013 Le Tr\u00e9port et Amiens \u2013 Compi\u00e8gne \u00e0 partir de 18h, puis Saint-Pol-sur-Ternoise \u2013 \u00c9taples\/Le Touquet, Saint-Pol-sur-Ternoise \u2013 Arras et Saint-Pol-sur-Ternoise \u2013 B\u00e9thune \u00e0 partir de 19h (<a href=\"https:\/\/france3-regions.franceinfo.fr\/hauts-de-france\/nord-0\/sncf-a-cause-des-orages-qui-arrivent-tous-ces-trains-sont-annules-dans-les-hauts-de-france-3407360.html\" rel=\"nofollow noopener\" target=\"_blank\">d\u00e9tail des lignes, France 3 Hauts-de-France<\/a>). L&rsquo;objectif affich\u00e9 \u00e9tait d&rsquo;\u00e9viter que des trains charg\u00e9s de voyageurs se retrouvent bloqu\u00e9s en pleine voie derri\u00e8re une chute d&rsquo;arbre.<\/p>\n<p>Cette interruption a eu des cons\u00e9quences sur les premiers trains du vendredi matin, le temps que le gestionnaire du r\u00e9seau retire les obstacles et v\u00e9rifie les installations. Si vous voyagez aujourd&rsquo;hui dans le Nord, le Pas-de-Calais, la Somme ou l&rsquo;Oise, v\u00e9rifiez votre train avant de partir.<\/p>\n<h2><span class=\"ez-toc-section\" id=\"Quand_lepisode_sarrete-t-il\"><\/span>Quand l&rsquo;\u00e9pisode s&rsquo;arr\u00eate-t-il ?<span class=\"ez-toc-section-end\"><\/span><\/h2>\n<p>Le bulletin de 10h donne aussi la journ\u00e9e de samedi, et il est sans ambigu\u00eft\u00e9 : <strong>samedi 29 ao\u00fbt, il ne reste que 3 d\u00e9partements en vigilance jaune<\/strong> \u2014 la Manche (50) pour le vent, l&rsquo;Oise (60) et le Pas-de-Calais (62) pour les crues. <strong>Aucun d\u00e9partement en jaune orages, aucun en orange orages.<\/strong> Les deux d\u00e9partements corses restent en orange canicule.<\/p>\n<p><em>Mise \u00e0 jour du bulletin de 16h pour samedi :<\/em> toujours 3 d\u00e9partements en jaune, mais la composition a chang\u00e9 \u2014 <strong>la Manche (vent), le Nord (orages) et le Pas-de-Calais (orages et vent)<\/strong>. L&rsquo;Oise et le ph\u00e9nom\u00e8ne crues sont sortis de la carte de samedi ; la Corse reste en orange canicule.<\/p>\n<p>Autrement dit, l&rsquo;\u00e9pisode orageux se termine dans la soir\u00e9e de ce vendredi. Keraunos d\u00e9crit le m\u00eame sc\u00e9nario : un risque d&rsquo;orages forts sur la fa\u00e7ade est du pays, plus mod\u00e9r\u00e9 dans la tra\u00eene, avec le thalweg d&rsquo;altitude qui \u00e9vacue le territoire fran\u00e7ais en fin de journ\u00e9e. C&rsquo;est la m\u00eame m\u00e9canique de lev\u00e9e que celle observ\u00e9e <a href=\"https:\/\/magmaterra.fr\/climat-tendances-8164-meteo-france-vigilance-fin-canicule-22-departements-jaune-18-aout-2026\" target=\"_blank\" rel=\"noopener\">le 18 ao\u00fbt dernier, quand la vigilance orange avait \u00e9t\u00e9 lev\u00e9e d&rsquo;un bulletin \u00e0 l&rsquo;autre<\/a>.<\/p>\n<h2><span class=\"ez-toc-section\" id=\"Les_consignes_officielles_et_lheure_du_prochain_bulletin\"><\/span>Les consignes officielles, et l&rsquo;heure du prochain bulletin<span class=\"ez-toc-section-end\"><\/span><\/h2>\n<p>Les consignes pour une vigilance jaune orages tiennent en peu de choses, mais elles comptent : ne pas s&rsquo;abriter sous un arbre isol\u00e9, rentrer ou arrimer le mobilier de jardin, diff\u00e9rer les activit\u00e9s de plein air expos\u00e9es (randonn\u00e9e en cr\u00eate, plan d&rsquo;eau, chantier en hauteur), et ne jamais s&rsquo;engager sur une route inond\u00e9e, m\u00eame sur quelques centim\u00e8tres. En cas de crue, ne pas descendre dans un parking souterrain.<\/p>\n<p>Point de m\u00e9thode, parce qu&rsquo;il vaut pour toute la journ\u00e9e : <strong>l&rsquo;absence de nouveau communiqu\u00e9 ne veut pas dire que la situation n&rsquo;a pas chang\u00e9.<\/strong> Le bulletin est r\u00e9\u00e9valu\u00e9 au moins deux fois par jour, \u00e0 6h et \u00e0 16h, et peut \u00eatre r\u00e9actualis\u00e9 entre-temps \u2014 c&rsquo;est exactement ce qui s&rsquo;est produit ce matin entre 6h et 10h. Les chiffres de cet article sont ceux du <strong>bulletin de 10h le 28 ao\u00fbt<\/strong> ; le suivant, \u00e0 16h, peut les modifier. La carte officielle est consultable \u00e0 tout moment sur <a href=\"https:\/\/vigilance.meteofrance.fr\/fr\/vigilance-accessible\" rel=\"nofollow noopener\" target=\"_blank\">la page Vigilance accessible de M\u00e9t\u00e9o-France<\/a>, et le service dispose d&rsquo;un r\u00e9pondeur au 05 67 22 95 00. Les bulletins des cha\u00eenes publiques sont par ailleurs <a href=\"https:\/\/france-actu.eu\/blog\/culture-et-divertissement\/france-tv-plateforme-gratuite-contenu\/\" target=\"_blank\" rel=\"noopener\">accessibles gratuitement en ligne<\/a>.<\/p>\n<h2><span class=\"ez-toc-section\" id=\"Questions_frequentes\"><\/span>Questions fr\u00e9quentes<span class=\"ez-toc-section-end\"><\/span><\/h2>\n<details class=\"lc-faq\">\n<summary><strong>Suis-je concern\u00e9 si mon d\u00e9partement est en vigilance jaune ?<\/strong><\/summary>\n<p>Oui, mais le jaune n&rsquo;est pas l&rsquo;orange. Il signale un ph\u00e9nom\u00e8ne \u00ab habituel dans la r\u00e9gion mais occasionnellement et localement dangereux \u00bb, selon la d\u00e9finition de M\u00e9t\u00e9o-France. Un orage jaune peut produire de la gr\u00eale et des rafales sur une commune pendant que la voisine ne voit rien. La consigne est de se tenir inform\u00e9, pas de se calfeutrer.<\/p>\n<\/details>\n<details class=\"lc-faq\">\n<summary><strong>Pourquoi les 7 d\u00e9partements en orange ce matin sont-ils repass\u00e9s en jaune ?<\/strong><\/summary>\n<p>Parce que le bulletin est r\u00e9\u00e9valu\u00e9 au moins deux fois par jour, \u00e0 6h et \u00e0 16h, et peut \u00eatre r\u00e9actualis\u00e9 entre-temps. \u00c0 6h, l&rsquo;Ain, le Doubs, le Jura, le Bas-Rhin, le Haut-Rhin, le Rh\u00f4ne et le Territoire de Belfort \u00e9taient en orange orages. Au bulletin de 10h, ces sept d\u00e9partements sont repass\u00e9s en jaune : l&rsquo;axe orageux le plus actif a gliss\u00e9 vers l&rsquo;est et faibli plus vite que pr\u00e9vu.<\/p>\n<\/details>\n<details class=\"lc-faq\">\n<summary><strong>Les deux d\u00e9partements encore en orange le sont-ils pour les orages ?<\/strong><\/summary>\n<p>Non, et c&rsquo;est un point que beaucoup de reprises confondent. Les deux seuls d\u00e9partements en vigilance orange ce vendredi 28 ao\u00fbt \u00e0 10h sont la Corse-du-Sud (2A) et la Haute-Corse (2B), et c&rsquo;est pour CANICULE, pas pour orages. Au bulletin de 10h, plus aucun d\u00e9partement fran\u00e7ais n&rsquo;est en vigilance orange pour les orages.<\/p>\n<\/details>\n<p><script type=\"application\/ld+json\">{\"@context\": \"https:\/\/schema.org\", \"@type\": \"FAQPage\", \"mainEntity\": [{\"@type\": \"Question\", \"name\": \"Suis-je concern\u00e9 si mon d\u00e9partement est en vigilance jaune ?\", \"acceptedAnswer\": {\"@type\": \"Answer\", \"text\": \"Oui, mais le jaune n'est pas l'orange. Il signale un ph\u00e9nom\u00e8ne \u00ab habituel dans la r\u00e9gion mais occasionnellement et localement dangereux \u00bb, selon la d\u00e9finition de M\u00e9t\u00e9o-France. Un orage jaune peut produire de la gr\u00eale et des rafales sur une commune pendant que la voisine ne voit rien. La consigne est de se tenir inform\u00e9, pas de se calfeutrer.\"}}, {\"@type\": \"Question\", \"name\": \"Pourquoi les 7 d\u00e9partements en orange ce matin sont-ils repass\u00e9s en jaune ?\", \"acceptedAnswer\": {\"@type\": \"Answer\", \"text\": \"Parce que le bulletin est r\u00e9\u00e9valu\u00e9 au moins deux fois par jour, \u00e0 6h et \u00e0 16h, et peut \u00eatre r\u00e9actualis\u00e9 entre-temps. \u00c0 6h, l'Ain, le Doubs, le Jura, le Bas-Rhin, le Haut-Rhin, le Rh\u00f4ne et le Territoire de Belfort \u00e9taient en orange orages. Au bulletin de 10h, ces sept d\u00e9partements sont repass\u00e9s en jaune : l'axe orageux le plus actif a gliss\u00e9 vers l'est et faibli plus vite que pr\u00e9vu.\"}}, {\"@type\": \"Question\", \"name\": \"Les deux d\u00e9partements encore en orange le sont-ils pour les orages ?\", \"acceptedAnswer\": {\"@type\": \"Answer\", \"text\": \"Non, et c'est un point que beaucoup de reprises confondent. Les deux seuls d\u00e9partements en vigilance orange ce vendredi 28 ao\u00fbt \u00e0 10h sont la Corse-du-Sud (2A) et la Haute-Corse (2B), et c'est pour CANICULE, pas pour orages. Au bulletin de 10h, plus aucun d\u00e9partement fran\u00e7ais n'est en vigilance orange pour les orages.\"}}]}<\/script><\/p>\n<h2><span class=\"ez-toc-section\" id=\"A_retenir\"><\/span>\u00c0 retenir<span class=\"ez-toc-section-end\"><\/span><\/h2>\n<p>La s\u00e9quence utile tient en quatre points. <strong>Un<\/strong> : au bulletin de 10h ce 28 ao\u00fbt, la vigilance orange orages est lev\u00e9e sur toute la France, les deux seuls oranges restants sont corses et concernent la canicule. <strong>Deux<\/strong> : 49 d\u00e9partements demeurent en jaune orages, dont le Nord, le Pas-de-Calais et la Marne \u2014 un orage jaune reste capable de gr\u00eale et de rafales localement. <strong>Trois<\/strong> : dans les Hauts-de-France, le sujet du week-end n&rsquo;est pas l&rsquo;orage mais les crues, seules vigilances qui survivent samedi avec le vent sur la Manche. <strong>Quatre<\/strong> : la nuit pass\u00e9e a produit une rafale \u00e0 142,2 km\/h \u00e0 Chevru et pr\u00e8s de 200 interventions de pompiers, ce qui explique les perturbations ferroviaires encore sensibles ce matin. Pour le vocabulaire, <a href=\"https:\/\/le-communique.fr\/comprendre-les-mots-de-la-meteo\/\">notre lexique d\u00e9code les mots des bulletins<\/a>, et notre fiche sur <a href=\"https:\/\/le-communique.fr\/orage-sec-c-est-quoi\/\">l&rsquo;orage sec<\/a> explique pourquoi certains orages ne donnent pas une goutte de pluie.<\/p>\n<p><em>Article r\u00e9dig\u00e9 le 28 ao\u00fbt 2026 \u00e0 partir du bulletin de vigilance M\u00e9t\u00e9o-France de 10h. Les niveaux de vigilance \u00e9voluent : v\u00e9rifiez la carte officielle avant tout d\u00e9placement sensible. Voir aussi <a href=\"https:\/\/le-communique.fr\/goutte-froide-meteo\/\">notre explication de la goutte froide<\/a>.<\/em><\/p>\n","protected":false},"excerpt":{"rendered":"<p>Au bulletin de 10h ce vendredi 28 ao\u00fbt 2026, M\u00e9t\u00e9o-France a lev\u00e9 la vigilance orange &#8230; <\/p>\n<p class=\"read-more-container\"><a title=\"Orages du vendredi 28 ao\u00fbt : l&rsquo;orange lev\u00e9 \u00e0 10h, 37 d\u00e9partements encore en jaune au bulletin de 16h\" class=\"read-more button\" href=\"https:\/\/le-communique.fr\/de\/orages-28-aout-2026-vigilance-jaune-departements\/#more-13135\" aria-label=\"Mehr Informationen \u00fcber Orages du vendredi 28 ao\u00fbt : l&rsquo;orange lev\u00e9 \u00e0 10h, 37 d\u00e9partements encore en jaune au bulletin de 16h\">Read More<\/a><\/p>","protected":false},"author":40,"featured_media":13136,"comment_status":"open","ping_status":"open","sticky":false,"template":"","format":"standard","meta":{"footnotes":""},"categories":[3680],"tags":[],"class_list":["post-13135","post","type-post","status-publish","format-standard","has-post-thumbnail","hentry","category-meteo-decodee","infinite-scroll-item","generate-columns","tablet-grid-50","mobile-grid-100","grid-parent","grid-25","no-featured-image-padding"],"_links":{"self":[{"href":"https:\/\/le-communique.fr\/de\/wp-json\/wp\/v2\/posts\/13135","targetHints":{"allow":["GET"]}}],"collection":[{"href":"https:\/\/le-communique.fr\/de\/wp-json\/wp\/v2\/posts"}],"about":[{"href":"https:\/\/le-communique.fr\/de\/wp-json\/wp\/v2\/types\/post"}],"author":[{"embeddable":true,"href":"https:\/\/le-communique.fr\/de\/wp-json\/wp\/v2\/users\/40"}],"replies":[{"embeddable":true,"href":"https:\/\/le-communique.fr\/de\/wp-json\/wp\/v2\/comments?post=13135"}],"version-history":[{"count":1,"href":"https:\/\/le-communique.fr\/de\/wp-json\/wp\/v2\/posts\/13135\/revisions"}],"predecessor-version":[{"id":13137,"href":"https:\/\/le-communique.fr\/de\/wp-json\/wp\/v2\/posts\/13135\/revisions\/13137"}],"wp:featuredmedia":[{"embeddable":true,"href":"https:\/\/le-communique.fr\/de\/wp-json\/wp\/v2\/media\/13136"}],"wp:attachment":[{"href":"https:\/\/le-communique.fr\/de\/wp-json\/wp\/v2\/media?parent=13135"}],"wp:term":[{"taxonomy":"category","embeddable":true,"href":"https:\/\/le-communique.fr\/de\/wp-json\/wp\/v2\/categories?post=13135"},{"taxonomy":"post_tag","embeddable":true,"href":"https:\/\/le-communique.fr\/de\/wp-json\/wp\/v2\/tags?post=13135"}],"curies":[{"name":"wp","href":"https:\/\/api.w.org\/{rel}","templated":true}]}}