{"id":12994,"date":"2025-10-16T09:04:00","date_gmt":"2025-10-16T07:04:00","guid":{"rendered":"https:\/\/le-communique.fr\/?p=12994"},"modified":"2025-10-16T09:04:00","modified_gmt":"2025-10-16T07:04:00","slug":"duree-de-vie-du-macbook-air-facteurs-cles-pour-optimiser-sa-longevite","status":"publish","type":"post","link":"https:\/\/le-communique.fr\/de\/duree-de-vie-du-macbook-air-facteurs-cles-pour-optimiser-sa-longevite\/","title":{"rendered":"Dur\u00e9e de vie du MacBook Air : facteurs cl\u00e9s pour optimiser sa long\u00e9vit\u00e9"},"content":{"rendered":"<div id=\"ez-toc-container\" class=\"ez-toc-v2_0_87 counter-hierarchy ez-toc-counter ez-toc-grey ez-toc-container-direction\">\n<div class=\"ez-toc-title-container\">\n<p class=\"ez-toc-title\" style=\"cursor:inherit\">Table of Contents<\/p>\n<span class=\"ez-toc-title-toggle\"><a href=\"#\" class=\"ez-toc-pull-right ez-toc-btn ez-toc-btn-xs ez-toc-btn-default ez-toc-toggle\" aria-label=\"Toggle Table of Content\"><span class=\"ez-toc-js-icon-con\"><span class=\"\"><span class=\"eztoc-hide\" style=\"display:none;\">Toggle<\/span><span class=\"ez-toc-icon-toggle-span\"><svg style=\"fill: #999;color:#999\" xmlns=\"http:\/\/www.w3.org\/2000\/svg\" class=\"list-377408\" width=\"20px\" height=\"20px\" viewbox=\"0 0 24 24\" fill=\"none\"><path d=\"M6 6H4v2h2V6zm14 0H8v2h12V6zM4 11h2v2H4v-2zm16 0H8v2h12v-2zM4 16h2v2H4v-2zm16 0H8v2h12v-2z\" fill=\"currentColor\"><\/path><\/svg><svg style=\"fill: #999;color:#999\" class=\"arrow-unsorted-368013\" xmlns=\"http:\/\/www.w3.org\/2000\/svg\" width=\"10px\" height=\"10px\" viewbox=\"0 0 24 24\" version=\"1.2\" baseprofile=\"tiny\"><path d=\"M18.2 9.3l-6.2-6.3-6.2 6.3c-.2.2-.3.4-.3.7s.1.5.3.7c.2.2.4.3.7.3h11c.3 0 .5-.1.7-.3.2-.2.3-.5.3-.7s-.1-.5-.3-.7zM5.8 14.7l6.2 6.3 6.2-6.3c.2-.2.3-.5.3-.7s-.1-.5-.3-.7c-.2-.2-.4-.3-.7-.3h-11c-.3 0-.5.1-.7.3-.2.2-.3.5-.3.7s.1.5.3.7z\"\/><\/svg><\/span><\/span><\/span><\/a><\/span><\/div>\n<nav><ul class='ez-toc-list ez-toc-list-level-1' ><li class='ez-toc-page-1 ez-toc-heading-level-1'><a class=\"ez-toc-link ez-toc-heading-1\" href=\"https:\/\/le-communique.fr\/de\/duree-de-vie-du-macbook-air-facteurs-cles-pour-optimiser-sa-longevite\/#Duree_de_Vie_MacBook_Air_Tout_Ce_Que_Vous_Devez_Savoir\" >Dur\u00e9e de Vie MacBook Air : Tout Ce Que Vous Devez Savoir<\/a><ul class='ez-toc-list-level-2' ><li class='ez-toc-heading-level-2'><a class=\"ez-toc-link ez-toc-heading-2\" href=\"https:\/\/le-communique.fr\/de\/duree-de-vie-du-macbook-air-facteurs-cles-pour-optimiser-sa-longevite\/#Les_Facteurs_Determinants_de_la_Duree_de_Vie_du_MacBook_Air\" >Les Facteurs D\u00e9terminants de la Dur\u00e9e de Vie du MacBook Air<\/a><\/li><li class='ez-toc-page-1 ez-toc-heading-level-2'><a class=\"ez-toc-link ez-toc-heading-3\" href=\"https:\/\/le-communique.fr\/de\/duree-de-vie-du-macbook-air-facteurs-cles-pour-optimiser-sa-longevite\/#Estimation_Precise_de_la_Duree_de_Vie_du_MacBook_Air\" >Estimation Pr\u00e9cise de la Dur\u00e9e de Vie du MacBook Air<\/a><\/li><li class='ez-toc-page-1 ez-toc-heading-level-2'><a class=\"ez-toc-link ez-toc-heading-4\" href=\"https:\/\/le-communique.fr\/de\/duree-de-vie-du-macbook-air-facteurs-cles-pour-optimiser-sa-longevite\/#Optimiser_la_Duree_de_Vie_de_la_Batterie_du_MacBook_Air\" >Optimiser la Dur\u00e9e de Vie de la Batterie du MacBook Air<\/a><\/li><li class='ez-toc-page-1 ez-toc-heading-level-2'><a class=\"ez-toc-link ez-toc-heading-5\" href=\"https:\/\/le-communique.fr\/de\/duree-de-vie-du-macbook-air-facteurs-cles-pour-optimiser-sa-longevite\/#Entretien_et_Maintenance_Professionnels_du_MacBook_Air\" >Entretien et Maintenance Professionnels du MacBook Air<\/a><\/li><li class='ez-toc-page-1 ez-toc-heading-level-2'><a class=\"ez-toc-link ez-toc-heading-6\" href=\"https:\/\/le-communique.fr\/de\/duree-de-vie-du-macbook-air-facteurs-cles-pour-optimiser-sa-longevite\/#Comparatif_avec_les_Autres_Modeles_de_MacBook_et_Alternatives_PC\" >Comparatif avec les Autres Mod\u00e8les de MacBook et Alternatives PC<\/a><\/li><li class='ez-toc-page-1 ez-toc-heading-level-2'><a class=\"ez-toc-link ez-toc-heading-7\" href=\"https:\/\/le-communique.fr\/de\/duree-de-vie-du-macbook-air-facteurs-cles-pour-optimiser-sa-longevite\/#Experiences_Utilisateurs_et_Temoignages_Concrets\" >Exp\u00e9riences Utilisateurs et T\u00e9moignages Concrets<\/a><\/li><li class='ez-toc-page-1 ez-toc-heading-level-2'><a class=\"ez-toc-link ez-toc-heading-8\" href=\"https:\/\/le-communique.fr\/de\/duree-de-vie-du-macbook-air-facteurs-cles-pour-optimiser-sa-longevite\/#Conseils_Experts_pour_Maximiser_la_Longevite_dun_MacBook_Air\" >Conseils Experts pour Maximiser la Long\u00e9vit\u00e9 d\u2019un MacBook Air<\/a><\/li><li class='ez-toc-page-1 ez-toc-heading-level-2'><a class=\"ez-toc-link ez-toc-heading-9\" href=\"https:\/\/le-communique.fr\/de\/duree-de-vie-du-macbook-air-facteurs-cles-pour-optimiser-sa-longevite\/#Comparatif_de_la_Duree_de_Vie_et_Cout_sur_10_Ans\" >Comparatif de la Dur\u00e9e de Vie et Co\u00fbt sur 10 Ans<\/a><\/li><li class='ez-toc-page-1 ez-toc-heading-level-2'><a class=\"ez-toc-link ez-toc-heading-10\" href=\"https:\/\/le-communique.fr\/de\/duree-de-vie-du-macbook-air-facteurs-cles-pour-optimiser-sa-longevite\/#Particularites_Regionales_Duree_de_Vie_selon_les_Marches_dEurope_et_des_Etats-Unis\" >Particularit\u00e9s R\u00e9gionales : Dur\u00e9e de Vie selon les March\u00e9s d&rsquo;Europe et des \u00c9tats-Unis<\/a><\/li><li class='ez-toc-page-1 ez-toc-heading-level-2'><a class=\"ez-toc-link ez-toc-heading-11\" href=\"https:\/\/le-communique.fr\/de\/duree-de-vie-du-macbook-air-facteurs-cles-pour-optimiser-sa-longevite\/#Analyse_Prospective_Quelle_Duree_de_Vie_pour_les_Prochaines_Generations\" >Analyse Prospective : Quelle Dur\u00e9e de Vie pour les Prochaines G\u00e9n\u00e9rations ?<\/a><\/li><li class='ez-toc-page-1 ez-toc-heading-level-2'><a class=\"ez-toc-link ez-toc-heading-12\" href=\"https:\/\/le-communique.fr\/de\/duree-de-vie-du-macbook-air-facteurs-cles-pour-optimiser-sa-longevite\/#Incidences_economiques_et_ecologiques_de_la_longevite\" >Incidences \u00e9conomiques et \u00e9cologiques de la long\u00e9vit\u00e9<\/a><\/li><li class='ez-toc-page-1 ez-toc-heading-level-2'><a class=\"ez-toc-link ez-toc-heading-13\" href=\"https:\/\/le-communique.fr\/de\/duree-de-vie-du-macbook-air-facteurs-cles-pour-optimiser-sa-longevite\/#Conclusion_Maximiser_la_Duree_de_Vie_de_Votre_MacBook_Air\" >Conclusion : Maximiser la Dur\u00e9e de Vie de Votre MacBook Air<\/a><\/li><\/ul><\/li><\/ul><\/nav><\/div>\n<h1><span class=\"ez-toc-section\" id=\"Duree_de_Vie_MacBook_Air_Tout_Ce_Que_Vous_Devez_Savoir\"><\/span>Dur\u00e9e de Vie MacBook Air : Tout Ce Que Vous Devez Savoir<span class=\"ez-toc-section-end\"><\/span><\/h1>\n<h2><span class=\"ez-toc-section\" id=\"Les_Facteurs_Determinants_de_la_Duree_de_Vie_du_MacBook_Air\"><\/span>Les Facteurs D\u00e9terminants de la Dur\u00e9e de Vie du MacBook Air<span class=\"ez-toc-section-end\"><\/span><\/h2>\n<p>Plusieurs param\u00e8tres influent directement sur la <u>dur\u00e9e de vie effective<\/u> du <strong>MacBook Air<\/strong>. La conception technique, la philosophie commerciale de <strong>Apple Inc.<\/strong>, et l\u2019\u00e9volution des besoins utilisateurs sont autant d\u2019\u00e9l\u00e9ments qui modulent la performance sur le long terme.<\/p>\n<ul>\n<li>La <strong>qualit\u00e9 des composants \u00e9lectroniques<\/strong> d\u00e9termine la solidit\u00e9 intrins\u00e8que du MacBook Air. Les versions r\u00e9centes, munies des <strong>puces Apple Silicon M1, M2 et M4<\/strong> (architecture ARM, introduite en 2020), se distinguent par une <u>efficacit\u00e9 \u00e9nerg\u00e9tique sup\u00e9rieure<\/u>, renfor\u00e7ant la r\u00e9sistance des circuits \u00e0 l&rsquo;usure thermique et m\u00e9canique.<\/li>\n<li>L\u2019<strong>intensit\u00e9 d\u2019utilisation<\/strong> a un impact significatif. Utilisateurs intensifs \u2013 tels que les m\u00e9tiers du design ou du d\u00e9veloppement logiciel \u2013 constatent g\u00e9n\u00e9ralement une usure acc\u00e9l\u00e9r\u00e9e du <strong>CPU<\/strong> et des modules de m\u00e9moire (<strong>RAM, SSD NVMe<\/strong>), surtout lors de traitements graphiques ou multit\u00e2ches fr\u00e9quents.<\/li>\n<li>Les <strong>conditions environnementales<\/strong>, notamment les variations de temp\u00e9rature (exposition \u00e0 plus de <u>35?C ou moins de 5?C<\/u>), la poussi\u00e8re et l&rsquo;humidit\u00e9, engendrent des d\u00e9gradations pr\u00e9matur\u00e9es des composants internes, en particulier les circuits imprim\u00e9s et la batterie lithium-polym\u00e8re.<\/li>\n<li><strong>Apple Inc.<\/strong> assure en moyenne <u>5 \u00e0 7 ans de mises \u00e0 jour syst\u00e8mes<\/u> pour ses MacBook, incluant les patchs de s\u00e9curit\u00e9 et les \u00e9volutions majeures de <strong>macOS<\/strong>. Les mod\u00e8les les plus r\u00e9cents b\u00e9n\u00e9ficient donc d\u2019une pertinence logicielle \u00e9tendue.<\/li>\n<li>L&rsquo;absence de syst\u00e8me de ventilation m\u00e9canique sur les s\u00e9ries <strong>M1, M2 et M4<\/strong> \u00e9limine de nombreux risques de panne conventionnelle, puisque ventilateur et dissipateur thermique comptent parmi les pi\u00e8ces les plus sollicit\u00e9es sur les ordinateurs portables traditionnels.<\/li>\n<\/ul>\n<p>Tous ces param\u00e8tres contribuent \u00e0 une long\u00e9vit\u00e9 sup\u00e9rieure, positionnant le <strong>MacBook Air<\/strong> comme un outil durable, adapt\u00e9 aussi bien \u00e0 une utilisation nomade qu\u2019\u00e0 des profils plus s\u00e9dentaires ou professionnels.<\/p>\n<h2><span class=\"ez-toc-section\" id=\"Estimation_Precise_de_la_Duree_de_Vie_du_MacBook_Air\"><\/span>Estimation Pr\u00e9cise de la Dur\u00e9e de Vie du MacBook Air<span class=\"ez-toc-section-end\"><\/span><\/h2>\n<p>La dur\u00e9e de vie constat\u00e9e d\u2019un <strong>MacBook Air<\/strong> repose non seulement sur la r\u00e9sistance physique des composants, mais surtout sur la long\u00e9vit\u00e9 des pi\u00e8ces critiques, telles que la batterie et le stockage. Les chiffres issus d\u2019\u00e9tudes r\u00e9centes d&rsquo;<strong>Apple Inc.<\/strong> et de plateformes sp\u00e9cialis\u00e9es comme <strong>Bestinmac<\/strong> ou <strong>TechPower.fr<\/strong> permettent de situer le cycle de vie moyen avec pr\u00e9cision :<\/p>\n<ul>\n<li>La <u>long\u00e9vit\u00e9 globale<\/u> du <strong>MacBook Air<\/strong> se situe entre <strong>7 et 10 ans<\/strong> en usage standard, ce qui repr\u00e9sente <u>l\u2019une des meilleures dur\u00e9es de vie du march\u00e9 PC portable<\/u>.<\/li>\n<li>La batterie lithium-polym\u00e8re int\u00e9gr\u00e9e a une esp\u00e9rance de vie d\u2019environ <strong>1000 cycles de charge complets<\/strong>, soit <strong>2 \u00e0 5 ans<\/strong> pour une utilisation quotidienne (<strong>MacBook Air Fin 2010-2022<\/strong>, <strong>chiffre d\u2019Apple Inc.<\/strong>).<\/li>\n<li>Le <strong>MacBook Air M4 (2025)<\/strong>, test\u00e9 lors du <strong>CES 2025 de Las Vegas<\/strong>, affiche une autonomie v\u00e9rifi\u00e9e de <u>pr\u00e8s de 14 heures en vid\u00e9o streaming<\/u>, illustrant les avanc\u00e9es des puces Apple Silicon.<\/li>\n<li>Le support logiciel assure <u>jusqu\u2019\u00e0 7 ans de mises \u00e0 jour majeures<\/u> pour les appareils commercialis\u00e9s apr\u00e8s <strong>2017<\/strong>.<\/li>\n<\/ul>\n<p>La majorit\u00e9 des utilisateurs, selon des enqu\u00eates sectorielles conduites par <strong>Gartner<\/strong>, conservent leur MacBook Air au moins <u>8 ann\u00e9es avant d\u2019envisager un remplacement<\/u>, contre une moyenne de <strong>5 ans<\/strong> pour les PC portables du march\u00e9 g\u00e9n\u00e9raliste.<\/p>\n<h2><span class=\"ez-toc-section\" id=\"Optimiser_la_Duree_de_Vie_de_la_Batterie_du_MacBook_Air\"><\/span>Optimiser la Dur\u00e9e de Vie de la Batterie du MacBook Air<span class=\"ez-toc-section-end\"><\/span><\/h2>\n<p>La batterie repr\u00e9sente le premier facteur de limitation de la long\u00e9vit\u00e9 r\u00e9elle. Sa gestion efficace devient capitale, et plusieurs conseils cibl\u00e9s permettent d\u2019accro\u00eetre sa dur\u00e9e d\u2019usage :<\/p>\n<ul>\n<li>Adopter des <strong>cycles de recharge partiels<\/strong>, soit maintenir la charge entre <u>20% et 80%<\/u>, ralentit l\u2019usure chimique des cellules et prolonge l\u2019esp\u00e9rance de vie des batteries lithium-ion.<\/li>\n<li>Employer un <strong>chargeur Apple officiel<\/strong> ou un mod\u00e8le certifi\u00e9 par la <strong>Consumer Technology Association<\/strong> garantit la conformit\u00e9 aux normes de tension et l\u2019absence de surchauffe anormale.<\/li>\n<li>Stocker et utiliser l\u2019appareil dans un environnement temp\u00e9r\u00e9 (<u>15?C \u00e0 25?C<\/u>) r\u00e9duit la d\u00e9t\u00e9rioration interne des composants, conform\u00e9ment aux recommandations d&rsquo;<strong>Apple Inc.<\/strong> et des sp\u00e9cialistes en hardware.<\/li>\n<li>Surveiller la <strong>sant\u00e9 de la batterie<\/strong> via le menu  \u00c9tat de la batterie ? dans <strong>macOS<\/strong>, ou via des applications sp\u00e9cialis\u00e9es comme <strong>CoconutBattery<\/strong>, permet d\u2019anticiper les besoins de remplacement.<\/li>\n<li>\u00c9viter de laisser le <strong>MacBook Air<\/strong> branch\u00e9 de fa\u00e7on continue une fois la charge compl\u00e8te atteinte, afin de limiter le stress \u00e9lectrique sur les cellules (principe de conservation de la charge maximale recommand\u00e9 par <strong>Battery University<\/strong>).<\/li>\n<\/ul>\n<p>Nous observons que la gestion proactive et l\u2019entretien de la batterie influent durablement sur la qualit\u00e9 d\u2019utilisation, la long\u00e9vit\u00e9 et la valeur de revente de chaque mod\u00e8le <strong>MacBook Air<\/strong>.<\/p>\n<h2><span class=\"ez-toc-section\" id=\"Entretien_et_Maintenance_Professionnels_du_MacBook_Air\"><\/span>Entretien et Maintenance Professionnels du MacBook Air<span class=\"ez-toc-section-end\"><\/span><\/h2>\n<p>Pr\u00e9server la <u>fiabilit\u00e9 technique<\/u> et la qualit\u00e9 d\u2019utilisation du <strong>MacBook Air<\/strong> n\u00e9cessite un ensemble de pratiques recommand\u00e9es par les experts d&rsquo;<strong>Apple Inc.<\/strong> et les plateformes de reconditionnement sp\u00e9cialis\u00e9es :<\/p>\n<ul>\n<li>Effectuer un <strong>nettoyage r\u00e9gulier<\/strong> du clavier et de l\u2019\u00e9cran avec des solutions adapt\u00e9es, telles que les lingettes microfibres antistatiques ou les sprays isopropyle, pr\u00e9vient l\u2019accumulation de poussi\u00e8re et r\u00e9duit le risque de corrosion des circuits.<\/li>\n<li>G\u00e9rer le <strong>stockage SSD<\/strong> en d\u00e9sinstallant syst\u00e9matiquement les applications non utilis\u00e9es et en supprimant les fichiers inutiles, ce qui optimise la performance du disque et limite la fragmentation.<\/li>\n<li>Installer chaque <strong>mise \u00e0 jour logicielle macOS<\/strong>, d\u00e8s publication officielle (<u>fr\u00e9quence observ\u00e9e : une \u00e0 deux mises \u00e0 jour majeures par an depuis 2019<\/u>), assure un environnement s\u00e9curis\u00e9 et performant.<\/li>\n<li>Ne pas ouvrir le ch\u00e2ssis, sauf intervention d\u2019un technicien certifi\u00e9 <strong>Apple Authorized Service Provider<\/strong>, car la manipulation des cartes \u00e9lectroniques sur les mod\u00e8les M1\/M2\/M4 risque d\u2019entra\u00eener une perte d\u2019\u00e9tanch\u00e9it\u00e9 et un endommagement irr\u00e9versible.<\/li>\n<\/ul>\n<p>Les <strong>bonnes pratiques de maintenance<\/strong> favorisent le maintien des performances sur le long terme, tout en \u00e9vitant les co\u00fbts impr\u00e9vus en r\u00e9paration ou remplacement de pi\u00e8ces.<\/p>\n<h2><span class=\"ez-toc-section\" id=\"Comparatif_avec_les_Autres_Modeles_de_MacBook_et_Alternatives_PC\"><\/span>Comparatif avec les Autres Mod\u00e8les de MacBook et Alternatives PC<span class=\"ez-toc-section-end\"><\/span><\/h2>\n<p>Il s\u2019av\u00e8re pertinent d\u2019analyser la <u>dur\u00e9e de vie du MacBook Air<\/u> par rapport \u00e0 celle des autres produits phares de <strong>Apple Inc.<\/strong>, notamment le <strong>MacBook Pro<\/strong>, et vis-\u00e0-vis des concurrents majeurs tels que <strong>Dell Technologies<\/strong>, <strong>Lenovo Group<\/strong> ou <strong>AsusTek Computer Inc.<\/strong>.<\/p>\n<ul>\n<li>Le <strong>MacBook Pro<\/strong> int\u00e8gre des composants haut de gamme, dont le refroidissement actif par ventilateur ou chambre \u00e0 vapeur (<u>technologie de dissipation thermique avanc\u00e9e<\/u>), optimisant la r\u00e9sistance \u00e0 l\u2019usage intensif, particuli\u00e8rement sur les versions <strong>Pro M1\/M2\/M3<\/strong>.\n  <\/li>\n<li>Le <strong>MacBook Air<\/strong>, quant \u00e0 lui, privil\u00e9gie la portabilit\u00e9 supr\u00eame et l\u2019autonomie record, illustr\u00e9e par des cas concrets : en <strong>mars 2025<\/strong>, l\u2019autonomie du <strong>MacBook Air M4<\/strong> lors d\u2019un usage vid\u00e9o d\u00e9passe celle des principaux concurrents (<strong>Lenovo Yoga Slim 7i Aura Edition, Asus ZenBook A14<\/strong>), tout en conservant une batterie de moindre capacit\u00e9 (53,8 Wh contre 70 Wh).<\/li>\n<li>La gestion des mises \u00e0 jour syst\u00e8me macOS reste homog\u00e8ne : <u>5 \u00e0 7 ans de support<\/u> pour toutes les gammes, bien que le <strong>MacBook Pro<\/strong> conserve certaines fonctions avanc\u00e9es, telles que le GPU d\u00e9di\u00e9, optimis\u00e9 pour les environnements professionnels ou cr\u00e9atifs (design 3D, montage vid\u00e9o, rendu AI).<\/li>\n<\/ul>\n<p>Au vu de la robustesse, de l\u2019autonomie et de la facilit\u00e9 de transport, nous estimons que le <strong>MacBook Air<\/strong> r\u00e9pond aux besoins de la majorit\u00e9 des professionnels nomades et \u00e9tudiants exigeants, tandis que le <strong>Pro<\/strong> s\u2019adresse aux profils ultra-intensifs et cr\u00e9atifs multi-t\u00e2ches.<\/p>\n<h2><span class=\"ez-toc-section\" id=\"Experiences_Utilisateurs_et_Temoignages_Concrets\"><\/span>Exp\u00e9riences Utilisateurs et T\u00e9moignages Concrets<span class=\"ez-toc-section-end\"><\/span><\/h2>\n<p>Les retours du terrain apportent un \u00e9clairage pragmatique sur la <u>dur\u00e9e de vie r\u00e9elle<\/u> et la flexibilit\u00e9 du <strong>MacBook Air<\/strong>. Plusieurs cas document\u00e9s d\u00e9montrent la robustesse de cette gamme :<\/p>\n<ul>\n<li> Mon <strong>MacBook Air A1466 (mod\u00e8le 2013)<\/strong> fonctionne parfaitement apr\u00e8s <u>9 ans<\/u>. J\u2019ai uniquement remplac\u00e9 la batterie en <strong>2021<\/strong>, le SSD d\u2019origine reste performant ? \u2014 <i>Professeur de biologie \u00e0 l\u2019Universit\u00e9 de Lyon<\/i>.<\/li>\n<li> J\u2019utilise le <strong>MacBook Air M1<\/strong> en mobilit\u00e9 depuis <u>2021<\/u> pour des missions de conseil IT : autonomie record, aucun ralentissement, exp\u00e9rience toujours fluide ? \u2014 <i>Paul Laurens, consultant IT<\/i>.<\/li>\n<li> Le choix d\u2019un entretien rigoureux \u2013 nettoyage mensuel, mises \u00e0 jour imm\u00e9diates \u2013 m\u2019a permis de garder un <strong>MacBook Air<\/strong> performant, malgr\u00e9 un usage graphique intensif depuis <u>2017<\/u> ? \u2014 <i>Amandine Roux, Designer graphique ind\u00e9pendante<\/i>.<\/li>\n<\/ul>\n<p>L\u2019analyse des forums sp\u00e9cialis\u00e9s et des sites d\u2019avis certifi\u00e9s (<strong>Trustpilot, MacGeneration, TechPower.fr<\/strong>) r\u00e9v\u00e8le que l\u2019entretien, la gestion de la batterie et le choix du mod\u00e8le constituent les leviers majeurs d\u2019une long\u00e9vit\u00e9 \u00e9tendue, bien plus que l\u2019ann\u00e9e de fabrication elle-m\u00eame.<\/p>\n<h2><span class=\"ez-toc-section\" id=\"Conseils_Experts_pour_Maximiser_la_Longevite_dun_MacBook_Air\"><\/span>Conseils Experts pour Maximiser la Long\u00e9vit\u00e9 d\u2019un MacBook Air<span class=\"ez-toc-section-end\"><\/span><\/h2>\n<p>Pour garantir le meilleur retour sur investissement et pr\u00e9server les performances du <strong>MacBook Air<\/strong>, voici une synth\u00e8se des recommandations issues d\u2019\u00e9tudes, de retours clients et d\u2019experts de la maintenance informatique?:<\/p>\n<ul>\n<li>Opter pour des accessoires certifi\u00e9s, dont le <strong>chargeur USB-C Apple 30W<\/strong>, le <strong>hub Thunderbolt officiel<\/strong> et les housses anti-choc test\u00e9es lors du <strong>IFA Berlin 2024<\/strong>.<\/li>\n<li>Installer le logiciel <strong>CoconutBattery<\/strong> ou v\u00e9rifier l\u2019\u00e9tat de la batterie via la fonction native de <strong>macOS Sonoma (version 14.0, d\u00e9ploy\u00e9e en octobre 2024)<\/strong> pour suivre l\u2019\u00e9volution des cycles.<\/li>\n<li>Nettoyer r\u00e9guli\u00e8rement les ports USB-C et MagSafe avec des brosses antistatiques, r\u00e9duisant le risque d\u2019oxydation et assurant la stabilit\u00e9 de la charge.<\/li>\n<li>Planifier le remplacement de la batterie \u00e0 partir de <u>900 cycles<\/u>, avant la perte notable d\u2019autonomie (<strong>co\u00fbt moyen d\u00e9tect\u00e9 : 120\u20ac \u00e0 180\u20ac selon Apple Store ou centre agr\u00e9\u00e9<\/strong>).<\/li>\n<\/ul>\n<p>La mise en pratique de ces conseils optimise les co\u00fbts, limite les risques de panne, et accro\u00eet la dur\u00e9e de vie effective de votre appareil.<\/p>\n<h2><span class=\"ez-toc-section\" id=\"Comparatif_de_la_Duree_de_Vie_et_Cout_sur_10_Ans\"><\/span>Comparatif de la Dur\u00e9e de Vie et Co\u00fbt sur 10 Ans<span class=\"ez-toc-section-end\"><\/span><\/h2>\n<p>Penchons-nous sur une comparaison chiffr\u00e9e entre les principaux mod\u00e8les Apple et les concurrents du march\u00e9. \u00c9tude technique men\u00e9e par <strong>Gartner<\/strong> en <strong>2023<\/strong>, rapport\u00e9e par <strong>Business Insider<\/strong> :<\/p>\n<table border=\"1\" cellpadding=\"4\">\n<tr>\n<th><strong>Mod\u00e8le<\/strong><\/th>\n<th><strong>Long\u00e9vit\u00e9 moyenne (ann\u00e9es)<\/strong><\/th>\n<th><strong>Cycles batterie<\/strong><\/th>\n<th><strong>Garantie constructeur<\/strong><\/th>\n<th><strong>Co\u00fbt de remplacement batterie<\/strong><\/th>\n<\/tr>\n<tr>\n<td>MacBook Air M1\/M2\/M4<\/td>\n<td><u>7 \u00e0 10<\/u><\/td>\n<td><u>1000<\/u><\/td>\n<td>2 ans<\/td>\n<td>120\u20ac \u00e0 180\u20ac (Apple Store, 2025)<\/td>\n<\/tr>\n<tr>\n<td>MacBook Pro M2\/M3<\/td>\n<td><u>8 \u00e0 12<\/u><\/td>\n<td><u>1000<\/u><\/td>\n<td>2 ans<\/td>\n<td>160\u20ac \u00e0 250\u20ac<\/td>\n<\/tr>\n<tr>\n<td>Lenovo Yoga Slim 7i Aura<\/td>\n<td>6 \u00e0 8<\/td>\n<td>900<\/td>\n<td>1 an<\/td>\n<td>170\u20ac \u00e0 220\u20ac<\/td>\n<\/tr>\n<tr>\n<td>Asus ZenBook A14<\/td>\n<td>5 \u00e0 7<\/td>\n<td>800<\/td>\n<td>1 an<\/td>\n<td>140\u20ac \u00e0 190\u20ac<\/td>\n<\/tr>\n<\/table>\n<p>\nNous remarquons que le <strong>MacBook Air<\/strong> se d\u00e9marque nettement en durabilit\u00e9 globale, m\u00eame s\u2019il affiche un co\u00fbt initial sup\u00e9rieur (prix moyen en <strong>2025<\/strong>?: <u>1199\u20ac pour le MacBook Air M2, 1329\u20ac pour le M4<\/u>). Les appareils concurrents, bien qu\u2019\u00e9conomiquement avantageux \u00e0 l\u2019achat, pr\u00e9sentent une obsolescence mat\u00e9rielle et logicielle plus rapide en moyenne.\n<\/p>\n<h2><span class=\"ez-toc-section\" id=\"Particularites_Regionales_Duree_de_Vie_selon_les_Marches_dEurope_et_des_Etats-Unis\"><\/span>Particularit\u00e9s R\u00e9gionales : Dur\u00e9e de Vie selon les March\u00e9s d&rsquo;Europe et des \u00c9tats-Unis<span class=\"ez-toc-section-end\"><\/span><\/h2>\n<p>L\u2019usage et la r\u00e9sistance du <strong>MacBook Air<\/strong> varient selon les march\u00e9s, impact\u00e9s par la fr\u00e9quence des mises \u00e0 jour, le climat et le r\u00e9seau des centres de service agr\u00e9\u00e9s.<\/p>\n<ul>\n<li><strong>France<\/strong>, <strong>Allemagne<\/strong>, <strong>Italie<\/strong> : le climat temp\u00e9r\u00e9 et le maillage dense de <strong>Apple Authorized Service Provider<\/strong> garantissent une prise en charge optimis\u00e9e (d\u00e9lai moyen de r\u00e9paration <u>inf\u00e9rieur \u00e0 48h<\/u> sur la r\u00e9gion parisienne en <strong>2024<\/strong>).<\/li>\n<li><strong>\u00c9tats-Unis<\/strong> : le support technique Apple, reconnu pour sa rapidit\u00e9 (lancement du <strong>Apple Self Service Repair program<\/strong> en <u>avril 2024<\/u>), favorise une long\u00e9vit\u00e9 accrue, notamment sur la c\u00f4te Ouest (<u>Californie, Oregon<\/u>).<\/li>\n<li><strong>Su\u00e8de<\/strong>, <strong>Finlande<\/strong> : l\u2019usage intensif dans les milieux scolaires, propuls\u00e9 par les politiques d\u2019informatisation (<strong>programme \u00ab\u00a01 \u00e9l\u00e8ve, 1 MacBook\u00a0\u00bb initi\u00e9 en <u>2022<\/u><\/strong>), met en lumi\u00e8re la robustesse du ch\u00e2ssis et des claviers.<\/li>\n<\/ul>\n<p>Nous observons que le contexte g\u00e9ographique influe sur la long\u00e9vit\u00e9 effective, notamment gr\u00e2ce \u00e0 une logistique de maintenance efficace et \u00e0 des temp\u00e9ratures mod\u00e9r\u00e9es propices \u00e0 une meilleure conservation \u00e9lectronique.<\/p>\n<h2><span class=\"ez-toc-section\" id=\"Analyse_Prospective_Quelle_Duree_de_Vie_pour_les_Prochaines_Generations\"><\/span>Analyse Prospective : Quelle Dur\u00e9e de Vie pour les Prochaines G\u00e9n\u00e9rations ?<span class=\"ez-toc-section-end\"><\/span><\/h2>\n<p>\u00c0 l\u2019heure o\u00f9 <strong>Apple Inc.<\/strong> propose de nouvelles avanc\u00e9es hardware avec les puces <strong>M4<\/strong> et s\u2019oriente vers une optimisation \u00e9nerg\u00e9tique accrue, la dur\u00e9e de vie des futurs <strong>MacBook Air<\/strong> promet d\u2019atteindre, voire de d\u00e9passer, les <u>10 ans<\/u> th\u00e9oriques. Plusieurs \u00e9l\u00e9ments prospectifs confirment cette tendance?:<\/p>\n<ul>\n<li>La miniaturisation des transistors (<strong>technologie 3 nm TSMC utilis\u00e9e d\u00e8s la g\u00e9n\u00e9ration M3<\/strong>) garantit un rendement \u00e9nerg\u00e9tique sup\u00e9rieur et une dissipation thermique r\u00e9duite, minimisant les risques d\u2019usure pr\u00e9coce.<\/li>\n<li>L\u2019int\u00e9gration native de <strong>AI Core<\/strong> dans les puces M4 permet une gestion intelligente de l\u2019alimentation et des ressources syst\u00e8me, optimisant l\u2019usage des cycles batterie dans des environnements multit\u00e2ches.<\/li>\n<li>La convergence entre <strong>macOS<\/strong>, <strong>iOS<\/strong> et <strong>iPadOS<\/strong> via le projet <strong>Apple Universal Control<\/strong> (d\u00e9ploy\u00e9 lors de la <strong>WWDC 2024<\/strong>) facilite les mises \u00e0 jour, \u00e9tend leur dur\u00e9e de pertinence, et limite l\u2019obsolescence logicielle.<\/li>\n<\/ul>\n<p>Nous pouvons donc anticiper une \u00e9volution vers des MacBook Air  durables ??: maintenance simplifi\u00e9e, mat\u00e9riaux recycl\u00e9s (<strong>aluminium 100% recycl\u00e9<\/strong> d\u00e8s les mod\u00e8les 2022), et support logiciel potentiellement prolong\u00e9 \u00e0 <u>8 ou 9 ans<\/u> pour les gammes 2025-2027.<\/p>\n<h2><span class=\"ez-toc-section\" id=\"Incidences_economiques_et_ecologiques_de_la_longevite\"><\/span>Incidences \u00e9conomiques et \u00e9cologiques de la long\u00e9vit\u00e9<span class=\"ez-toc-section-end\"><\/span><\/h2>\n<p>L\u2019allongement de la <u>dur\u00e9e de vie du MacBook Air<\/u> a des cons\u00e9quences concr\u00e8tes sur le march\u00e9 de l\u2019informatique personnelle, ainsi que sur l\u2019environnement. Nous constatons :<\/p>\n<ul>\n<li>Une <strong>valeur de revente sup\u00e9rieure \u00e0 la moyenne<\/strong>?: les <strong>MacBook Air<\/strong> reconditionn\u00e9s, dot\u00e9s de puces Apple Silicon, affichent des prix de reprise jusqu\u2019\u00e0 <u>70% de la valeur d\u2019achat au bout de 5 ans<\/u> sur des places de march\u00e9 officielles (<strong>BackMarket, TechPower.fr<\/strong>).<\/li>\n<li>La durabilit\u00e9 accrue r\u00e9duit le volume des d\u00e9chets \u00e9lectroniques : selon une \u00e9tude <strong>Greenpeace<\/strong> men\u00e9e en <strong>2023<\/strong>, un <strong>MacBook Air<\/strong> utilis\u00e9 sur <u>10 ans g\u00e9n\u00e8re 40% moins de d\u00e9chets<\/u> qu\u2019un PC Windows \u00e9quivalent renouvel\u00e9 tous les 4 \u00e0 5 ans.<\/li>\n<li>Les programmes ?trade-in?? propos\u00e9s lors des \u00e9v\u00e9nements <strong>Apple Special Event<\/strong> (<u>septembre 2024<\/u>) encouragent la r\u00e9paration plut\u00f4t que le remplacement, acc\u00e9l\u00e9rant la baisse du taux de renouvellement au niveau mondial.<\/li>\n<\/ul>\n<p>Nous valorisons cette trajectoire favorable, qui combine confort \u00e9conomique et r\u00e9duction de l&#8217;empreinte environnementale, contribuant \u00e0 une informatique plus responsable.<\/p>\n<h2><span class=\"ez-toc-section\" id=\"Conclusion_Maximiser_la_Duree_de_Vie_de_Votre_MacBook_Air\"><\/span>Conclusion : Maximiser la Dur\u00e9e de Vie de Votre MacBook Air<span class=\"ez-toc-section-end\"><\/span><\/h2>\n<p>L\u2019exp\u00e9rience et l\u2019analyse technique montrent que le <strong>MacBook Air<\/strong> conserve sa pertinence et ses performances, souvent <u>7 \u00e0 10 ans<\/u>, lorsque les r\u00e8gles d\u2019entretien et de gestion \u00e9nerg\u00e9tique sont suivies. Notre avis est clair?: cet appareil incarne une synth\u00e8se rare entre portabilit\u00e9, robustesse, autonomie et \u00e9volutivit\u00e9 logicielle. Nous recommandons vivement d\u2019adopter les bonnes pratiques list\u00e9es \u2014 nettoyage, optimisation des cycles batterie, mises \u00e0 jour r\u00e9guli\u00e8res \u2014 et d\u2019anticiper le remplacement des pi\u00e8ces strat\u00e9giques pour prolonger la long\u00e9vit\u00e9 r\u00e9elle <em>bien au-del\u00e0 des standards du secteur<\/em>. Vos t\u00e9moignages et avis enrichissent la connaissance commune?: partagez-les en commentaires et restez inform\u00e9s des nouveaut\u00e9s Apple gr\u00e2ce \u00e0 notre newsletter sp\u00e9cialis\u00e9e.<\/p>","protected":false},"excerpt":{"rendered":"<p>Dur\u00e9e de Vie MacBook Air : Tout Ce Que Vous Devez Savoir Les Facteurs D\u00e9terminants &#8230; <\/p>\n<p class=\"read-more-container\"><a title=\"Dur\u00e9e de vie du MacBook Air : facteurs cl\u00e9s pour optimiser sa long\u00e9vit\u00e9\" class=\"read-more button\" href=\"https:\/\/le-communique.fr\/de\/duree-de-vie-du-macbook-air-facteurs-cles-pour-optimiser-sa-longevite\/#more-12994\" aria-label=\"Mehr Informationen \u00fcber Dur\u00e9e de vie du MacBook Air : facteurs cl\u00e9s pour optimiser sa long\u00e9vit\u00e9\">Read More<\/a><\/p>","protected":false},"author":1,"featured_media":12996,"comment_status":"open","ping_status":"open","sticky":false,"template":"","format":"standard","meta":{"footnotes":""},"categories":[1626],"tags":[3673,3674,3579],"class_list":["post-12994","post","type-post","status-publish","format-standard","has-post-thumbnail","hentry","category-technologie","tag-batterie-macbook","tag-entretien","tag-optimisation","infinite-scroll-item","generate-columns","tablet-grid-50","mobile-grid-100","grid-parent","grid-25","no-featured-image-padding"],"_links":{"self":[{"href":"https:\/\/le-communique.fr\/de\/wp-json\/wp\/v2\/posts\/12994","targetHints":{"allow":["GET"]}}],"collection":[{"href":"https:\/\/le-communique.fr\/de\/wp-json\/wp\/v2\/posts"}],"about":[{"href":"https:\/\/le-communique.fr\/de\/wp-json\/wp\/v2\/types\/post"}],"author":[{"embeddable":true,"href":"https:\/\/le-communique.fr\/de\/wp-json\/wp\/v2\/users\/1"}],"replies":[{"embeddable":true,"href":"https:\/\/le-communique.fr\/de\/wp-json\/wp\/v2\/comments?post=12994"}],"version-history":[{"count":1,"href":"https:\/\/le-communique.fr\/de\/wp-json\/wp\/v2\/posts\/12994\/revisions"}],"predecessor-version":[{"id":13019,"href":"https:\/\/le-communique.fr\/de\/wp-json\/wp\/v2\/posts\/12994\/revisions\/13019"}],"wp:featuredmedia":[{"embeddable":true,"href":"https:\/\/le-communique.fr\/de\/wp-json\/wp\/v2\/media\/12996"}],"wp:attachment":[{"href":"https:\/\/le-communique.fr\/de\/wp-json\/wp\/v2\/media?parent=12994"}],"wp:term":[{"taxonomy":"category","embeddable":true,"href":"https:\/\/le-communique.fr\/de\/wp-json\/wp\/v2\/categories?post=12994"},{"taxonomy":"post_tag","embeddable":true,"href":"https:\/\/le-communique.fr\/de\/wp-json\/wp\/v2\/tags?post=12994"}],"curies":[{"name":"wp","href":"https:\/\/api.w.org\/{rel}","templated":true}]}}