{"id":12922,"date":"2025-07-15T10:40:53","date_gmt":"2025-07-15T08:40:53","guid":{"rendered":"https:\/\/le-communique.fr\/les-formations-incontournables-en-2025-qui-vont-transformer-votre-carriere-et-vous-donner-une-longueur-davance\/"},"modified":"2025-07-15T10:40:53","modified_gmt":"2025-07-15T08:40:53","slug":"les-formations-incontournables-en-2025-qui-vont-transformer-votre-carriere-et-vous-donner-une-longueur-davance","status":"publish","type":"post","link":"https:\/\/le-communique.fr\/de\/les-formations-incontournables-en-2025-qui-vont-transformer-votre-carriere-et-vous-donner-une-longueur-davance\/","title":{"rendered":"Les formations incontournables en 2025 qui vont transformer votre carri\u00e8re et vous donner une longueur d\u2019avance"},"content":{"rendered":"<div id=\"ez-toc-container\" class=\"ez-toc-v2_0_87 counter-hierarchy ez-toc-counter ez-toc-grey ez-toc-container-direction\">\n<div class=\"ez-toc-title-container\">\n<p class=\"ez-toc-title\" style=\"cursor:inherit\">Table of Contents<\/p>\n<span class=\"ez-toc-title-toggle\"><a href=\"#\" class=\"ez-toc-pull-right ez-toc-btn ez-toc-btn-xs ez-toc-btn-default ez-toc-toggle\" aria-label=\"Toggle Table of Content\"><span class=\"ez-toc-js-icon-con\"><span class=\"\"><span class=\"eztoc-hide\" style=\"display:none;\">Toggle<\/span><span class=\"ez-toc-icon-toggle-span\"><svg style=\"fill: #999;color:#999\" xmlns=\"http:\/\/www.w3.org\/2000\/svg\" class=\"list-377408\" width=\"20px\" height=\"20px\" viewbox=\"0 0 24 24\" fill=\"none\"><path d=\"M6 6H4v2h2V6zm14 0H8v2h12V6zM4 11h2v2H4v-2zm16 0H8v2h12v-2zM4 16h2v2H4v-2zm16 0H8v2h12v-2z\" fill=\"currentColor\"><\/path><\/svg><svg style=\"fill: #999;color:#999\" class=\"arrow-unsorted-368013\" xmlns=\"http:\/\/www.w3.org\/2000\/svg\" width=\"10px\" height=\"10px\" viewbox=\"0 0 24 24\" version=\"1.2\" baseprofile=\"tiny\"><path d=\"M18.2 9.3l-6.2-6.3-6.2 6.3c-.2.2-.3.4-.3.7s.1.5.3.7c.2.2.4.3.7.3h11c.3 0 .5-.1.7-.3.2-.2.3-.5.3-.7s-.1-.5-.3-.7zM5.8 14.7l6.2 6.3 6.2-6.3c.2-.2.3-.5.3-.7s-.1-.5-.3-.7c-.2-.2-.4-.3-.7-.3h-11c-.3 0-.5.1-.7.3-.2.2-.3.5-.3.7s.1.5.3.7z\"\/><\/svg><\/span><\/span><\/span><\/a><\/span><\/div>\n<nav><ul class='ez-toc-list ez-toc-list-level-1' ><li class='ez-toc-page-1 ez-toc-heading-level-1'><a class=\"ez-toc-link ez-toc-heading-1\" href=\"https:\/\/le-communique.fr\/de\/les-formations-incontournables-en-2025-qui-vont-transformer-votre-carriere-et-vous-donner-une-longueur-davance\/#Formations_incontournables_a_suivre_en_2025_pour_transformer_sa_carriere\" >Formations incontournables \u00e0 suivre en 2025 pour transformer sa carri\u00e8re<\/a><ul class='ez-toc-list-level-2' ><li class='ez-toc-heading-level-2'><a class=\"ez-toc-link ez-toc-heading-2\" href=\"https:\/\/le-communique.fr\/de\/les-formations-incontournables-en-2025-qui-vont-transformer-votre-carriere-et-vous-donner-une-longueur-davance\/#Tendances_fortes%E2%80%AF_pourquoi_la_formation_explose_en_France_en_2025\" >Tendances fortes\u202f: pourquoi la formation explose en France en 2025<\/a><\/li><li class='ez-toc-page-1 ez-toc-heading-level-2'><a class=\"ez-toc-link ez-toc-heading-3\" href=\"https:\/\/le-communique.fr\/de\/les-formations-incontournables-en-2025-qui-vont-transformer-votre-carriere-et-vous-donner-une-longueur-davance\/#Dominer_les_secteurs_porteurs%E2%80%AF_formations_en_sante_numerique_et_energies_renouvelables\" >Dominer les secteurs porteurs\u202f: formations en sant\u00e9, num\u00e9rique et \u00e9nergies renouvelables<\/a><\/li><\/ul><\/li><\/ul><\/nav><\/div>\n<h1><span class=\"ez-toc-section\" id=\"Formations_incontournables_a_suivre_en_2025_pour_transformer_sa_carriere\"><\/span>Formations incontournables \u00e0 suivre en 2025 pour transformer sa carri\u00e8re<span class=\"ez-toc-section-end\"><\/span><\/h1>\n<h2><span class=\"ez-toc-section\" id=\"Tendances_fortes%E2%80%AF_pourquoi_la_formation_explose_en_France_en_2025\"><\/span>Tendances fortes\u202f: pourquoi la formation explose en France en 2025<span class=\"ez-toc-section-end\"><\/span><\/h2>\n<p>L\u2019ann\u00e9e 2025 marque en France une bascule structurelle\u202f: <strong>plus de trois quarts des actifs<\/strong> (77\u202f%, selon l\u2019<strong>Institut 4.10<\/strong>) suivent une action de formation pour maintenir ou augmenter leur employabilit\u00e9. Le <strong>Compte Personnel de Formation (CPF)<\/strong>, coupl\u00e9 \u00e0 la mont\u00e9e des plateformes num\u00e9riques telles que <strong>OpenClassrooms<\/strong> \u2013 plateforme EdTech bas\u00e9e \u00e0 Paris \u2013 et <strong>My Mooc<\/strong>, facilite l\u2019acc\u00e8s \u00e0 des cursus qualifiants sur tout le territoire, des grandes m\u00e9tropoles comme <strong>Lyon<\/strong> et <strong>Lille<\/strong> jusqu\u2019aux zones rurales.<\/p>\n<p>Cette <u>dynamique de formation<\/u> trouve ses racines dans\u202f:<\/p>\n<ul>\n<li>La <strong>digitalisation acc\u00e9l\u00e9r\u00e9e des entreprises fran\u00e7aises<\/strong>, avec un besoin de formation en s\u00e9curit\u00e9 informatique particuli\u00e8rement marqu\u00e9 depuis <u>2023<\/u>.<\/li>\n<li>Les nouveaux imp\u00e9ratifs de <strong>transition environnementale<\/strong>, qui am\u00e8nent, sous l\u2019impulsion de la <strong>Commission Europ\u00e9enne<\/strong> et des objectifs du plan France 2030, \u00e0 une r\u00e9invention des comp\u00e9tences exig\u00e9es.<\/li>\n<li>La transformation profonde des aspirations professionnelles\u202f: <u>70\u202f% des actifs en 2025<\/u> selon <strong>Centre Inffo<\/strong>, souhaitent changer de trajectoire ou \u00e9voluer vers un nouvel emploi porteur de sens.<\/li>\n<li>L\u2019\u00e9mergence de secteurs dynamiques, tels que les <strong>m\u00e9tiers du num\u00e9rique<\/strong> et les <strong>\u00e9nergies renouvelables<\/strong>, dont le volume d\u2019offres d\u2019emploi cro\u00eet de <u>23\u202f% par an<\/u> depuis <u>2022<\/u>.<\/li>\n<\/ul>\n<p>\nNous sommes convaincus que la <strong>formation continue<\/strong> repr\u00e9sente le moyen le plus rapide d\u2019aligner vos comp\u00e9tences avec ces nouveaux besoins, dans un contexte o\u00f9 la flexibilit\u00e9 et l\u2019adaptabilit\u00e9 sont plus strat\u00e9giques que jamais.\n<\/p>\n<h2><span class=\"ez-toc-section\" id=\"Dominer_les_secteurs_porteurs%E2%80%AF_formations_en_sante_numerique_et_energies_renouvelables\"><\/span>Dominer les secteurs porteurs\u202f: formations en sant\u00e9, num\u00e9rique et \u00e9nergies renouvelables<span class=\"ez-toc-section-end\"><\/span><\/h2>\n<p>\nNotre analyse confirme que le <strong>secteur de la sant\u00e9<\/strong> reste prioritaire en 2025, stimul\u00e9 par une demande structurelle issue du vieillissement de la population et des imp\u00e9ratifs sanitaires r\u00e9cents. Les <strong>Parcours d\u2019Acc\u00e8s Sp\u00e9cifique Sant\u00e9 (PASS)<\/strong> ouvrent des portes vers les m\u00e9tiers de <u>m\u00e9decin<\/u>, d\u2019<u>infirmier dipl\u00f4m\u00e9 d\u2019\u00c9tat<\/u> et de <u>kin\u00e9sith\u00e9rapeute<\/u>. \u00c0 <strong>l\u2019Universit\u00e9 de Strasbourg<\/strong> et \u00e0 <strong>Lyon 1 Claude Bernard<\/strong>, le nombre d\u2019inscriptions au PASS a connu une hausse de <u>18\u202f%<\/u> compar\u00e9 \u00e0 2023.\n<\/p>\n<ul>\n<li>Le <strong>Dipl\u00f4me d\u2019\u00c9tat d\u2019infirmier<\/strong> attire largement, avec un taux de placement \u00e0 l\u2019emploi de <u>99%<\/u> \u00e0 la sortie, selon l\u2019<br \/>","protected":false},"excerpt":{"rendered":"<p>Formations incontournables \u00e0 suivre en 2025 pour transformer sa carri\u00e8re Tendances fortes\u202f: pourquoi la formation &#8230; <\/p>\n<p class=\"read-more-container\"><a title=\"Les formations incontournables en 2025 qui vont transformer votre carri\u00e8re et vous donner une longueur d\u2019avance\" class=\"read-more button\" href=\"https:\/\/le-communique.fr\/de\/les-formations-incontournables-en-2025-qui-vont-transformer-votre-carriere-et-vous-donner-une-longueur-davance\/#more-12922\" aria-label=\"Mehr Informationen \u00fcber Les formations incontournables en 2025 qui vont transformer votre carri\u00e8re et vous donner une longueur d\u2019avance\">Read More<\/a><\/p>","protected":false},"author":1,"featured_media":12924,"comment_status":"open","ping_status":"open","sticky":false,"template":"","format":"standard","meta":{"footnotes":""},"categories":[2155],"tags":[],"class_list":["post-12922","post","type-post","status-publish","format-standard","has-post-thumbnail","hentry","category-formation-a-la-conduite","infinite-scroll-item","generate-columns","tablet-grid-50","mobile-grid-100","grid-parent","grid-25","no-featured-image-padding"],"_links":{"self":[{"href":"https:\/\/le-communique.fr\/de\/wp-json\/wp\/v2\/posts\/12922","targetHints":{"allow":["GET"]}}],"collection":[{"href":"https:\/\/le-communique.fr\/de\/wp-json\/wp\/v2\/posts"}],"about":[{"href":"https:\/\/le-communique.fr\/de\/wp-json\/wp\/v2\/types\/post"}],"author":[{"embeddable":true,"href":"https:\/\/le-communique.fr\/de\/wp-json\/wp\/v2\/users\/1"}],"replies":[{"embeddable":true,"href":"https:\/\/le-communique.fr\/de\/wp-json\/wp\/v2\/comments?post=12922"}],"version-history":[{"count":0,"href":"https:\/\/le-communique.fr\/de\/wp-json\/wp\/v2\/posts\/12922\/revisions"}],"wp:featuredmedia":[{"embeddable":true,"href":"https:\/\/le-communique.fr\/de\/wp-json\/wp\/v2\/media\/12924"}],"wp:attachment":[{"href":"https:\/\/le-communique.fr\/de\/wp-json\/wp\/v2\/media?parent=12922"}],"wp:term":[{"taxonomy":"category","embeddable":true,"href":"https:\/\/le-communique.fr\/de\/wp-json\/wp\/v2\/categories?post=12922"},{"taxonomy":"post_tag","embeddable":true,"href":"https:\/\/le-communique.fr\/de\/wp-json\/wp\/v2\/tags?post=12922"}],"curies":[{"name":"wp","href":"https:\/\/api.w.org\/{rel}","templated":true}]}}