{"id":12641,"date":"2025-07-01T09:05:59","date_gmt":"2025-07-01T07:05:59","guid":{"rendered":"https:\/\/le-communique.fr\/les-enjeux-politiques-au-coeur-de-ledito-du-mardi-1er-juillet-2025\/"},"modified":"2026-02-26T20:07:39","modified_gmt":"2026-02-26T19:07:39","slug":"les-enjeux-politiques-au-coeur-de-ledito-du-mardi-1er-juillet-2025","status":"publish","type":"post","link":"https:\/\/le-communique.fr\/de\/les-enjeux-politiques-au-coeur-de-ledito-du-mardi-1er-juillet-2025\/","title":{"rendered":"les enjeux politiques au c\u0153ur de l&rsquo;\u00e9dito du mardi 1er juillet 2025"},"content":{"rendered":"<p class=\"wp-block-paragraph\">Alors que l&rsquo;actualit\u00e9 politique ne cesse de dynamiser les d\u00e9bats publics, ce mardi 1er juillet 2025 marque un tournant d\u00e9cisif pour plusieurs acteurs majeurs de la sc\u00e8ne fran\u00e7aise. Le gouvernement de Fran\u00e7ois Bayrou est au c\u0153ur des discussions, avec des r\u00e9formes audacieuses et des d\u00e9fis impr\u00e9visibles. Au m\u00eame moment, des questions br\u00fblantes occupent le devant de la sc\u00e8ne : la proportionnelle \u00e9lectorale bouleversera-t-elle les fondements de la d\u00e9mocratie participative ? Quelles sont les priorit\u00e9s budg\u00e9taires face aux exigences croissantes de solidarit\u00e9 nationale et d&rsquo;\u00e9quilibre \u00e9cologique ? Par ailleurs, des voix citoyennes s&rsquo;\u00e9l\u00e8vent pour r\u00e9clamer plus de justice sociale et d&rsquo;\u00e9galit\u00e9 des chances. Dans ce contexte d&rsquo;engagement communautaire et d&rsquo;innovation politique, les enjeux \u00e9lectoraux s&rsquo;intensifient. Cet \u00e9dito se propose de d\u00e9cortiquer les multiples facettes de cette r\u00e9alit\u00e9 politique mouvante en abordant les strat\u00e9gies sous-jacentes et l&rsquo;impact sur l&rsquo;horizon durable de la France.<\/p>\n\n<div id=\"ez-toc-container\" class=\"ez-toc-v2_0_87 counter-hierarchy ez-toc-counter ez-toc-grey ez-toc-container-direction\">\n<div class=\"ez-toc-title-container\">\n<p class=\"ez-toc-title\" style=\"cursor:inherit\">Table of Contents<\/p>\n<span class=\"ez-toc-title-toggle\"><a href=\"#\" class=\"ez-toc-pull-right ez-toc-btn ez-toc-btn-xs ez-toc-btn-default ez-toc-toggle\" aria-label=\"Toggle Table of Content\"><span class=\"ez-toc-js-icon-con\"><span class=\"\"><span class=\"eztoc-hide\" style=\"display:none;\">Toggle<\/span><span class=\"ez-toc-icon-toggle-span\"><svg style=\"fill: #999;color:#999\" xmlns=\"http:\/\/www.w3.org\/2000\/svg\" class=\"list-377408\" width=\"20px\" height=\"20px\" viewbox=\"0 0 24 24\" fill=\"none\"><path d=\"M6 6H4v2h2V6zm14 0H8v2h12V6zM4 11h2v2H4v-2zm16 0H8v2h12v-2zM4 16h2v2H4v-2zm16 0H8v2h12v-2z\" fill=\"currentColor\"><\/path><\/svg><svg style=\"fill: #999;color:#999\" class=\"arrow-unsorted-368013\" xmlns=\"http:\/\/www.w3.org\/2000\/svg\" width=\"10px\" height=\"10px\" viewbox=\"0 0 24 24\" version=\"1.2\" baseprofile=\"tiny\"><path d=\"M18.2 9.3l-6.2-6.3-6.2 6.3c-.2.2-.3.4-.3.7s.1.5.3.7c.2.2.4.3.7.3h11c.3 0 .5-.1.7-.3.2-.2.3-.5.3-.7s-.1-.5-.3-.7zM5.8 14.7l6.2 6.3 6.2-6.3c.2-.2.3-.5.3-.7s-.1-.5-.3-.7c-.2-.2-.4-.3-.7-.3h-11c-.3 0-.5.1-.7.3-.2.2-.3.5-.3.7s.1.5.3.7z\"\/><\/svg><\/span><\/span><\/span><\/a><\/span><\/div>\n<nav><ul class='ez-toc-list ez-toc-list-level-1' ><li class='ez-toc-page-1 ez-toc-heading-level-2'><a class=\"ez-toc-link ez-toc-heading-1\" href=\"https:\/\/le-communique.fr\/de\/les-enjeux-politiques-au-coeur-de-ledito-du-mardi-1er-juillet-2025\/#Francois_Bayrou_et_les_Reformes_Strategiques_de_2025\" >Fran\u00e7ois Bayrou et les R\u00e9formes Strat\u00e9giques de 2025<\/a><\/li><li class='ez-toc-page-1 ez-toc-heading-level-2'><a class=\"ez-toc-link ez-toc-heading-2\" href=\"https:\/\/le-communique.fr\/de\/les-enjeux-politiques-au-coeur-de-ledito-du-mardi-1er-juillet-2025\/#Le_Debat_entre_Proportionnelle_et_Stabilite\" >Le D\u00e9bat entre Proportionnelle et Stabilit\u00e9<\/a><ul class='ez-toc-list-level-3' ><li class='ez-toc-heading-level-3'><a class=\"ez-toc-link ez-toc-heading-3\" href=\"https:\/\/le-communique.fr\/de\/les-enjeux-politiques-au-coeur-de-ledito-du-mardi-1er-juillet-2025\/#Experiences_Internationaux_et_Implications\" >Exp\u00e9riences Internationaux et Implications<\/a><\/li><\/ul><\/li><li class='ez-toc-page-1 ez-toc-heading-level-2'><a class=\"ez-toc-link ez-toc-heading-4\" href=\"https:\/\/le-communique.fr\/de\/les-enjeux-politiques-au-coeur-de-ledito-du-mardi-1er-juillet-2025\/#La_Solidite_Budgetaire_en_Question\" >La Solidit\u00e9 Budg\u00e9taire en Question<\/a><ul class='ez-toc-list-level-3' ><li class='ez-toc-heading-level-3'><a class=\"ez-toc-link ez-toc-heading-5\" href=\"https:\/\/le-communique.fr\/de\/les-enjeux-politiques-au-coeur-de-ledito-du-mardi-1er-juillet-2025\/#Les_Temoins_de_la_Crise_Economique\" >Les T\u00e9moins de la Crise \u00c9conomique<\/a><\/li><\/ul><\/li><li class='ez-toc-page-1 ez-toc-heading-level-2'><a class=\"ez-toc-link ez-toc-heading-6\" href=\"https:\/\/le-communique.fr\/de\/les-enjeux-politiques-au-coeur-de-ledito-du-mardi-1er-juillet-2025\/#LImpact_des_Transitions_Ecologiques_sur_le_Quotidien\" >L&rsquo;Impact des Transitions \u00c9cologiques sur le Quotidien<\/a><ul class='ez-toc-list-level-3' ><li class='ez-toc-heading-level-3'><a class=\"ez-toc-link ez-toc-heading-7\" href=\"https:\/\/le-communique.fr\/de\/les-enjeux-politiques-au-coeur-de-ledito-du-mardi-1er-juillet-2025\/#LAge_dor_de_la_Participation_Civique\" >L&rsquo;\u00c2ge d&rsquo;or de la Participation Civique<\/a><\/li><\/ul><\/li><\/ul><\/nav><\/div>\n<h2 class=\"wp-block-heading\"><span class=\"ez-toc-section\" id=\"Francois_Bayrou_et_les_Reformes_Strategiques_de_2025\"><\/span>Fran\u00e7ois Bayrou et les R\u00e9formes Strat\u00e9giques de 2025<span class=\"ez-toc-section-end\"><\/span><\/h2>\n\n<p class=\"wp-block-paragraph\">\u00c0 l&rsquo;aube de 2025, le Premier ministre Fran\u00e7ois Bayrou se trouve face \u00e0 un paysage politique d\u00e9licat. R\u00e9put\u00e9 pour sa capacit\u00e9 \u00e0 man\u0153uvrer dans des environnements d\u00e9fis, Bayrou doit traiter avec une opposition agile, des dossiers complexes, et surtout, des attentes consid\u00e9rables de la part de l&rsquo;\u00e9lectorat. Mais quelles sont les r\u00e9formes cl\u00e9s qu&rsquo;il doit impulser pour garantir un futur stable et prometteur pour la France\u00a0?<\/p>\n\n<p class=\"wp-block-paragraph\">Les priorit\u00e9s du gouvernement sont claires : renforcer la <strong>d\u00e9mocratie participative<\/strong> et assurer la <strong>transparence \u00e9lectorale<\/strong>. Une r\u00e9forme embl\u00e9matique en cours de discussion est celle de l&rsquo;int\u00e9gration d&rsquo;un mode de scrutin proportionnel, destin\u00e9 \u00e0 offrir une meilleure repr\u00e9sentativit\u00e9 des courants politiques au Parlement. Cette r\u00e9forme soul\u00e8ve des interrogations quant \u00e0 ses r\u00e9percussions potentielles sur l&rsquo;\u00e9quilibre des pouvoirs et la stabilit\u00e9 gouvernementale, mais elle pourrait \u00e0 terme garantir une repr\u00e9sentation accrue des <strong>voix citoyennes<\/strong>.<\/p>\n\n<p class=\"wp-block-paragraph\">Une autre priorit\u00e9 cruciale est la gestion du budget 2025, marqu\u00e9 par des dettes publiques pr\u00e9occupantes et l&rsquo;urgence de financer des programmes ambitieux. Le passage d\u00e9licat de l&rsquo;aust\u00e9rit\u00e9 \u00e0 une strat\u00e9gie ax\u00e9e sur des d\u00e9penses publiques cibl\u00e9es constitue l&rsquo;un des segments les plus discut\u00e9s de l&rsquo;action du gouvernement. Marine Le Pen, figure de proue du RN, y voit une opportunit\u00e9 pour critiquer l&rsquo;approche globale du gouvernement, tout en t\u00e2chant de combler ses propres contradictions strat\u00e9giques comme l&rsquo;illustre cet <a href=\"https:\/\/www.franceinfo.fr\/replay-radio\/l-edito-politique\/edito-budget-2025-marine-le-pen-entre-contradictions-et-dilemmes-strategiques_7030706.html\" target=\"_blank\" rel=\"noopener nofollow\">article<\/a>.<\/p>\n\n<p class=\"wp-block-paragraph\">Parmi les r\u00e9formes sociales en cours, l&rsquo;am\u00e9lioration de la <strong>justice sociale<\/strong> reste une pierre angulaire. L&rsquo;objectif est de r\u00e9duire les in\u00e9galit\u00e9s par une distribution \u00e9quitable des ressources, renfor\u00e7ant ainsi le syst\u00e8me de protection sociale. Cet engagement trouve un \u00e9cho particulier dans les discours visibles sur divers <a href=\"https:\/\/www.lecourrierdesechos.fr\/les-enjeux-politiques-majeurs\/\" target=\"_blank\" rel=\"noopener nofollow\">\u00e9ditions<\/a>.<\/p>\n\n<p class=\"wp-block-paragraph\">Outre ces r\u00e9formes, la France pr\u00e9f\u00e8re envisager un <a href=\"https:\/\/www.podash.com\/podcast\/6879241\/\" target=\"_blank\" rel=\"noopener nofollow\">horizon durable<\/a>, o\u00f9 la gestion de l&rsquo;int\u00e9gralit\u00e9 du territoire repose sur une strat\u00e9gie concert\u00e9e d&rsquo;<strong>\u00e9quilibre \u00e9cologique<\/strong>. De nouvelles politiques environnementales sont en pleine \u00e9laboration, pla\u00e7ant les questions de durabilit\u00e9 au centre des pr\u00e9occupations nationales. Toutefois, l&rsquo;impl\u00e9mentation de ces politiques sollicite une coordination gouvernementale effective, associ\u00e9e \u00e0 un engagement civique fort.<\/p>\n\n<figure class=\"is-provider-youtube is-type-video wp-block-embed wp-block-embed-youtube wp-embed-aspect-16-9 wp-has-aspect-ratio\"><div class=\"wp-block-embed__wrapper\">\n<iframe loading=\"lazy\" title=\"Le Grand Dossier - Canicule record : a-t-on tir\u00e9 les le\u00e7ons de 2003 ?\uff5cLCI\" width=\"1200\" height=\"675\" src=\"https:\/\/www.youtube.com\/embed\/NAhHqjGtfvY?feature=oembed\" frameborder=\"0\" allow=\"accelerometer; autoplay; clipboard-write; encrypted-media; gyroscope; picture-in-picture; web-share\" referrerpolicy=\"strict-origin-when-cross-origin\" allowfullscreen><\/iframe>\n<\/div><\/figure>\n\n\n\n<h2 class=\"wp-block-heading\"><span class=\"ez-toc-section\" id=\"Le_Debat_entre_Proportionnelle_et_Stabilite\"><\/span>Le D\u00e9bat entre Proportionnelle et Stabilit\u00e9<span class=\"ez-toc-section-end\"><\/span><\/h2>\n\n<p class=\"wp-block-paragraph\">L&rsquo;int\u00e9gration d&rsquo;un syst\u00e8me proportionnel dans le mode de scrutin l\u00e9gislatif suscite de vives discussions au sein du paysage politique. Quelles seraient les cons\u00e9quences d&rsquo;une telle mesure sur la stabilit\u00e9 gouvernementale en France\u00a0?<\/p>\n\n<p class=\"wp-block-paragraph\">Dans le syst\u00e8me actuel, le mode de scrutin majoritaire \u00e0 deux tours favorise traditionnellement l&rsquo;\u00e9mergence de majorit\u00e9s claires, tout en limitant les petites formations politiques. Le passage \u00e0 la proportionnelle pourrait diversifier les repr\u00e9sentations parlementaires tout en augmentant le risque de coalitions instables. Les partisans de cette r\u00e9forme soulignent qu&rsquo;elle garantirait une meilleure repr\u00e9sentativit\u00e9 d\u00e9mocratique, mais \u00e0 quel prix\u00a0?<\/p>\n\n<p class=\"wp-block-paragraph\">Un tableau r\u00e9capitulatif des avantages et inconv\u00e9nients escompt\u00e9s peut illustrer cette complexit\u00e9 :<\/p>\n\n<figure class=\"wp-block-table\"><table>\n<thead>\n<tr>\n<th>Syst\u00e8me Majoritaire<\/th>\n<th>Syst\u00e8me Proportionnel<\/th>\n<\/tr>\n<\/thead>\n<tbody>\n<tr>\n<td>Stabilit\u00e9 gouvernementale<\/td>\n<td>Stabilit\u00e9 r\u00e9duite, risque de coalitions fragiles<\/td>\n<\/tr>\n<tr>\n<td>Repr\u00e9sentation limit\u00e9e des petits partis<\/td>\n<td>Meilleure repr\u00e9sentativit\u00e9 des minorit\u00e9s<\/td>\n<\/tr>\n<tr>\n<td>Efficacit\u00e9 en prise de d\u00e9cision<\/td>\n<td>Processus de d\u00e9cision potentiellement ralenti<\/td>\n<\/tr>\n<\/tbody>\n<\/table><\/figure>\n\n<p class=\"wp-block-paragraph\">Il demeure essentiel de consid\u00e9rer les cas historiques lors de l&rsquo;analyse de mod\u00e8les similaires dans d&rsquo;autres pays. L&rsquo;Allemagne par exemple, avec sa proportionnelle mixte, a pu maintenir une d\u00e9mocratie proactive bien que sujette \u00e0 des changements fr\u00e9quents de coalitions gouvernementales. Ainsi, la mise en \u0153uvre de cette r\u00e9forme pourrait bien incarner une <strong>innovation politique<\/strong>, toutefois non sans mettre en p\u00e9ril une certaine stabilit\u00e9 obtenue par le pass\u00e9.<\/p>\n\n<p class=\"wp-block-paragraph\">Pour certains, un sc\u00e9nario o\u00f9 cette proportionnelle deviendrait une source de crise gouvernementale para\u00eet plausible, avec des implications s\u00e9rieuses sur l&rsquo;avenir des institutions d\u00e9mocratiques. Les \u00e9ditos tels que celui-ci ou repris dans <a href=\"https:\/\/podcastaddict.com\/podcast\/l-edito-politique-d-alexandre-devecchio\/5087022\" target=\"_blank\" rel=\"noopener nofollow\">d&rsquo;autres plateformes<\/a> s&rsquo;int\u00e9ressent largement \u00e0 ces r\u00e9formes.<\/p>\n\n<p class=\"wp-block-paragraph\">Dans ce contexte, l&rsquo;opinion citoyenne joue un r\u00f4le de plus en plus significatif. Le gouvernement cherche \u00e0 s&rsquo;aligner sur les attentes communes, acc\u00e9dant ainsi \u00e0 une pression sociale continues. Des r\u00e9flexions telles que les <a href=\"https:\/\/www.lecommunique.fr\/les-elections-europeennes-de-2024-les-partis-politiques-prennent-ils-enfin-position-sur-la-reconnaissance-dun-etat-palestinien\/\" target=\"_blank\" rel=\"noopener nofollow\">discussions ant\u00e9rieures<\/a> t\u00e9moignent de ces changements \u00e9pineux programm\u00e9s.<\/p>\n\n<figure class=\"is-provider-youtube is-type-video wp-block-embed wp-block-embed-youtube wp-embed-aspect-16-9 wp-has-aspect-ratio\"><div class=\"wp-block-embed__wrapper\">\n<iframe loading=\"lazy\" title=\"L&#039;e\u0301dito de Laurence Ferrari du mercredi 22 janvier\" width=\"1200\" height=\"675\" src=\"https:\/\/www.youtube.com\/embed\/ha-eUxxhbwA?feature=oembed\" frameborder=\"0\" allow=\"accelerometer; autoplay; clipboard-write; encrypted-media; gyroscope; picture-in-picture; web-share\" referrerpolicy=\"strict-origin-when-cross-origin\" allowfullscreen><\/iframe>\n<\/div><\/figure>\n\n<h3 class=\"wp-block-heading\"><span class=\"ez-toc-section\" id=\"Experiences_Internationaux_et_Implications\"><\/span>Exp\u00e9riences Internationaux et Implications<span class=\"ez-toc-section-end\"><\/span><\/h3>\n\n<p class=\"wp-block-paragraph\">En examinant des cas internationaux, les exp\u00e9riences en Isra\u00ebl ou en Italie, qui adoptent un syst\u00e8me proportionnel pur, r\u00e9v\u00e8lent des enjeux similaires mais aussi des solutions ad\u00e9quates. Dans ces pays, bien qu&rsquo;une meilleure repr\u00e9sentation soit effectu\u00e9e, les coalitions politiques fr\u00e9quentes instaurent une certaine instabilit\u00e9 institutionnelle. Cependant, avec un processus d\u00e9mocratique renforc\u00e9 et une implication citoyenne accrue, il est possible que la France puisse tirer des le\u00e7ons de ces exp\u00e9riences, augmentant par cela ses capacit\u00e9s d&rsquo;adaptabilit\u00e9 au sein d&rsquo;une dynamique politique internationale changeante.<\/p>\n\n\n\n<h2 class=\"wp-block-heading\"><span class=\"ez-toc-section\" id=\"La_Solidite_Budgetaire_en_Question\"><\/span>La Solidit\u00e9 Budg\u00e9taire en Question<span class=\"ez-toc-section-end\"><\/span><\/h2>\n\n<p class=\"wp-block-paragraph\">En 2025, nombreux sont les d\u00e9fis qui secouent les bases m\u00eames de la solidit\u00e9 budg\u00e9taire. Le r\u00f4le du gouvernement vis-\u00e0-vis de la planification \u00e9conomique est essentiel, assurant ainsi une forte connexion entre <strong>solidarit\u00e9 nationale<\/strong> et d\u00e9veloppement \u00e9conomique viable.<\/p>\n\n<p class=\"wp-block-paragraph\">Depuis quelques ann\u00e9es d\u00e9j\u00e0, des strat\u00e9gies de r\u00e9duction de la dette publique sont en place mais se heurtent \u00e0 un mur face aux conditions sanitaires et \u00e9conomiques impos\u00e9es par la pand\u00e9mie r\u00e9cente. Est-il possible de retrouver un \u00e9quilibre sans pour autant amoindrir les ressources allou\u00e9es aux programmes sociaux\u00a0?<\/p>\n\n<p class=\"wp-block-paragraph\">En premier lieu, l&rsquo;id\u00e9e d&rsquo;optimisation des d\u00e9penses publiques propose certaines pistes. Il s&rsquo;agit de revoir les co\u00fbts bureaucratiques par des cares cibl\u00e9es et de rediriger des finances vers des secteurs critiques tels que la sant\u00e9, l&rsquo;\u00e9ducation, et le d\u00e9veloppement technologique. Ce <strong>jusqu&rsquo;auboutisme<\/strong> \u00e9conomique instrumentalis\u00e9 par certains experts pose n\u00e9anmoins la question sur sa faisabilit\u00e9 imm\u00e9diate.<\/p>\n\n<p class=\"wp-block-paragraph\">Une liste des secteurs prioritaires pourrait comprendre :<\/p>\n\n<ul class=\"wp-block-list\"><li>Investissement en innovation technologique, notamment les \u00e9nergies renouvelables<\/li><li>Soutien aux petites et moyennes entreprises (PME) pour accro\u00eetre l&#8217;emploi local<\/li><li>D\u00e9veloppement de programmes \u00e9ducatifs cibl\u00e9s pour ne pas simplement cr\u00e9er de nouveaux emplois, mais des carri\u00e8res significatives<\/li><li>Renforcement des infrastructures de sant\u00e9<\/li><\/ul>\n\n<p class=\"wp-block-paragraph\">\u00c0 c\u00f4t\u00e9, le gouvernement souhaite assurer une transparence totale dans la gestion des ressources, promouvant un climat de confiance et d&rsquo;adh\u00e9sion nationale. Ces initiatives soulignent l&rsquo;importance de conserver un chemin de croissance stable, sans pour autant fragiliser l&rsquo;\u00e9conomie.<\/p>\n\n<p class=\"wp-block-paragraph\">Face aux critiques, l&rsquo;administration veille \u00e0 conjurer les effets n\u00e9gatifs d&rsquo;une approche appel\u00e9e aust\u00e9rit\u00e9 s\u00e9v\u00e8re, adopt\u00e9e par d&rsquo;autres pays europ\u00e9ens. Notre syst\u00e8me \u00e9conomique centr\u00e9 sur les individus vient au soutien d&rsquo;une strat\u00e9gie d\u00e9mocratique innovante m\u00eal\u00e9e \u00e0 une justice sociale av\u00e9r\u00e9e par <a href=\"https:\/\/www.franceinfo.fr\/replay-radio\/l-edito-politique\/\" target=\"_blank\" rel=\"noopener nofollow\">ceci<\/a>.<\/p>\n\n<figure class=\"wp-block-embed is-type-rich is-provider-twitter wp-block-embed-twitter\"><div class=\"wp-block-embed__wrapper\">\n<blockquote class=\"twitter-tweet\" data-width=\"550\" data-dnt=\"true\"><p lang=\"fr\" dir=\"ltr\">Un proc\u00e8s aux lourds enjeux politiques pour le parti d&#39;extr\u00eame droite <a href=\"https:\/\/t.co\/SfPkTOz0Wt\" rel=\"nofollow\">https:\/\/t.co\/SfPkTOz0Wt<\/a><\/p>&mdash; Le Vif (@LeVif) <a href=\"https:\/\/twitter.com\/LeVif\/status\/1840053827044520021?ref_src=twsrc%5Etfw\" target=\"_blank\" rel=\"noopener nofollow\">September 28, 2024<\/a><\/blockquote><script async src=\"https:\/\/platform.twitter.com\/widgets.js\" charset=\"utf-8\"><\/script>\n<\/div><\/figure>\n\n<h3 class=\"wp-block-heading\"><span class=\"ez-toc-section\" id=\"Les_Temoins_de_la_Crise_Economique\"><\/span>Les T\u00e9moins de la Crise \u00c9conomique<span class=\"ez-toc-section-end\"><\/span><\/h3>\n\n<p class=\"wp-block-paragraph\">Parmi les indicateurs \u00e9conomiques suivis de pr\u00e8s, on observe une inflation ma\u00eetris\u00e9e en 2025 gr\u00e2ce \u00e0 une politique mon\u00e9taire r\u00e9active. \u00c0 long terme, un dialogue inclusif et \u00e9tendu \u00e0 la soci\u00e9t\u00e9 civile est indispensable pour soutenir une perception partag\u00e9e des ajustements fiscaux. Diverses plateformes telles que <a href=\"https:\/\/www.radiofrance.fr\/franceinter\/podcasts\/l-edito-politique\/l-edito-politique-du-mardi-01-juillet-2025-7372837\" target=\"_blank\" rel=\"noopener nofollow\"><\/a> ou encore <a href=\"https:\/\/le-communique.fr\/de\/les-subtilites-de-la-diffamation-dans-le-paysage-politique\/\"><\/a> s&rsquo;en font \u00e9cho, proposant des approches contextualis\u00e9es sur les d\u00e9veloppements actuels.<\/p>\n\n<h2 class=\"wp-block-heading\"><span class=\"ez-toc-section\" id=\"LImpact_des_Transitions_Ecologiques_sur_le_Quotidien\"><\/span>L&rsquo;Impact des Transitions \u00c9cologiques sur le Quotidien<span class=\"ez-toc-section-end\"><\/span><\/h2>\n\n<p class=\"wp-block-paragraph\">La France de 2025 se confronte \u00e0 un horizon o\u00f9 la durabilit\u00e9 et l&rsquo;\u00e9cologie sont les ma\u00eetres-mots. Les transitions \u00e9cologiques, bien que lentes, introduisent des transformations visibles \u00e0 la fois sur l&rsquo;infrastructure nationale et la psych\u00e9 collective. Comment, alors, int\u00e9grer ces transitions dans le quotidien de chacun\u00a0?<\/p>\n\n<p class=\"wp-block-paragraph\">L&rsquo;une des pierres angulaires de cette strat\u00e9gie repose sur un engagement sans faille au d\u00e9veloppement durable gr\u00e2ce \u00e0 une technologie en perp\u00e9tuelle \u00e9volution. Les r\u00e9percussions imm\u00e9diates sont d\u00e9j\u00e0 tangibles : des r\u00e9ussites notables sont visibles avec l&rsquo;essor des \u00e9nergies renouvelables, de nouvelles techniques agricoles efficientes, et une r\u00e9duction marqu\u00e9e des \u00e9missions de gaz \u00e0 effet de serre. Toutefois, la quantit\u00e9 et l&rsquo;\u00e9tendue de ces transformations varient d&rsquo;une r\u00e9gion \u00e0 l&rsquo;autre, soulevant naturellement des interrogations.<\/p>\n\n<p class=\"wp-block-paragraph\">Un tableau d\u00e9taill\u00e9 des progr\u00e8s actuels montre \u00e0 quel point ces transitions sont avanc\u00e9es dans certains domaines :<\/p>\n\n<figure class=\"wp-block-table\"><table>\n<thead>\n<tr>\n<th>Domaines<\/th>\n<th>Progr\u00e8s r\u00e9alis\u00e9s (2025)<\/th>\n<\/tr>\n<\/thead>\n<tbody>\n<tr>\n<td>\u00c9nergies renouvelables<\/td>\n<td>48% de la production \u00e9nerg\u00e9tique nationale<\/td>\n<\/tr>\n<tr>\n<td>Agriculture durable<\/td>\n<td>Modernisation de 35% des exploitations agricoles<\/td>\n<\/tr>\n<tr>\n<td>Transport durable<\/td>\n<td>22% de VE sur les routes nationales<\/td>\n<\/tr>\n<tr>\n<td>R\u00e9duction des GES<\/td>\n<td>R\u00e9duction annuelle de 12%<\/td>\n<\/tr>\n<\/tbody>\n<\/table><\/figure>\n\n<p class=\"wp-block-paragraph\">Au-del\u00e0 des chiffres, une conscience environn\u00e9e par des efforts internationaux instille des ajustements culturels notables. Les gouvernements locaux et les citoyens deviennent actifs dans la protection environnementale, tel qu&rsquo;\u00e9voqu\u00e9 par un panel de discussions men\u00e9es \u00e0 travers le pays. Plus d&rsquo;informations peuvent \u00eatre trouv\u00e9es dans <a href=\"https:\/\/www.ecouterradio.fr\/article\/2981\/L-edito-politique-Alexis-Brezet-Vincent-Tremolet-de-Villers\" target=\"_blank\" rel=\"noopener nofollow\"><\/a>.<\/p>\n\n<p class=\"wp-block-paragraph\">Il serait d&rsquo;ailleurs int\u00e9ressant d&rsquo;\u00e9tudier l&rsquo;impact des initiatives culturelles, qui, par l&rsquo;\u00e9ducation, la cr\u00e9ativit\u00e9 et les nouvelles notions de consommation, participent activement \u00e0 encourager une r\u00e9duction de l&#8217;empreinte carbone et une sensibilisation accrue de la collectivit\u00e9.<\/p>\n\n<h3 class=\"wp-block-heading\"><span class=\"ez-toc-section\" id=\"LAge_dor_de_la_Participation_Civique\"><\/span>L&rsquo;\u00c2ge d&rsquo;or de la Participation Civique<span class=\"ez-toc-section-end\"><\/span><\/h3>\n\n<p class=\"wp-block-paragraph\">Parall\u00e8lement, s&rsquo;accentue une participation citoyenne in\u00e9dite. Ce ph\u00e9nom\u00e8ne s&rsquo;incarne par une d\u00e9mocratie participative multipliant des groupes de parole, des consultations num\u00e9riques, et des initiatives locales. Les citoyens, au travers de ces praticiens identifi\u00e9s, s&rsquo;approprient des outils de d\u00e9cision auparavant r\u00e9serv\u00e9s aux \u00e9lus. En ce sens, 2025 marque le d\u00e9but d&rsquo;une int\u00e9gration citoyenne plus active dans l&rsquo;\u00e9laboration et la mise en \u0153uvre de politiques environnementales.<\/p>","protected":false},"excerpt":{"rendered":"<p>Alors que l&rsquo;actualit\u00e9 politique ne cesse de dynamiser les d\u00e9bats publics, ce mardi 1er juillet &#8230; <\/p>\n<p class=\"read-more-container\"><a title=\"les enjeux politiques au c\u0153ur de l&rsquo;\u00e9dito du mardi 1er juillet 2025\" class=\"read-more button\" href=\"https:\/\/le-communique.fr\/de\/les-enjeux-politiques-au-coeur-de-ledito-du-mardi-1er-juillet-2025\/#more-12641\" aria-label=\"Mehr Informationen \u00fcber les enjeux politiques au c\u0153ur de l&rsquo;\u00e9dito du mardi 1er juillet 2025\">Read More<\/a><\/p>","protected":false},"author":1,"featured_media":12663,"comment_status":"open","ping_status":"open","sticky":false,"template":"","format":"standard","meta":{"footnotes":""},"categories":[1],"tags":[3487,3065,3489,3488,2815],"class_list":["post-12641","post","type-post","status-publish","format-standard","has-post-thumbnail","hentry","category-non-classe","tag-editorial","tag-enjeux-politiques","tag-juillet-2025","tag-mardi","tag-politique-francaise","infinite-scroll-item","generate-columns","tablet-grid-50","mobile-grid-100","grid-parent","grid-25","no-featured-image-padding"],"_links":{"self":[{"href":"https:\/\/le-communique.fr\/de\/wp-json\/wp\/v2\/posts\/12641","targetHints":{"allow":["GET"]}}],"collection":[{"href":"https:\/\/le-communique.fr\/de\/wp-json\/wp\/v2\/posts"}],"about":[{"href":"https:\/\/le-communique.fr\/de\/wp-json\/wp\/v2\/types\/post"}],"author":[{"embeddable":true,"href":"https:\/\/le-communique.fr\/de\/wp-json\/wp\/v2\/users\/1"}],"replies":[{"embeddable":true,"href":"https:\/\/le-communique.fr\/de\/wp-json\/wp\/v2\/comments?post=12641"}],"version-history":[{"count":0,"href":"https:\/\/le-communique.fr\/de\/wp-json\/wp\/v2\/posts\/12641\/revisions"}],"wp:featuredmedia":[{"embeddable":true,"href":"https:\/\/le-communique.fr\/de\/wp-json\/wp\/v2\/media\/12663"}],"wp:attachment":[{"href":"https:\/\/le-communique.fr\/de\/wp-json\/wp\/v2\/media?parent=12641"}],"wp:term":[{"taxonomy":"category","embeddable":true,"href":"https:\/\/le-communique.fr\/de\/wp-json\/wp\/v2\/categories?post=12641"},{"taxonomy":"post_tag","embeddable":true,"href":"https:\/\/le-communique.fr\/de\/wp-json\/wp\/v2\/tags?post=12641"}],"curies":[{"name":"wp","href":"https:\/\/api.w.org\/{rel}","templated":true}]}}