{"id":12620,"date":"2025-06-14T03:23:11","date_gmt":"2025-06-14T01:23:11","guid":{"rendered":"https:\/\/le-communique.fr\/les-meilleurs-sites-pour-booster-le-bien-etre-au-travail-selection-experte-pour-salaries-et-managers\/"},"modified":"2025-06-14T03:23:11","modified_gmt":"2025-06-14T01:23:11","slug":"les-meilleurs-sites-pour-booster-le-bien-etre-au-travail-selection-experte-pour-salaries-et-managers","status":"publish","type":"post","link":"https:\/\/le-communique.fr\/de\/les-meilleurs-sites-pour-booster-le-bien-etre-au-travail-selection-experte-pour-salaries-et-managers\/","title":{"rendered":"Les meilleurs sites pour booster le bien-\u00eatre au travail : s\u00e9lection experte pour salari\u00e9s et managers"},"content":{"rendered":"<div id=\"ez-toc-container\" class=\"ez-toc-v2_0_87 counter-hierarchy ez-toc-counter ez-toc-grey ez-toc-container-direction\">\n<div class=\"ez-toc-title-container\">\n<p class=\"ez-toc-title\" style=\"cursor:inherit\">Table of Contents<\/p>\n<span class=\"ez-toc-title-toggle\"><a href=\"#\" class=\"ez-toc-pull-right ez-toc-btn ez-toc-btn-xs ez-toc-btn-default ez-toc-toggle\" aria-label=\"Toggle Table of Content\"><span class=\"ez-toc-js-icon-con\"><span class=\"\"><span class=\"eztoc-hide\" style=\"display:none;\">Toggle<\/span><span class=\"ez-toc-icon-toggle-span\"><svg style=\"fill: #999;color:#999\" xmlns=\"http:\/\/www.w3.org\/2000\/svg\" class=\"list-377408\" width=\"20px\" height=\"20px\" viewbox=\"0 0 24 24\" fill=\"none\"><path d=\"M6 6H4v2h2V6zm14 0H8v2h12V6zM4 11h2v2H4v-2zm16 0H8v2h12v-2zM4 16h2v2H4v-2zm16 0H8v2h12v-2z\" fill=\"currentColor\"><\/path><\/svg><svg style=\"fill: #999;color:#999\" class=\"arrow-unsorted-368013\" xmlns=\"http:\/\/www.w3.org\/2000\/svg\" width=\"10px\" height=\"10px\" viewbox=\"0 0 24 24\" version=\"1.2\" baseprofile=\"tiny\"><path d=\"M18.2 9.3l-6.2-6.3-6.2 6.3c-.2.2-.3.4-.3.7s.1.5.3.7c.2.2.4.3.7.3h11c.3 0 .5-.1.7-.3.2-.2.3-.5.3-.7s-.1-.5-.3-.7zM5.8 14.7l6.2 6.3 6.2-6.3c.2-.2.3-.5.3-.7s-.1-.5-.3-.7c-.2-.2-.4-.3-.7-.3h-11c-.3 0-.5.1-.7.3-.2.2-.3.5-.3.7s.1.5.3.7z\"\/><\/svg><\/span><\/span><\/span><\/a><\/span><\/div>\n<nav><ul class='ez-toc-list ez-toc-list-level-1' ><li class='ez-toc-page-1 ez-toc-heading-level-1'><a class=\"ez-toc-link ez-toc-heading-1\" href=\"https:\/\/le-communique.fr\/de\/les-meilleurs-sites-pour-booster-le-bien-etre-au-travail-selection-experte-pour-salaries-et-managers\/#Les_meilleurs_sites_pour_booster_le_bien-etre_au_travail_selection_experte_pour_salaries_et_managers\" >Les meilleurs sites pour booster le bien-\u00eatre au travail : s\u00e9lection experte pour salari\u00e9s et managers<\/a><ul class='ez-toc-list-level-2' ><li class='ez-toc-heading-level-2'><a class=\"ez-toc-link ez-toc-heading-2\" href=\"https:\/\/le-communique.fr\/de\/les-meilleurs-sites-pour-booster-le-bien-etre-au-travail-selection-experte-pour-salaries-et-managers\/#Sites_officiels_et_observatoires_dedies_a_la_qualite_de_vie_professionnelle\" >Sites officiels et observatoires d\u00e9di\u00e9s \u00e0 la qualit\u00e9 de vie professionnelle<\/a><\/li><li class='ez-toc-page-1 ez-toc-heading-level-2'><a class=\"ez-toc-link ez-toc-heading-3\" href=\"https:\/\/le-communique.fr\/de\/les-meilleurs-sites-pour-booster-le-bien-etre-au-travail-selection-experte-pour-salaries-et-managers\/#Medias_specialises_et_blogs_QVT_pour_sinspirer_et_rester_informe\" >M\u00e9dias sp\u00e9cialis\u00e9s et blogs QVT pour s\u2019inspirer et rester inform\u00e9<\/a><\/li><li class='ez-toc-page-1 ez-toc-heading-level-2'><a class=\"ez-toc-link ez-toc-heading-4\" href=\"https:\/\/le-communique.fr\/de\/les-meilleurs-sites-pour-booster-le-bien-etre-au-travail-selection-experte-pour-salaries-et-managers\/#Applications_et_plateformes_digitales_pour_une_sante_globale_au_travail\" >Applications et plateformes digitales pour une sant\u00e9 globale au travail<\/a><\/li><li class='ez-toc-page-1 ez-toc-heading-level-2'><a class=\"ez-toc-link ez-toc-heading-5\" href=\"https:\/\/le-communique.fr\/de\/les-meilleurs-sites-pour-booster-le-bien-etre-au-travail-selection-experte-pour-salaries-et-managers\/#Solutions_de_reconnaissance_et_dengagement_pour_renforcer_la_motivation\" >Solutions de reconnaissance et d\u2019engagement pour renforcer la motivation<\/a><\/li><li class='ez-toc-page-1 ez-toc-heading-level-2'><a class=\"ez-toc-link ez-toc-heading-6\" href=\"https:\/\/le-communique.fr\/de\/les-meilleurs-sites-pour-booster-le-bien-etre-au-travail-selection-experte-pour-salaries-et-managers\/#Espaces_dechange_et_reseaux_pour_batir_une_communaute_de_bien-etre\" >Espaces d\u2019\u00e9change et r\u00e9seaux pour b\u00e2tir une communaut\u00e9 de bien-\u00eatre<\/a><\/li><\/ul><\/li><\/ul><\/nav><\/div>\n<h1><span class=\"ez-toc-section\" id=\"Les_meilleurs_sites_pour_booster_le_bien-etre_au_travail_selection_experte_pour_salaries_et_managers\"><\/span>Les meilleurs sites pour booster le bien-\u00eatre au travail : s\u00e9lection experte pour salari\u00e9s et managers<span class=\"ez-toc-section-end\"><\/span><\/h1>\n<h2><span class=\"ez-toc-section\" id=\"Sites_officiels_et_observatoires_dedies_a_la_qualite_de_vie_professionnelle\"><\/span>Sites officiels et observatoires d\u00e9di\u00e9s \u00e0 la qualit\u00e9 de vie professionnelle<span class=\"ez-toc-section-end\"><\/span><\/h2>\n<p>\nCertains portails sont devenus des rep\u00e8res incontournables pour guider la transformation des environnements professionnels. L\u2019<strong>Agence nationale pour l\u2019am\u00e9lioration des conditions de travail<\/strong> (<strong>ANACT<\/strong>) s\u2019impose, depuis plus de quarante ans, comme la r\u00e9f\u00e9rence institutionnelle en France pour toute strat\u00e9gie de <u>pr\u00e9vention des risques professionnels<\/u> et d\u2019am\u00e9lioration de la QVT. Son site propose une palette de <strong>guides pratiques<\/strong>, grilles d\u2019analyse, barom\u00e8tres statistiques exclusifs et articles de fond, utiles aussi bien pour les directions RH que pour les repr\u00e9sentants du personnel ou les salari\u00e9s soucieux d\u2019objectiver leurs conditions de travail. On y trouve les derni\u00e8res \u00e9volutions r\u00e9glementaires, des analyses sectorielles fines ou encore des \u00e9tudes de cas d\u2019entreprises ayant conduit des transformations organisationnelles r\u00e9ussies.\n<\/p>\n<p>\nL\u2019<strong>Observatoire Actin\u00e9o<\/strong> compl\u00e8te ce panorama en fournissant un \u00e9clairage pointu sur l\u2019<u>\u00e9volution des espaces de travail<\/u> et leur impact sur la sant\u00e9 et la productivit\u00e9. Actin\u00e9o r\u00e9alise chaque ann\u00e9e un barom\u00e8tre tr\u00e8s suivi sur l\u2019am\u00e9nagement des bureaux, la flexibilit\u00e9, le ressenti des salari\u00e9s et les tendances de la performance collaborative. En 2024, l\u2019Observatoire a publi\u00e9 une synth\u00e8se remarqu\u00e9e sur l\u2019impact du flex office, o\u00f9 74 % des collaborateurs interrog\u00e9s expriment un meilleur \u00e9quilibre vie pro\/vie perso dans des espaces plus modulaires.\n<\/p>\n<ul>\n<li><strong>ANACT<\/strong> : Acc\u00e8s \u00e0 des dossiers th\u00e9matiques, outils d\u2019auto-diagnostic, ressources personnalis\u00e9es pour la pr\u00e9vention des troubles musculo-squelettiques et la gestion des temps.<\/li>\n<li><strong>Observatoire Actin\u00e9o<\/strong> : Barom\u00e8tres sur le t\u00e9l\u00e9travail, analyses de tendances sur le design biophile, retours d\u2019exp\u00e9rience d\u2019entreprises sur les bureaux \u00e0 impact positif.<\/li>\n<\/ul>\n<p>\nCes deux institutions offrent une base m\u00e9thodologique solide, appuy\u00e9e sur la recherche et l\u2019expertise terrain, indispensable pour piloter toute d\u00e9marche QVT cr\u00e9dible et efficace.\n<\/p>\n<h2><span class=\"ez-toc-section\" id=\"Medias_specialises_et_blogs_QVT_pour_sinspirer_et_rester_informe\"><\/span>M\u00e9dias sp\u00e9cialis\u00e9s et blogs QVT pour s\u2019inspirer et rester inform\u00e9<span class=\"ez-toc-section-end\"><\/span><\/h2>\n<p>\nAu-del\u00e0 des sites institutionnels, une nouvelle g\u00e9n\u00e9ration de <strong>m\u00e9dias sp\u00e9cialis\u00e9s<\/strong> et de <strong>blogs d\u00e9di\u00e9s \u00e0 la QVT<\/strong> propose analyses, portraits d\u2019innovateurs, retours d\u2019exp\u00e9riences et points de vue pluriels, afin d\u2019anticiper les mutations du monde professionnel. Le site <strong>L\u2019Optimisme Pro<\/strong> est particuli\u00e8rement remarqu\u00e9 pour sa capacit\u00e9 \u00e0 mettre en avant des initiatives inspirantes, en donnant la parole \u00e0 des DRH pionniers, des chercheurs en psychologie positive, mais aussi des managers de terrain engag\u00e9s dans la transformation culturelle.\n<\/p>\n<p>\nLa plateforme <strong>Les Ateliers Durables<\/strong> s\u2019adresse, quant \u00e0 elle, aux responsables QVT en qu\u00eate de solutions concr\u00e8tes, avec une veille r\u00e9guli\u00e8re sur les innovations, des d\u00e9cryptages d\u2019outils digitaux, et des retours d\u2019exp\u00e9rience tr\u00e8s document\u00e9s de PME ou grands groupes. Leur blog, mis \u00e0 jour chaque semaine, propose des interviews d\u2019experts en pr\u00e9vention, des comptes rendus d\u00e9taill\u00e9s de conf\u00e9rences sp\u00e9cialis\u00e9es, ainsi que des benchmarks sur les bonnes pratiques europ\u00e9ennes.\n<\/p>\n<ul>\n<li><strong>L\u2019Optimisme Pro<\/strong> : T\u00e9moignages de salari\u00e9s ayant retrouv\u00e9 du sens au travail (ex : engagement de Michelin en 2023 pour l\u2019\u00e9quilibre psychologique de ses \u00e9quipes via la m\u00e9ditation en entreprise), dossiers sur la gestion du changement et la parentalit\u00e9 en entreprise.<\/li>\n<li><strong>Les Ateliers Durables<\/strong> : Veille technologique et r\u00e9glementaire, guides pratiques sur l\u2019\u00e9valuation de la charge psychosociale, \u00e9tudes approfondies sur le t\u00e9l\u00e9travail hybride.<\/li>\n<\/ul>\n<p>\nCes m\u00e9dias contribuent puissamment \u00e0 diffuser une culture de <u>bienveillance manag\u00e9riale<\/u> et d\u2019innovation RH, \u00e9l\u00e9ments moteurs d\u2019une atmosph\u00e8re durablement positive.\n<\/p>\n<h2><span class=\"ez-toc-section\" id=\"Applications_et_plateformes_digitales_pour_une_sante_globale_au_travail\"><\/span>Applications et plateformes digitales pour une sant\u00e9 globale au travail<span class=\"ez-toc-section-end\"><\/span><\/h2>\n<p>\nLe recours aux <strong>applications sp\u00e9cialis\u00e9es<\/strong> et aux <strong>plateformes digitales QVT<\/strong> s\u2019acc\u00e9l\u00e8re, port\u00e9 par l\u2019essor du t\u00e9l\u00e9travail et le besoin de piloter la sant\u00e9 globale des collaborateurs \u00e0 distance. Les solutions les plus innovantes associent <u>pr\u00e9vention des troubles psychosociaux<\/u>, suivi du bien-\u00eatre individuel, et renforcement des liens collectifs par le jeu et l\u2019intelligence artificielle.\n<\/p>\n<p>\nEn 2025, <strong>Teamupp<\/strong> s\u2019est impos\u00e9 sur le march\u00e9 fran\u00e7ais gr\u00e2ce \u00e0 sa plateforme combinant des d\u00e9fis bien-\u00eatre en \u00e9quipe, des outils de sondage anonymes sur le climat interne, et des modules de coaching instantan\u00e9. Elle permet \u00e0 chaque collaborateur de suivre ses progr\u00e8s en mati\u00e8re d\u2019activit\u00e9 physique, de nutrition et de gestion du stress, tout en favorisant la coh\u00e9sion lors de challenges collectifs. Selon Teamupp, une entreprise ayant test\u00e9 le dispositif en 2024 a constat\u00e9 une baisse de 22 % de l\u2019absent\u00e9isme saisonnier.\n<\/p>\n<ul>\n<li><strong>Teamupp<\/strong> : Suivi personnalis\u00e9, d\u00e9fis sant\u00e9 collectifs, analyse du climat social, feedbacks r\u00e9guliers entre pairs.<\/li>\n<li><strong>MeQuilibrium<\/strong> : Plateforme internationale de gestion du stress, proposant des parcours de r\u00e9silience personnalis\u00e9s, un acc\u00e8s \u00e0 des psychologues certifi\u00e9s, et des outils d\u2019automesure de la fatigue mentale.<\/li>\n<li><strong>Moodwork<\/strong> : Sp\u00e9cialis\u00e9 dans le bien-\u00eatre psychologique, Moodwork offre des bilans de sant\u00e9 mentale, des exercices de relaxation, et la possibilit\u00e9 d\u2019\u00e9changer en toute confidentialit\u00e9 avec des experts en psychologie du travail.<\/li>\n<\/ul>\n<p>\nL\u2019int\u00e9gration de ces outils dans la culture manag\u00e9riale acc\u00e9l\u00e8re la pr\u00e9vention, la d\u00e9tection pr\u00e9coce du mal-\u00eatre, et l\u2019engagement des \u00e9quipes, quels que soient leur secteur ou leur taille.\n<\/p>\n<h2><span class=\"ez-toc-section\" id=\"Solutions_de_reconnaissance_et_dengagement_pour_renforcer_la_motivation\"><\/span>Solutions de reconnaissance et d\u2019engagement pour renforcer la motivation<span class=\"ez-toc-section-end\"><\/span><\/h2>\n<p>\nL\u2019impact de la reconnaissance sur la motivation et la fid\u00e9lisation n\u2019est plus \u00e0 d\u00e9montrer. Les plateformes sp\u00e9cialis\u00e9es en <strong>reconnaissance entre pairs<\/strong> et en engagement collectif proposent des modalit\u00e9s vari\u00e9es pour valoriser l\u2019apport de chacun, cr\u00e9er un climat de confiance et stimuler l\u2019initiative individuelle.\n<\/p>\n<p>\nEn t\u00eate de ces solutions, <strong>Culture Cloud<\/strong> r\u00e9volutionne la r\u00e9compense au travail gr\u00e2ce \u00e0 un syst\u00e8me interactif de badges, de f\u00e9licitations publiques et de challenges valoris\u00e9s par des dotations personnalis\u00e9es. En 2025, la soci\u00e9t\u00e9 Xylem a d\u00e9ploy\u00e9 Culture Cloud sur ses sites europ\u00e9ens, enregistrant une hausse de 17 % du taux d\u2019engagement des salari\u00e9s et une r\u00e9duction significative du turnover. L\u2019interface permet de d\u00e9cliner la reconnaissance en fonction des valeurs de l\u2019entreprise et des besoins g\u00e9n\u00e9rationnels, de la simple gratitude quotidienne \u00e0 la c\u00e9l\u00e9bration de projets majeurs.\n<\/p>\n<ul>\n<li><strong>Culture Cloud<\/strong> : R\u00e9compenses personnalis\u00e9es, partage d\u2019objectifs, feedbacks gamifi\u00e9s, analyse de l\u2019\u00e9volution des liens sociaux internes.<\/li>\n<li><strong>Officevibe<\/strong> (filiale de GSoft) : Syst\u00e8me de feedback continu, mesure du moral des \u00e9quipes en temps r\u00e9el, suggestions d\u2019am\u00e9lioration adress\u00e9es anonymement au management.<\/li>\n<\/ul>\n<p>\nCes outils s\u2019int\u00e8grent ais\u00e9ment dans les environnements num\u00e9riques des entreprises (Slack, Microsoft Teams) et contribuent \u00e0 installer une <u>culture de la reconnaissance<\/u> essentielle \u00e0 la performance collective.\n<\/p>\n<h2><span class=\"ez-toc-section\" id=\"Espaces_dechange_et_reseaux_pour_batir_une_communaute_de_bien-etre\"><\/span>Espaces d\u2019\u00e9change et r\u00e9seaux pour b\u00e2tir une communaut\u00e9 de bien-\u00eatre<span class=\"ez-toc-section-end\"><\/span><\/h2>\n<p>\nAu-del\u00e0 des plateformes et outils, la <strong>cr\u00e9ation de communaut\u00e9s QVT<\/strong> dynamise la diffusion de pratiques innovantes et de conseils adapt\u00e9s \u00e0 chaque r\u00e9alit\u00e9 professionnelle. Les <strong>espaces de partage<\/strong>, qu\u2019ils soient port\u00e9s par des r\u00e9seaux sociaux d\u2019entreprise ou des portails sp\u00e9cialis\u00e9s, favorisent la mutualisation des solutions et la mont\u00e9e en comp\u00e9tences collective.\n<\/p>\n<p>\nLes r\u00e9seaux comme <strong>Welcome to the Jungle<\/strong> jouent un r\u00f4le structurant, en permettant \u00e0 chaque salari\u00e9 ou manager de publier ses retours d\u2019exp\u00e9rience, de poser des questions \u00e0 des experts de secteurs vari\u00e9s, ou de participer \u00e0 des groupes th\u00e9matiques sur le bien-\u00eatre et la diversit\u00e9. De m\u00eame, la plateforme <strong>My Happy Job<\/strong> propose des webinaires interactifs, des forums ouverts sur la pr\u00e9vention des risques psychosociaux, et une veille sur les meilleures pratiques import\u00e9es de l\u2019international. En 2024, le groupe La Poste a pilot\u00e9 sur My Happy Job un projet de co-d\u00e9veloppement qui a r\u00e9uni plus de 130 managers autour de la question du sens et de l\u2019inclusion.\n<\/p>\n<ul>\n<li><strong>Welcome to the Jungle<\/strong> : Guides pour choisir un employeur engag\u00e9, espace de discussion entre pairs, retours d\u2019exp\u00e9riences sectoriels.<\/li>\n<li><strong>My Happy Job<\/strong> : Webinaires, quiz d\u2019auto-\u00e9valuation, groupes de discussion mod\u00e9r\u00e9s par des psychologues du travail et des experts QVT.<\/li>\n<\/ul>\n<p>\nCes espaces permettent d\u2019enrichir la r\u00e9flexion collective, de s\u2019approprier des outils concrets, et de solidifier une <u>dynamique de bien-\u00eatre durable<\/u> ancr\u00e9e dans l\u2019\u00e9change et la co-construction.<\/p>","protected":false},"excerpt":{"rendered":"<p>Les meilleurs sites pour booster le bien-\u00eatre au travail : s\u00e9lection experte pour salari\u00e9s et &#8230; <\/p>\n<p class=\"read-more-container\"><a title=\"Les meilleurs sites pour booster le bien-\u00eatre au travail : s\u00e9lection experte pour salari\u00e9s et managers\" class=\"read-more button\" href=\"https:\/\/le-communique.fr\/de\/les-meilleurs-sites-pour-booster-le-bien-etre-au-travail-selection-experte-pour-salaries-et-managers\/#more-12620\" aria-label=\"Mehr Informationen \u00fcber Les meilleurs sites pour booster le bien-\u00eatre au travail : s\u00e9lection experte pour salari\u00e9s et managers\">Read More<\/a><\/p>","protected":false},"author":40,"featured_media":12666,"comment_status":"open","ping_status":"open","sticky":false,"template":"","format":"standard","meta":{"footnotes":""},"categories":[1],"tags":[3447,3461,2765],"class_list":["post-12620","post","type-post","status-publish","format-standard","has-post-thumbnail","hentry","category-non-classe","tag-bien-etre","tag-productivite","tag-travail","infinite-scroll-item","generate-columns","tablet-grid-50","mobile-grid-100","grid-parent","grid-25","no-featured-image-padding"],"_links":{"self":[{"href":"https:\/\/le-communique.fr\/de\/wp-json\/wp\/v2\/posts\/12620","targetHints":{"allow":["GET"]}}],"collection":[{"href":"https:\/\/le-communique.fr\/de\/wp-json\/wp\/v2\/posts"}],"about":[{"href":"https:\/\/le-communique.fr\/de\/wp-json\/wp\/v2\/types\/post"}],"author":[{"embeddable":true,"href":"https:\/\/le-communique.fr\/de\/wp-json\/wp\/v2\/users\/40"}],"replies":[{"embeddable":true,"href":"https:\/\/le-communique.fr\/de\/wp-json\/wp\/v2\/comments?post=12620"}],"version-history":[{"count":0,"href":"https:\/\/le-communique.fr\/de\/wp-json\/wp\/v2\/posts\/12620\/revisions"}],"wp:featuredmedia":[{"embeddable":true,"href":"https:\/\/le-communique.fr\/de\/wp-json\/wp\/v2\/media\/12666"}],"wp:attachment":[{"href":"https:\/\/le-communique.fr\/de\/wp-json\/wp\/v2\/media?parent=12620"}],"wp:term":[{"taxonomy":"category","embeddable":true,"href":"https:\/\/le-communique.fr\/de\/wp-json\/wp\/v2\/categories?post=12620"},{"taxonomy":"post_tag","embeddable":true,"href":"https:\/\/le-communique.fr\/de\/wp-json\/wp\/v2\/tags?post=12620"}],"curies":[{"name":"wp","href":"https:\/\/api.w.org\/{rel}","templated":true}]}}