{"id":12575,"date":"2025-06-11T12:52:11","date_gmt":"2025-06-11T10:52:11","guid":{"rendered":"https:\/\/le-communique.fr\/les-ministres-du-gouvernement-de-francois-bayrou-rendent-publiques-leurs-declarations-de-patrimoine\/"},"modified":"2025-06-11T12:52:11","modified_gmt":"2025-06-11T10:52:11","slug":"les-ministres-du-gouvernement-de-francois-bayrou-rendent-publiques-leurs-declarations-de-patrimoine","status":"publish","type":"post","link":"https:\/\/le-communique.fr\/de\/les-ministres-du-gouvernement-de-francois-bayrou-rendent-publiques-leurs-declarations-de-patrimoine\/","title":{"rendered":"Les ministres du gouvernement de Fran\u00e7ois Bayrou rendent publiques leurs d\u00e9clarations de patrimoine"},"content":{"rendered":"<p class=\"wp-block-paragraph\">La transparence des finances publiques est toujours au centre des pr\u00e9occupations lorsqu&rsquo;il s&rsquo;agit d&rsquo;\u00e9valuer les dirigeants politiques. R\u00e9cemment, la Haute autorit\u00e9 pour la transparence de la vie publique (HATVP) a publi\u00e9 les d\u00e9clarations de patrimoine des ministres du gouvernement de Fran\u00e7ois Bayrou. Cet \u00e9v\u00e9nement ne manque pas de susciter un vif int\u00e9r\u00eat, autant pour les montants d\u00e9voil\u00e9s que pour ce qu&rsquo;ils r\u00e9v\u00e8lent des parcours et des responsabilit\u00e9s de ces personnalit\u00e9s publiques. Parmi les figures les plus fortun\u00e9es, Marc Ferracci, ministre de l&rsquo;Industrie, et Eric Lombard, ministre de l&rsquo;\u00c9conomie, se d\u00e9marquent particuli\u00e8rement. Ces publications soulignent aussi la diversit\u00e9 des sources de richesse et posent la question de l&rsquo;\u00e9thique dans l&rsquo;exercice de fonctions publiques.<\/p>\n\n<div id=\"ez-toc-container\" class=\"ez-toc-v2_0_87 counter-hierarchy ez-toc-counter ez-toc-grey ez-toc-container-direction\">\n<div class=\"ez-toc-title-container\">\n<p class=\"ez-toc-title\" style=\"cursor:inherit\">Table of Contents<\/p>\n<span class=\"ez-toc-title-toggle\"><a href=\"#\" class=\"ez-toc-pull-right ez-toc-btn ez-toc-btn-xs ez-toc-btn-default ez-toc-toggle\" aria-label=\"Toggle Table of Content\"><span class=\"ez-toc-js-icon-con\"><span class=\"\"><span class=\"eztoc-hide\" style=\"display:none;\">Toggle<\/span><span class=\"ez-toc-icon-toggle-span\"><svg style=\"fill: #999;color:#999\" xmlns=\"http:\/\/www.w3.org\/2000\/svg\" class=\"list-377408\" width=\"20px\" height=\"20px\" viewbox=\"0 0 24 24\" fill=\"none\"><path d=\"M6 6H4v2h2V6zm14 0H8v2h12V6zM4 11h2v2H4v-2zm16 0H8v2h12v-2zM4 16h2v2H4v-2zm16 0H8v2h12v-2z\" fill=\"currentColor\"><\/path><\/svg><svg style=\"fill: #999;color:#999\" class=\"arrow-unsorted-368013\" xmlns=\"http:\/\/www.w3.org\/2000\/svg\" width=\"10px\" height=\"10px\" viewbox=\"0 0 24 24\" version=\"1.2\" baseprofile=\"tiny\"><path d=\"M18.2 9.3l-6.2-6.3-6.2 6.3c-.2.2-.3.4-.3.7s.1.5.3.7c.2.2.4.3.7.3h11c.3 0 .5-.1.7-.3.2-.2.3-.5.3-.7s-.1-.5-.3-.7zM5.8 14.7l6.2 6.3 6.2-6.3c.2-.2.3-.5.3-.7s-.1-.5-.3-.7c-.2-.2-.4-.3-.7-.3h-11c-.3 0-.5.1-.7.3-.2.2-.3.5-.3.7s.1.5.3.7z\"\/><\/svg><\/span><\/span><\/span><\/a><\/span><\/div>\n<nav><ul class='ez-toc-list ez-toc-list-level-1' ><li class='ez-toc-page-1 ez-toc-heading-level-2'><a class=\"ez-toc-link ez-toc-heading-1\" href=\"https:\/\/le-communique.fr\/de\/les-ministres-du-gouvernement-de-francois-bayrou-rendent-publiques-leurs-declarations-de-patrimoine\/#Patrimoines_impressionnants_une_image_des_fortunes_ministerielles\" >Patrimoines impressionnants : une image des fortunes minist\u00e9rielles<\/a><\/li><li class='ez-toc-page-1 ez-toc-heading-level-2'><a class=\"ez-toc-link ez-toc-heading-2\" href=\"https:\/\/le-communique.fr\/de\/les-ministres-du-gouvernement-de-francois-bayrou-rendent-publiques-leurs-declarations-de-patrimoine\/#Les_implications_ethiques_et_politiques_de_ces_declarations\" >Les implications \u00e9thiques et politiques de ces d\u00e9clarations<\/a><\/li><li class='ez-toc-page-1 ez-toc-heading-level-2'><a class=\"ez-toc-link ez-toc-heading-3\" href=\"https:\/\/le-communique.fr\/de\/les-ministres-du-gouvernement-de-francois-bayrou-rendent-publiques-leurs-declarations-de-patrimoine\/#Les_contrastes_economiques_au_sein_du_gouvernement_Bayrou\" >Les contrastes \u00e9conomiques au sein du gouvernement Bayrou<\/a><\/li><li class='ez-toc-page-1 ez-toc-heading-level-2'><a class=\"ez-toc-link ez-toc-heading-4\" href=\"https:\/\/le-communique.fr\/de\/les-ministres-du-gouvernement-de-francois-bayrou-rendent-publiques-leurs-declarations-de-patrimoine\/#Impact_des_declarations_de_patrimoine_sur_la_confiance_publique\" >Impact des d\u00e9clarations de patrimoine sur la confiance publique<\/a><\/li><li class='ez-toc-page-1 ez-toc-heading-level-2'><a class=\"ez-toc-link ez-toc-heading-5\" href=\"https:\/\/le-communique.fr\/de\/les-ministres-du-gouvernement-de-francois-bayrou-rendent-publiques-leurs-declarations-de-patrimoine\/#Consequences_sur_le_paysage_politique_francais\" >Cons\u00e9quences sur le paysage politique fran\u00e7ais<\/a><\/li><\/ul><\/nav><\/div>\n<h2 class=\"wp-block-heading\"><span class=\"ez-toc-section\" id=\"Patrimoines_impressionnants_une_image_des_fortunes_ministerielles\"><\/span>Patrimoines impressionnants : une image des fortunes minist\u00e9rielles<span class=\"ez-toc-section-end\"><\/span><\/h2>\n\n<p class=\"wp-block-paragraph\">La publication des patrimoines des <strong>ministres<\/strong> sous le gouvernement de <strong>Fran\u00e7ois Bayrou<\/strong> a r\u00e9v\u00e9l\u00e9 des chiffres qui font tourner la t\u00eate. \u00c0 titre d&rsquo;exemple, le ministre de l&rsquo;Industrie, Marc Ferracci, a d\u00e9clar\u00e9 un patrimoine net atteignant pr\u00e8s de 23 millions d&rsquo;euros. Cette somme colossale est principalement constitu\u00e9e de parts dans une soci\u00e9t\u00e9 d&rsquo;expertise-comptable et de conseil en gestion pr\u00e9sid\u00e9e par son p\u00e8re, Pierre Ferracci. Un tel montant le place en t\u00eate de liste. \u00c0 sa suite, Eric Lombard, le ministre de l&rsquo;\u00c9conomie, a un patrimoine net s&rsquo;\u00e9levant \u00e0 environ 21 millions d&rsquo;euros, aliment\u00e9 substantiellement par des participations dans une entreprise de conseil et des biens immobiliers, ce qui renforce l&rsquo;image de ces ministres comme des figures riches en ressources.<\/p>\n\n<p class=\"wp-block-paragraph\">En examinant ces montants, on peut se poser des questions l\u00e9gitimes sur la mani\u00e8re dont ces patrimoines peuvent influencer les d\u00e9cisions prises au sein du <strong>gouvernement<\/strong>. La transparence sur ces aspects est cruciale car elle chasse les doutes sur des potentiels conflits d&rsquo;int\u00e9r\u00eats. De plus, ce niveau de richesse expose \u00e0 la critique d&rsquo;un potentiel d\u00e9sengagement vis-\u00e0-vis des pr\u00e9occupations quotidiennes de la population g\u00e9n\u00e9rale, en particulier en ce qui concerne les probl\u00e8mes \u00e9conomiques et sociaux courants.<\/p>\n\n\n\n<p class=\"wp-block-paragraph\">Pour donner une id\u00e9e plus claire, voici un tableau r\u00e9capitulatif des patrimoines d\u00e9clar\u00e9s par quelques-uns des ministres du gouvernement Bayrou :<\/p>\n\n<figure class=\"wp-block-table\"><table>\n<thead>\n<tr>\n<th>Ministre<\/th>\n<th>Poste<\/th>\n<th>Patrimoine Net (en millions d&rsquo;euros)<\/th>\n<\/tr>\n<\/thead>\n<tbody>\n<tr>\n<td>Marc Ferracci<\/td>\n<td>Industrie<\/td>\n<td>23<\/td>\n<\/tr>\n<tr>\n<td>Eric Lombard<\/td>\n<td>\u00c9conomie<\/td>\n<td>21<\/td>\n<\/tr>\n<tr>\n<td>Rachida Dati<\/td>\n<td>Culture<\/td>\n<td>6<\/td>\n<\/tr>\n<tr>\n<td>Fran\u00e7ois Bayrou<\/td>\n<td>Premier ministre<\/td>\n<td>1,3<\/td>\n<\/tr>\n<tr>\n<td>Manuel Valls<\/td>\n<td>Outre-mer<\/td>\n<td>0,13<\/td>\n<\/tr>\n<\/tbody>\n<\/table><\/figure>\n\n<p class=\"wp-block-paragraph\">Les disparit\u00e9s de patrimoine entre les ministres soul\u00e8vent donc des questions importantes sur l&rsquo;\u00e9galit\u00e9, la perception publique et les normes \u00e9thiques que ces personnalit\u00e9s sont cens\u00e9es respecter. De telles disparit\u00e9s peuvent aussi influencer indirectement la mani\u00e8re dont les politiques publiques sont per\u00e7ues et appliqu\u00e9es. Pour comprendre l&rsquo;origine de ces patrimoines, on doit examiner plus en d\u00e9tail la fiscalit\u00e9 appliqu\u00e9e aux riches et ses implications sur l&rsquo;\u00e9conomie. De plus, on pourrait \u00e9tudier la corr\u00e9lation entre la richesse personnelle et les mesures fiscales propos\u00e9es par ces m\u00eames ministres. Cet aspect a souvent \u00e9t\u00e9 l&rsquo;objet de d\u00e9bats houleux, notamment sur la fronti\u00e8re floue entre ce qui est l\u00e9gitimement gagn\u00e9 et ce qui peut \u00eatre influenc\u00e9 par des privil\u00e8ges non \u00e9thiques.<\/p>\n\n<p class=\"wp-block-paragraph\">Plus d&rsquo;informations concernant ces d\u00e9clarations peuvent \u00eatre consult\u00e9es sur <a href=\"https:\/\/www.hatvp.fr\/presse\/publication-des-declarations-des-membres-du-gouvernement-de-m-francois-bayrou\/\" target=\"_blank\" rel=\"noopener nofollow\">le site de la HATVP<\/a>.<\/p>\n\n<figure class=\"is-provider-youtube is-type-video wp-block-embed wp-block-embed-youtube wp-embed-aspect-16-9 wp-has-aspect-ratio\"><div class=\"wp-block-embed__wrapper\">\n<iframe loading=\"lazy\" title=\"Fran\u00e7ois Bayrou et \u00c9douard Philippe quittent ensemble le Conseil des ministres\" width=\"1200\" height=\"675\" src=\"https:\/\/www.youtube.com\/embed\/jstBJchr_0E?feature=oembed\" frameborder=\"0\" allow=\"accelerometer; autoplay; clipboard-write; encrypted-media; gyroscope; picture-in-picture; web-share\" referrerpolicy=\"strict-origin-when-cross-origin\" allowfullscreen><\/iframe>\n<\/div><\/figure>\n\n<h2 class=\"wp-block-heading\"><span class=\"ez-toc-section\" id=\"Les_implications_ethiques_et_politiques_de_ces_declarations\"><\/span>Les implications \u00e9thiques et politiques de ces d\u00e9clarations<span class=\"ez-toc-section-end\"><\/span><\/h2>\n\n<p class=\"wp-block-paragraph\">Dans le domaine de la politique, la <strong>transparence<\/strong> est souvent invoqu\u00e9e comme gage d&rsquo;int\u00e9grit\u00e9. La publication des d\u00e9clarations de patrimoine des ministres offre ainsi une opportunit\u00e9 unique d&rsquo;\u00e9valuer l&rsquo;engagement des responsables politiques envers cette valeur. Cela soul\u00e8ve notamment des questions centrales en mati\u00e8re d&rsquo;\u00e9thique et de responsabilit\u00e9 publique. La transparence sur l&rsquo;origine et la distribution des ressources des <strong>ministres<\/strong> garantit non seulement une meilleure conformit\u00e9 aux normes de gouvernance, mais stimule aussi la confiance du public dans les institutions.<\/p>\n\n<p class=\"wp-block-paragraph\">Ces d\u00e9clarations sont fondamentales, car elles provoquent des discussions sur la l\u00e9gitimit\u00e9 des processus par lesquels des ministres comme Marc Ferracci et Eric Lombard ont acquis leurs fortunes. Une histoire de famille, telle que celle des Ferracci, o\u00f9 l&rsquo;h\u00e9ritage p\u00e8se lourdement, doit \u00eatre examin\u00e9e \u00e0 l&rsquo;aune des r\u00e8gles \u00e9thiques contemporaines. Le cas de Rachida Dati est \u00e9galement remarquable, ayant pr\u00e9c\u00e9demment essuy\u00e9 des critiques sur des omissions pr\u00e9sum\u00e9es concernant des bijoux de valeur. Ce type d&rsquo;incident nourrit la suspicion et met en p\u00e9ril la cr\u00e9dibilit\u00e9 des syst\u00e8mes mis en place pour garantir l&rsquo;int\u00e9grit\u00e9 des fonctionnaires.<\/p>\n\n\n\n<p class=\"wp-block-paragraph\">D&rsquo;ailleurs, voici quelques implications \u00e9thiques notables de ces d\u00e9clarations de patrimoine :<\/p>\n\n<ul class=\"wp-block-list\"><li><strong>Pr\u00e9vention des conflits d&rsquo;int\u00e9r\u00eats<\/strong> : Les d\u00e9tails financiers r\u00e9v\u00e9l\u00e9s permettent d&rsquo;identifier les potentiels conflits d&rsquo;int\u00e9r\u00eats et ainsi mettre en place des mesures correctives.<\/li><li><strong>\u00c9quit\u00e9 fiscale<\/strong> : La richesse de certains ministres peut influencer la perception de l&rsquo;\u00e9quit\u00e9 fiscale, soulevant des questions sur la justice du syst\u00e8me fiscal.<\/li><li><strong>Perception publique<\/strong> : Les fortunes d\u00e9clar\u00e9es par les chefs d&rsquo;\u00c9tat et ministres peuvent influencer la mani\u00e8re dont le public per\u00e7oit leur efficacit\u00e9 et leur pr\u00e9occupations face aux enjeux sociaux.<\/li><\/ul>\n\n<p class=\"wp-block-paragraph\">En fin de compte, la publication de ces informations permet de renforcer le cadre \u00e9thique d\u00e9fini par l&rsquo;\u00c9tat pour garantir que les politiques adopt\u00e9es ne suivent pas des int\u00e9r\u00eats particuliers, mais bien ceux de la nation enti\u00e8re. Toutefois, pour que cet objectif soit pleinement atteint, il est crucial que ces mesures soient accompagn\u00e9es de m\u00e9canismes de suivi stricts. Un approfondissement des r\u00e8gles r\u00e9gissant la d\u00e9claration et la v\u00e9rification de patrimoine serait b\u00e9n\u00e9fique pour pr\u00e9venir les abus.<\/p>\n\n<p class=\"wp-block-paragraph\">Pour d\u00e9couvrir d&rsquo;autres r\u00e9flexions sur l&rsquo;\u00e9thique en politique, visitez <a href=\"https:\/\/le-communique.fr\/de\/eric-piolle-vise-par-une-enquete-quelle-est-la-veritable-ethique-en-politique-selon-le-maire-de\/\">ce lien<\/a>.<\/p>\n\n<figure class=\"is-provider-youtube is-type-video wp-block-embed wp-block-embed-youtube wp-embed-aspect-16-9 wp-has-aspect-ratio\"><div class=\"wp-block-embed__wrapper\">\n<iframe loading=\"lazy\" title=\"Les ministres du gouvernement de Fran\u00e7ois Bayrou prennent leurs fonctions\" width=\"1200\" height=\"675\" src=\"https:\/\/www.youtube.com\/embed\/QZMggeTpBRo?feature=oembed\" frameborder=\"0\" allow=\"accelerometer; autoplay; clipboard-write; encrypted-media; gyroscope; picture-in-picture; web-share\" referrerpolicy=\"strict-origin-when-cross-origin\" allowfullscreen><\/iframe>\n<\/div><\/figure>\n\n<h2 class=\"wp-block-heading\"><span class=\"ez-toc-section\" id=\"Les_contrastes_economiques_au_sein_du_gouvernement_Bayrou\"><\/span>Les contrastes \u00e9conomiques au sein du gouvernement Bayrou<span class=\"ez-toc-section-end\"><\/span><\/h2>\n\n<p class=\"wp-block-paragraph\">Bien que les ministres les plus riches attirent l&rsquo;attention du public, il est tout aussi important de se pencher sur les membres du gouvernement Bayrou dont les patrimoines sont nettement plus modestes. Cela peut offrir une autre perspective sur la composition du gouvernement et sur la diversit\u00e9 des origines \u00e9conomiques de ses membres.<\/p>\n\n<p class=\"wp-block-paragraph\">Avec un patrimoine net d&rsquo;environ 130 000 euros, <strong>Manuel Valls<\/strong>, ministre des Outre-mer, et encore plus <strong>G\u00e9rald Darmanin<\/strong>, ministre de la Justice, dont le patrimoine net est de 77 821 euros, apparaissent comme les moins fortun\u00e9s. Ces figures repr\u00e9sentent un contraste majeur avec les fortunes des Ferracci et Lombard. Ce d\u00e9s\u00e9quilibre pose des questions sur l&rsquo;\u00e9galit\u00e9 d&rsquo;acc\u00e8s \u00e0 des postes \u00e9lev\u00e9s pour ceux qui ne viennent pas de familles riches.<\/p>\n\n<p class=\"wp-block-paragraph\">Voici un aper\u00e7u des patrimoines des ministres moins fortun\u00e9s :<\/p>\n\n<figure class=\"wp-block-table\"><table>\n<thead>\n<tr>\n<th>Ministre<\/th>\n<th>Poste<\/th>\n<th>Patrimoine Net (en euros)<\/th>\n<\/tr>\n<\/thead>\n<tbody>\n<tr>\n<td>Manuel Valls<\/td>\n<td>Outre-mer<\/td>\n<td>130,000<\/td>\n<\/tr>\n<tr>\n<td>G\u00e9rald Darmanin<\/td>\n<td>Justice<\/td>\n<td>77,821<\/td>\n<\/tr>\n<\/tbody>\n<\/table><\/figure>\n\n<p class=\"wp-block-paragraph\">Ce tableau souligne qu&rsquo;avec des patrimoines vari\u00e9s, chaque ministre peut apporter une perspective unique aux discussions politiques et aux d\u00e9cisions de <strong>gouvernement<\/strong>. Cependant, cette diversit\u00e9 soul\u00e8ve \u00e9galement la question de savoir si tous les ministres ont une \u00e9gale capacit\u00e9 d&rsquo;influencer les d\u00e9bats \u00e9conomiques et sociaux, ou si ceux provenant de milieux modestes font face \u00e0 davantage de d\u00e9fis lorsqu&rsquo;il s&rsquo;agit de se faire entendre.<\/p>\n\n<p class=\"wp-block-paragraph\"><otoinstagram href=\"https:\/\/www.capital.fr\/votre-argent\/declaration-de-patrimoine-1350637\" uid=\"instagram-68495fd65d205\"><\/otoinstagram><\/p>\n\n<p class=\"wp-block-paragraph\">Par ailleurs, le faible patrimoine net de certains ministres peut \u00eatre consid\u00e9r\u00e9 \u00e0 la fois comme une force et une faiblesse. Tandis que certains voient cela comme une preuve d&rsquo;une vie consacr\u00e9e au service public plut\u00f4t qu&rsquo;\u00e0 l&rsquo;enrichissement personnel, d&rsquo;autres pourraient y voir un manque de comp\u00e9tence financi\u00e8re ou de succ\u00e8s dans leurs entreprises pass\u00e9es. Se pose alors la question de l&rsquo;efficacit\u00e9 et de la pertinence des politiques \u00e9conomiques qu&rsquo;ils proposent.<\/p>\n\n<p class=\"wp-block-paragraph\">Par exemple, lorsque Fran\u00e7ois Bayrou lui-m\u00eame, avec un patrimoine de \u00ab\u00a0seulement\u00a0\u00bb 1,3 million d&rsquo;euros, occupe le poste de Premier ministre, cela peut renforcer l&rsquo;id\u00e9e que la richesse ne devrait pas \u00eatre le principal crit\u00e8re de jugement des capacit\u00e9s d&rsquo;un ministre.<\/p>\n\n<p class=\"wp-block-paragraph\">Consultez la r\u00e9partition des patrimoines au sein du gouvernement sur <a href=\"https:\/\/www.leparisien.fr\/politique\/le-patrimoine-des-membres-du-gouvernement-de-francois-bayrou-publie-marc-ferracci-et-eric-lombard-sont-les-plus-fortunes-10-06-2025-2ZG6LUMUEVG4HE7FOPGGXTSX7Y.php\" target=\"_blank\" rel=\"noopener nofollow\">cet article<\/a>.<\/p>\n\n<h2 class=\"wp-block-heading\"><span class=\"ez-toc-section\" id=\"Impact_des_declarations_de_patrimoine_sur_la_confiance_publique\"><\/span>Impact des d\u00e9clarations de patrimoine sur la confiance publique<span class=\"ez-toc-section-end\"><\/span><\/h2>\n\n<p class=\"wp-block-paragraph\">Les d\u00e9clarations de patrimoine peuvent servir d&rsquo;outil puissant pour renforcer la <strong>confiance<\/strong> du public envers le <strong>gouvernement<\/strong> et les ministres qui le composent. Elles fournissent une image plus compl\u00e8te des responsables politiques et permettent au grand public d&rsquo;appr\u00e9cier leur honn\u00eatet\u00e9 et leur engagement envers la transparence. Toutefois, ces d\u00e9clarations seules ne sont pas suffisantes pour garantir cette confiance.<\/p>\n\n<p class=\"wp-block-paragraph\">Pour qu&rsquo;elles jouent pleinement leur r\u00f4le, il est essentiel que les citoyens aient la garantie de la v\u00e9racit\u00e9 et de l&rsquo;exhaustivit\u00e9 des informations fournies. Des m\u00e9canismes rigoureux de v\u00e9rification des donn\u00e9es d\u00e9clar\u00e9es constituent donc une pierre angulaire pour maintenir la cr\u00e9dibilit\u00e9 du syst\u00e8me et \u00e9viter les d\u00e9rives. Sans une validation ind\u00e9pendante et r\u00e9guli\u00e8re, ces mesures risquent de devenir symboliques et inefficaces.<\/p>\n\n<p class=\"wp-block-paragraph\">Les avantages per\u00e7us par la soci\u00e9t\u00e9 incluent :<\/p>\n\n<ul class=\"wp-block-list\"><li><strong>R\u00e9duction des soup\u00e7ons<\/strong> concernant l&rsquo;int\u00e9grit\u00e9 des figures publiques, surtout en ce qui concerne leurs d\u00e9cisions politiques.<\/li><li><strong>Accountability<\/strong> : Responsabilisation accrue quant aux d\u00e9cisions \u00e9conomiques et fiscales adopt\u00e9es.<\/li><li><strong>Encouragement \u00e0 la transparence pour tous les niveaux du gouvernement<\/strong>, y compris les acteurs locaux et r\u00e9gionaux.<\/li><\/ul>\n\n<p class=\"wp-block-paragraph\">La publication r\u00e9guli\u00e8re de ces d\u00e9clarations a un effet normatif, incitant m\u00eame ceux qui ne sont pas l\u00e9galement tenus de publier leur patrimoine \u00e0 le faire volontairement. Cela aide \u00e0 d\u00e9finir un standard \u00e9thique attendu des leaders politiques \u00e0 tous les niveaux de l&rsquo;administration.<\/p>\n\n<p class=\"wp-block-paragraph\">Prenant exemple sur des cas pass\u00e9s, notamment en France et \u00e0 l&rsquo;\u00e9tranger, plusieurs \u00e9tudes ont d\u00e9montr\u00e9 que les pratiques transparentes non seulement augmentent la confiance, mais favorisent \u00e9galement une plus grande participation citoyenne, essentielle \u00e0 la bonne sant\u00e9 d&rsquo;une d\u00e9mocratie.<\/p>\n\n\n\n<p class=\"wp-block-paragraph\">Toutefois, pour aller de l&rsquo;avant, les <strong>institutions<\/strong> doivent sans cesse \u00e9valuer l&rsquo;efficacit\u00e9 de ces pratiques et mettre \u00e0 jour les r\u00e8gles pour r\u00e9pondre aux nouvelles attentes du public, en adaptant par exemple les formulaires de d\u00e9claration et en \u00e9largissant la port\u00e9e des v\u00e9rifications effectu\u00e9es.<\/p>\n\n<p class=\"wp-block-paragraph\">Pour plus de d\u00e9tails et analyses, vous pouvez vous r\u00e9f\u00e9rer \u00e0 <a href=\"https:\/\/www.sudouest.fr\/economie\/finances\/gouvernement-bayrou-qui-sont-les-ministres-les-plus-fortunes-decouvrez-leur-patrimoine-24806026.php\" target=\"_blank\" rel=\"noopener nofollow\">cet article<\/a>.<\/p>\n\n<h2 class=\"wp-block-heading\"><span class=\"ez-toc-section\" id=\"Consequences_sur_le_paysage_politique_francais\"><\/span>Cons\u00e9quences sur le paysage politique fran\u00e7ais<span class=\"ez-toc-section-end\"><\/span><\/h2>\n\n<p class=\"wp-block-paragraph\">La publication des patrimoines des ministres du gouvernement de Fran\u00e7ois Bayrou en 2025 n&rsquo;est pas simplement un exercice de transparence. Elle a des r\u00e9percussions plus larges sur le paysage politique fran\u00e7ais en renfor\u00e7ant la perception publique de l&rsquo;int\u00e9grit\u00e9 politique mais aussi en influen\u00e7ant les futurs processus de prise de d\u00e9cision. Ces d\u00e9clarations mettent \u00e9galement en lumi\u00e8re les divers profils \u00e9conomiques des leaders politiques, ce qui pourrait r\u00e9orienter l&rsquo;attention sur la mani\u00e8re dont les politiques \u00e9conomiques sont con\u00e7ues et mises en \u0153uvre.<\/p>\n\n<p class=\"wp-block-paragraph\">La transparence financi\u00e8re des hauts responsables rev\u00eat une importance particuli\u00e8re dans un contexte o\u00f9 la d\u00e9fiance envers les \u00e9lus demeure omnipr\u00e9sente. Une publication aussi \u00e9tendue cr\u00e9e un pr\u00e9c\u00e9dent pour les gouvernements futurs, posant une nouvelle norme d&rsquo;attente pour la transparence administrative.<\/p>\n\n<p class=\"wp-block-paragraph\">Pour explorer davantage le contexte et les implications de ces d\u00e9clarations de patrimoine, vous pouvez consulter des sources comme <a href=\"https:\/\/www.lexpress.fr\/politique\/gouvernement-bayrou-marc-ferracci-rachida-dati-les-ministres-qui-ont-le-plus-gros-patrimoine-SNTC474OEFB2LDO2QDKSSI2GT4\/\" target=\"_blank\" rel=\"noopener nofollow\">cet article<\/a>.<\/p>\n\n\n\n<p class=\"wp-block-paragraph\">L&rsquo;impact sur le syst\u00e8me politique est \u00e9galement multipli\u00e9 par l&rsquo;effet de comparaison avec d&rsquo;autres nations. La France, en agissant ainsi, pourrait inciter d&rsquo;autres pays \u00e0 adopter des pratiques similaires, promouvant un standard universel de transparence qui pourrait transformer la mani\u00e8re dont les citoyens per\u00e7oivent leurs gouvernements. Ainsi, une action nationale mineure a le potentiel d&rsquo;engendrer des r\u00e9percussions internationales significatives, montrant une fois encore la complexit\u00e9 de la politique mondiale d&rsquo;aujourd&rsquo;hui.<\/p>\n\n<p class=\"wp-block-paragraph\">Les r\u00e9percussions int\u00e9rieures sont donc nombreuses, allant de l&rsquo;augmentation des normes auxquelles les ministres doivent adh\u00e9rer \u00e0 peut-\u00eatre inciter une nouvelle g\u00e9n\u00e9ration de leaders d\u00e9sireux de servir plus qu&rsquo;ils ne cherchent \u00e0 s&rsquo;enrichir. Une telle transformation serait en effet tr\u00e8s bienvenue dans un monde o\u00f9 les dirigeants sont souvent jug\u00e9s en fonction de leur richesse personnelle plut\u00f4t que de leur contribution au bien-\u00eatre de la soci\u00e9t\u00e9.<\/p>\n\n<p class=\"wp-block-paragraph\">Pour un examen complet de ces r\u00e9percussions positives, consultez <a href=\"https:\/\/actu.fr\/politique\/jusqu-a-23-millions-d-euros-de-patrimoine-ces-ministres-du-gouvernement-bayrou-assis-sur-une-petite-fortune_62755680.html\" target=\"_blank\" rel=\"noopener nofollow\">ce lien<\/a>.<\/p>","protected":false},"excerpt":{"rendered":"<p>La transparence des finances publiques est toujours au centre des pr\u00e9occupations lorsqu&rsquo;il s&rsquo;agit d&rsquo;\u00e9valuer les &#8230; <\/p>\n<p class=\"read-more-container\"><a title=\"Les ministres du gouvernement de Fran\u00e7ois Bayrou rendent publiques leurs d\u00e9clarations de patrimoine\" class=\"read-more button\" href=\"https:\/\/le-communique.fr\/de\/les-ministres-du-gouvernement-de-francois-bayrou-rendent-publiques-leurs-declarations-de-patrimoine\/#more-12575\" aria-label=\"Mehr Informationen \u00fcber Les ministres du gouvernement de Fran\u00e7ois Bayrou rendent publiques leurs d\u00e9clarations de patrimoine\">Read More<\/a><\/p>","protected":false},"author":40,"featured_media":12702,"comment_status":"open","ping_status":"open","sticky":false,"template":"","format":"standard","meta":{"footnotes":""},"categories":[1],"tags":[3368,3199,2846,3367,3318],"class_list":["post-12575","post","type-post","status-publish","format-standard","has-post-thumbnail","hentry","category-non-classe","tag-declarations-de-patrimoine","tag-francois-bayrou","tag-gouvernement","tag-ministres","tag-transparence","infinite-scroll-item","generate-columns","tablet-grid-50","mobile-grid-100","grid-parent","grid-25","no-featured-image-padding"],"_links":{"self":[{"href":"https:\/\/le-communique.fr\/de\/wp-json\/wp\/v2\/posts\/12575","targetHints":{"allow":["GET"]}}],"collection":[{"href":"https:\/\/le-communique.fr\/de\/wp-json\/wp\/v2\/posts"}],"about":[{"href":"https:\/\/le-communique.fr\/de\/wp-json\/wp\/v2\/types\/post"}],"author":[{"embeddable":true,"href":"https:\/\/le-communique.fr\/de\/wp-json\/wp\/v2\/users\/40"}],"replies":[{"embeddable":true,"href":"https:\/\/le-communique.fr\/de\/wp-json\/wp\/v2\/comments?post=12575"}],"version-history":[{"count":0,"href":"https:\/\/le-communique.fr\/de\/wp-json\/wp\/v2\/posts\/12575\/revisions"}],"wp:featuredmedia":[{"embeddable":true,"href":"https:\/\/le-communique.fr\/de\/wp-json\/wp\/v2\/media\/12702"}],"wp:attachment":[{"href":"https:\/\/le-communique.fr\/de\/wp-json\/wp\/v2\/media?parent=12575"}],"wp:term":[{"taxonomy":"category","embeddable":true,"href":"https:\/\/le-communique.fr\/de\/wp-json\/wp\/v2\/categories?post=12575"},{"taxonomy":"post_tag","embeddable":true,"href":"https:\/\/le-communique.fr\/de\/wp-json\/wp\/v2\/tags?post=12575"}],"curies":[{"name":"wp","href":"https:\/\/api.w.org\/{rel}","templated":true}]}}