{"id":12572,"date":"2025-06-10T23:04:19","date_gmt":"2025-06-10T21:04:19","guid":{"rendered":"https:\/\/le-communique.fr\/viktor-orban-en-visite-tout-ce-quil-faut-savoir-sur-la-mobilisation-de-lextreme-droite-europeenne-avec-marine-le-pen-et-jordan-bardella-dans-le-loiret\/"},"modified":"2025-06-10T23:04:19","modified_gmt":"2025-06-10T21:04:19","slug":"viktor-orban-en-visite-tout-ce-quil-faut-savoir-sur-la-mobilisation-de-lextreme-droite-europeenne-avec-marine-le-pen-et-jordan-bardella-dans-le-loiret","status":"publish","type":"post","link":"https:\/\/le-communique.fr\/de\/viktor-orban-en-visite-tout-ce-quil-faut-savoir-sur-la-mobilisation-de-lextreme-droite-europeenne-avec-marine-le-pen-et-jordan-bardella-dans-le-loiret\/","title":{"rendered":"Viktor Orban en visite : tout ce qu&rsquo;il faut savoir sur la mobilisation de l&rsquo;extr\u00eame droite europ\u00e9enne avec Marine Le Pen et Jordan Bardella dans le Loiret"},"content":{"rendered":"<p class=\"wp-block-paragraph\">Dans le cadre d&rsquo;une mont\u00e9e en puissance de l&rsquo;extr\u00eame droite europ\u00e9enne, la pr\u00e9sence de Viktor Orban en France, aux c\u00f4t\u00e9s de figures embl\u00e9matiques comme Marine Le Pen et Jordan Bardella, marque un tournant dans la politique europ\u00e9enne. Cet \u00e9v\u00e9nement se d\u00e9roule \u00e0 Mormant-sur-Vernisson, village du Loiret, o\u00f9 le Rassemblement national souhaite c\u00e9l\u00e9brer sa r\u00e9cente victoire \u00e9lectorale avec un grand rassemblement. Des personnalit\u00e9s politiques influentes telles que Matteo Salvini et Geert Wilders sont \u00e9galement attendues. Ce rassemblement t\u00e9moigne de la volont\u00e9 de ces dirigeants de renforcer leur influence au sein de l&rsquo;Union europ\u00e9enne, malgr\u00e9 les divergences id\u00e9ologiques sous-jacentes, qui mettent en lumi\u00e8re les tensions internes au sein de cette mouvance populiste.<\/p>\n\n<div id=\"ez-toc-container\" class=\"ez-toc-v2_0_87 counter-hierarchy ez-toc-counter ez-toc-grey ez-toc-container-direction\">\n<div class=\"ez-toc-title-container\">\n<p class=\"ez-toc-title\" style=\"cursor:inherit\">Table of Contents<\/p>\n<span class=\"ez-toc-title-toggle\"><a href=\"#\" class=\"ez-toc-pull-right ez-toc-btn ez-toc-btn-xs ez-toc-btn-default ez-toc-toggle\" aria-label=\"Toggle Table of Content\"><span class=\"ez-toc-js-icon-con\"><span class=\"\"><span class=\"eztoc-hide\" style=\"display:none;\">Toggle<\/span><span class=\"ez-toc-icon-toggle-span\"><svg style=\"fill: #999;color:#999\" xmlns=\"http:\/\/www.w3.org\/2000\/svg\" class=\"list-377408\" width=\"20px\" height=\"20px\" viewbox=\"0 0 24 24\" fill=\"none\"><path d=\"M6 6H4v2h2V6zm14 0H8v2h12V6zM4 11h2v2H4v-2zm16 0H8v2h12v-2zM4 16h2v2H4v-2zm16 0H8v2h12v-2z\" fill=\"currentColor\"><\/path><\/svg><svg style=\"fill: #999;color:#999\" class=\"arrow-unsorted-368013\" xmlns=\"http:\/\/www.w3.org\/2000\/svg\" width=\"10px\" height=\"10px\" viewbox=\"0 0 24 24\" version=\"1.2\" baseprofile=\"tiny\"><path d=\"M18.2 9.3l-6.2-6.3-6.2 6.3c-.2.2-.3.4-.3.7s.1.5.3.7c.2.2.4.3.7.3h11c.3 0 .5-.1.7-.3.2-.2.3-.5.3-.7s-.1-.5-.3-.7zM5.8 14.7l6.2 6.3 6.2-6.3c.2-.2.3-.5.3-.7s-.1-.5-.3-.7c-.2-.2-.4-.3-.7-.3h-11c-.3 0-.5.1-.7.3-.2.2-.3.5-.3.7s.1.5.3.7z\"\/><\/svg><\/span><\/span><\/span><\/a><\/span><\/div>\n<nav><ul class='ez-toc-list ez-toc-list-level-1' ><li class='ez-toc-page-1 ez-toc-heading-level-2'><a class=\"ez-toc-link ez-toc-heading-1\" href=\"https:\/\/le-communique.fr\/de\/viktor-orban-en-visite-tout-ce-quil-faut-savoir-sur-la-mobilisation-de-lextreme-droite-europeenne-avec-marine-le-pen-et-jordan-bardella-dans-le-loiret\/#Le_choix_strategique_de_Mormant-sur-Vernisson_pour_le_rassemblement_de_lextreme_droite\" >Le choix strat\u00e9gique de Mormant-sur-Vernisson pour le rassemblement de l&rsquo;extr\u00eame droite<\/a><\/li><li class='ez-toc-page-1 ez-toc-heading-level-2'><a class=\"ez-toc-link ez-toc-heading-2\" href=\"https:\/\/le-communique.fr\/de\/viktor-orban-en-visite-tout-ce-quil-faut-savoir-sur-la-mobilisation-de-lextreme-droite-europeenne-avec-marine-le-pen-et-jordan-bardella-dans-le-loiret\/#Une_mobilisation_inedite_des_figures_de_lextreme_droite_europeenne\" >Une mobilisation in\u00e9dite des figures de l&rsquo;extr\u00eame droite europ\u00e9enne<\/a><\/li><li class='ez-toc-page-1 ez-toc-heading-level-2'><a class=\"ez-toc-link ez-toc-heading-3\" href=\"https:\/\/le-communique.fr\/de\/viktor-orban-en-visite-tout-ce-quil-faut-savoir-sur-la-mobilisation-de-lextreme-droite-europeenne-avec-marine-le-pen-et-jordan-bardella-dans-le-loiret\/#La_scene_politique_francaise_bouleversee_le_duo_Le_Pen-Bardella_en_question\" >La sc\u00e8ne politique fran\u00e7aise boulevers\u00e9e : le duo Le Pen-Bardella en question<\/a><\/li><li class='ez-toc-page-1 ez-toc-heading-level-2'><a class=\"ez-toc-link ez-toc-heading-4\" href=\"https:\/\/le-communique.fr\/de\/viktor-orban-en-visite-tout-ce-quil-faut-savoir-sur-la-mobilisation-de-lextreme-droite-europeenne-avec-marine-le-pen-et-jordan-bardella-dans-le-loiret\/#Contre-manifestation_a_Montargis_la_reponse_des_forces_de_gauche_et_des_syndicats\" >Contre-manifestation \u00e0 Montargis : la r\u00e9ponse des forces de gauche et des syndicats<\/a><\/li><li class='ez-toc-page-1 ez-toc-heading-level-2'><a class=\"ez-toc-link ez-toc-heading-5\" href=\"https:\/\/le-communique.fr\/de\/viktor-orban-en-visite-tout-ce-quil-faut-savoir-sur-la-mobilisation-de-lextreme-droite-europeenne-avec-marine-le-pen-et-jordan-bardella-dans-le-loiret\/#Implications_europeennes_et_perspectives_futures_du_populisme\" >Implications europ\u00e9ennes et perspectives futures du populisme<\/a><\/li><\/ul><\/nav><\/div>\n<h2 class=\"wp-block-heading\"><span class=\"ez-toc-section\" id=\"Le_choix_strategique_de_Mormant-sur-Vernisson_pour_le_rassemblement_de_lextreme_droite\"><\/span>Le choix strat\u00e9gique de Mormant-sur-Vernisson pour le rassemblement de l&rsquo;extr\u00eame droite<span class=\"ez-toc-section-end\"><\/span><\/h2>\n\n<p class=\"wp-block-paragraph\">Le choix du lieu de rassemblement \u00e0 Mormant-sur-Vernisson n&rsquo;est pas anodin. Situ\u00e9e \u00e0 proximit\u00e9 de Paris, cette petite commune du Loiret a \u00e9t\u00e9 sp\u00e9cialement s\u00e9lectionn\u00e9e pour accueillir cet \u00e9v\u00e9nement embl\u00e9matique. Selon Thomas M\u00e9nag\u00e9, d\u00e9put\u00e9 RN, ce choix d\u00e9coule de la n\u00e9cessit\u00e9 de trouver un lieu champ\u00eatre non loin de la capitale. Le village avait d\u00e9j\u00e0 montr\u00e9 un soutien fort au Rassemblement national, avec des r\u00e9sultats \u00e9lectoraux impressionnants. Par exemple, la r\u00e9\u00e9lection de Thomas M\u00e9nag\u00e9 dans la circonscription a vu un r\u00e9sultat \u00e9clatant \u00e0 Mormant, atteignant 89,86% des voix, un score qui t\u00e9moigne de l&rsquo;ancrage de cette r\u00e9gion dans la strat\u00e9gie du RN.<\/p>\n\n<p class=\"wp-block-paragraph\">Au-del\u00e0 du contexte \u00e9lectoral, l&rsquo;ancien maire, Christian Charpentier, r\u00e9side parmi les atouts pour faire de Mormant-sur-Vernisson le c\u0153ur battant de cet \u00e9v\u00e9nement. Son affinit\u00e9 avec les organisateurs du rassemblement permet de renforcer la l\u00e9gitimit\u00e9 et l&rsquo;attrait de cette localit\u00e9 pour le RN. La pr\u00e9sence d&rsquo;un dirigeant comme Viktor Orban en France, apr\u00e8s avoir r\u00e9cemment exprim\u00e9 son soutien \u00e0 Marine Le Pen dans diverses interviews <a href=\"https:\/\/www.tf1info.fr\/international\/interview-exceptionnel-le-dirigeant-hongrois-viktor-orban-invite-de-lci-dans-face-a-darius-rochebin-2375730.html\" target=\"_blank\" rel=\"noopener nofollow\">sur LCI<\/a> et sa volont\u00e9 de voir cette derni\u00e8re prendre le pouvoir, rajoute une dimension internationale \u00e0 cette r\u00e9union.<\/p>\n\n<figure class=\"wp-block-image size-full\"><img loading=\"lazy\" decoding=\"async\" width=\"2016\" height=\"1152\" src=\"https:\/\/le-communique.fr\/wp-content\/uploads\/2025\/06\/Viktor-Orban-en-visite-tout-ce-quil-faut-savoir-sur-la-mobilisation-de-lextreme-droite-europeenne-avec-Marine-Le-Pen-et-Jordan-Bardella-dans-le-Loiret-1.png\" alt=\"d\u00e9couvrez les enjeux de la visite de viktor orban dans le loiret, au c\u0153ur de la mobilisation de l&#039;extr\u00eame droite europ\u00e9enne. analyse des positions de marine le pen et jordan bardella, et les cons\u00e9quences de cette rencontre sur la politique fran\u00e7aise et europ\u00e9enne.\" class=\"wp-image-12570\" srcset=\"https:\/\/le-communique.fr\/wp-content\/uploads\/2025\/06\/Viktor-Orban-en-visite-tout-ce-quil-faut-savoir-sur-la-mobilisation-de-lextreme-droite-europeenne-avec-Marine-Le-Pen-et-Jordan-Bardella-dans-le-Loiret-1.png 2016w, https:\/\/le-communique.fr\/wp-content\/uploads\/2025\/06\/Viktor-Orban-en-visite-tout-ce-quil-faut-savoir-sur-la-mobilisation-de-lextreme-droite-europeenne-avec-Marine-Le-Pen-et-Jordan-Bardella-dans-le-Loiret-1-300x171.png 300w, https:\/\/le-communique.fr\/wp-content\/uploads\/2025\/06\/Viktor-Orban-en-visite-tout-ce-quil-faut-savoir-sur-la-mobilisation-de-lextreme-droite-europeenne-avec-Marine-Le-Pen-et-Jordan-Bardella-dans-le-Loiret-1-1024x585.png 1024w, https:\/\/le-communique.fr\/wp-content\/uploads\/2025\/06\/Viktor-Orban-en-visite-tout-ce-quil-faut-savoir-sur-la-mobilisation-de-lextreme-droite-europeenne-avec-Marine-Le-Pen-et-Jordan-Bardella-dans-le-Loiret-1-768x439.png 768w, https:\/\/le-communique.fr\/wp-content\/uploads\/2025\/06\/Viktor-Orban-en-visite-tout-ce-quil-faut-savoir-sur-la-mobilisation-de-lextreme-droite-europeenne-avec-Marine-Le-Pen-et-Jordan-Bardella-dans-le-Loiret-1-1536x878.png 1536w, https:\/\/le-communique.fr\/wp-content\/uploads\/2025\/06\/Viktor-Orban-en-visite-tout-ce-quil-faut-savoir-sur-la-mobilisation-de-lextreme-droite-europeenne-avec-Marine-Le-Pen-et-Jordan-Bardella-dans-le-Loiret-1-18x10.png 18w\" sizes=\"auto, (max-width: 2016px) 100vw, 2016px\" \/><\/figure>\n\n<p class=\"wp-block-paragraph\">Ce rassemblement \u00e0 Mormant va au-del\u00e0 d&rsquo;une simple f\u00eate. Il vise \u00e0 afficher une alliance des mouvements populistes europ\u00e9ens en utilisant le cadre champ\u00eatre du Loiret pour marquer symboliquement le rapprochement entre ces diff\u00e9rentes figures politiques. En outre, cela fournit une occasion strat\u00e9gique de repositionner le Rassemblement national dans le contexte des \u00e9lections europ\u00e9ennes et de la sc\u00e8ne politique nationale. Ce n&rsquo;est pas la premi\u00e8re fois que la petite bourgade devient le cadre d&rsquo;une telle op\u00e9ration, mais l&rsquo;ampleur de cet \u00e9v\u00e9nement et la qualit\u00e9 des invit\u00e9s pr\u00e9sents le rendent particuli\u00e8rement significatif.<\/p>\n\n<figure class=\"wp-block-table\"><table>\n<thead>\n<tr>\n<th>Crit\u00e8res de choix<\/th>\n<th>\u00c9l\u00e9ments justifiant le choix de Mormant-sur-Vernisson<\/th>\n<\/tr>\n<\/thead>\n<tbody>\n<tr>\n<td>Proximit\u00e9 de Paris<\/td>\n<td>Facilement accessible depuis la capitale<\/td>\n<\/tr>\n<tr>\n<td>Sympathie \u00e9lectorale<\/td>\n<td>Score de 89,86% pour le RN localement<\/td>\n<\/tr>\n<tr>\n<td>Support local<\/td>\n<td>Relations favorables avec l&rsquo;ancien maire<\/td>\n<\/tr>\n<\/tbody>\n<\/table><\/figure>\n\n<h2 class=\"wp-block-heading\"><span class=\"ez-toc-section\" id=\"Une_mobilisation_inedite_des_figures_de_lextreme_droite_europeenne\"><\/span>Une mobilisation in\u00e9dite des figures de l&rsquo;extr\u00eame droite europ\u00e9enne<span class=\"ez-toc-section-end\"><\/span><\/h2>\n\n<p class=\"wp-block-paragraph\">La r\u00e9union \u00e0 Mormant attire non seulement le public fran\u00e7ais, mais aussi les regards de l&rsquo;Europe enti\u00e8re, avec la venue de diff\u00e9rentes figures embl\u00e9matiques de l&rsquo;extr\u00eame droite continentale. Viktor Orban, en ligne de mire, avec son discours attendu \u00e0 la tribune sur fond de populisme, s&rsquo;inscrit dans cette d\u00e9marche de renforcement des mouvements nationalistes. Matteo Salvini, Santiago Abascal, et Geert Wilders, chacun apportant sa propre saveur \u00e0 cette palette politique, seront \u00e9galement de la partie. Leur pr\u00e9sence illustre une dynamique de plus en plus europ\u00e9enne, o\u00f9 les diff\u00e9rentes mouvances cherchent \u00e0 unifier leurs forces pour peser plus lourdement au Parlement europ\u00e9en.<\/p>\n\n<p class=\"wp-block-paragraph\">Le groupe <strong>Patriotes pour l&rsquo;Europe<\/strong> auquel ces leaders appartiennent, bien qu&rsquo;encore en comp\u00e9tition avec d&rsquo;autres factions d&rsquo;extr\u00eame droite comme les <a href=\"https:\/\/le-communique.fr\/de\/decryptage-lextreme-droite-en-perte-de-vitesse-aux-pays-bas-pour-les-elections-europeennes-2024-le-debut-dune-nouvelle-ere-politique-en-europe\/\">Conservateurs<\/a>, continue d&rsquo;\u00e9largir son influence. Avec un total de 85 eurod\u00e9put\u00e9s, ces partis collaborent malgr\u00e9 leurs diff\u00e9rences id\u00e9ologiques. La compromission est parfois difficile \u00e0 maintenir, et les divergences internes sur des sujets aussi vari\u00e9s que le <a href=\"https:\/\/www.franceinfo.fr\/politique\/front-national\/viktor-orban-invite-une-contre-manifestation-organisee-ce-que-l-on-sait-du-rassemblement-de-l-extreme-droite-europeenne-autour-de-marine-le-pen-et-jordan-bardella-dans-le-loiret_7301385.html\" target=\"_blank\" rel=\"noopener nofollow\">trumpisme<\/a> ou certaines politiques ultraconservatrices \u00e9mergent r\u00e9guli\u00e8rement. Marine Le Pen, par exemple, se retrouve parfois en d\u00e9calage avec ses homologues europ\u00e9ens. <\/p>\n\n<figure class=\"is-provider-youtube is-type-video wp-block-embed wp-block-embed-youtube wp-embed-aspect-16-9 wp-has-aspect-ratio\"><div class=\"wp-block-embed__wrapper\">\n<iframe loading=\"lazy\" title=\"Surveillante poignard\u00e9e : Marine Le Pen d\u00e9nonce la &quot;banalisation de l&#039;ultraviolence&quot;\" width=\"1200\" height=\"675\" src=\"https:\/\/www.youtube.com\/embed\/own4sRRQJyE?feature=oembed\" frameborder=\"0\" allow=\"accelerometer; autoplay; clipboard-write; encrypted-media; gyroscope; picture-in-picture; web-share\" referrerpolicy=\"strict-origin-when-cross-origin\" allowfullscreen><\/iframe>\n<\/div><\/figure>\n\n<p class=\"wp-block-paragraph\">Cependant, cette diversit\u00e9 n&rsquo;est pas per\u00e7ue comme un d\u00e9savantage, mais plut\u00f4t comme une richesse permettant \u00e0 ce groupe de naviguer dans les m\u00e9andres politiques europ\u00e9ens. Comme le souligne Philippe Ballard, porte-parole du RN, \u00ab\u00a0On peut avoir des divergences, on n&rsquo;est pas oblig\u00e9s d&rsquo;\u00eatre tous align\u00e9s sur les m\u00eames points de vue\u00a0\u00bb, une perspective qui permet de justifier la cohabitation de ces id\u00e9ologies.<\/p>\n\n<p class=\"wp-block-paragraph\">Cette rencontre constitue un test de coh\u00e9sion et une opportunit\u00e9 pour pr\u00e9senter une image d&rsquo;unit\u00e9 face aux \u00e9lecteurs. Chacun de ces leaders esp\u00e8re que l&rsquo;impact m\u00e9diatique et les collaborations renforc\u00e9es compenseront les tensions internes et offriront aux Patriotes pour l&rsquo;Europe un noyau dur suffisamment solide pour rivaliser politiquement avec les g\u00e9ants traditionnels de l&rsquo;Union europ\u00e9enne.<\/p>\n\n<ul class=\"wp-block-list\"><li>Renforcement de la visibilit\u00e9 m\u00e9diatique<\/li><li>Coordination transnationale accrue<\/li><li>D\u00e9monstration de force collective<\/li><\/ul>\n\n<h2 class=\"wp-block-heading\"><span class=\"ez-toc-section\" id=\"La_scene_politique_francaise_bouleversee_le_duo_Le_Pen-Bardella_en_question\"><\/span>La sc\u00e8ne politique fran\u00e7aise boulevers\u00e9e : le duo Le Pen-Bardella en question<span class=\"ez-toc-section-end\"><\/span><\/h2>\n\n<p class=\"wp-block-paragraph\">La dynamique traditionnelle entre Marine Le Pen et Jordan Bardella continue d&rsquo;\u00eatre observ\u00e9e de pr\u00e8s, surtout dans le contexte actuel o\u00f9 les tensions internes pourraient red\u00e9finir les r\u00f4les au sein du Rassemblement national. Historiquement, Marine Le Pen a orient\u00e9 sa strat\u00e9gie vers la pr\u00e9sidence tandis que Bardella se concentrait sur une \u00e9ventuelle nomination \u00e0 Matignon. Cependant, la r\u00e9cente condamnation de Marine Le Pen dans l&rsquo;affaire des assistants parlementaires europ\u00e9ens, dont elle a fait appel, pourrait bouleverser ce sch\u00e9ma bien rod\u00e9.<\/p>\n\n<p class=\"wp-block-paragraph\">En effet, cette affaire judiciaire risque de rendre Marine Le Pen in\u00e9ligible, ce qui ouvrirait la voie \u00e0 Jordan Bardella pour la candidature pr\u00e9sidentielle de 2027. Bardella, devenu l&rsquo;une des figures de proue de l&rsquo;extr\u00eame droite fran\u00e7aise gr\u00e2ce \u00e0 sa popularit\u00e9 grandissante et \u00e0 son succ\u00e8s litt\u00e9raire r\u00e9cent, pourrait alors devenir le candidat principal du RN. La perspective d&rsquo;une telle transition suscite des sp\u00e9culations, et il reste \u00e0 voir comment le duo parviendra \u00e0 maintenir une fa\u00e7ade d&rsquo;unit\u00e9 lors de ce rassemblement dans le Loiret.<\/p>\n\n<figure class=\"wp-block-image size-full\"><img loading=\"lazy\" decoding=\"async\" width=\"2016\" height=\"1152\" src=\"https:\/\/le-communique.fr\/wp-content\/uploads\/2025\/06\/Viktor-Orban-en-visite-tout-ce-quil-faut-savoir-sur-la-mobilisation-de-lextreme-droite-europeenne-avec-Marine-Le-Pen-et-Jordan-Bardella-dans-le-Loiret-2.png\" alt=\"d\u00e9couvrez les d\u00e9tails de la visite de viktor orban dans le loiret, un \u00e9v\u00e9nement marquant pour la mobilisation de l&#039;extr\u00eame droite europ\u00e9enne. plongez dans l&#039;analyse des r\u00e9percussions de cette rencontre avec marine le pen et jordan bardella, et explorez les enjeux politiques majeurs qui en d\u00e9coulent.\" class=\"wp-image-12571\" srcset=\"https:\/\/le-communique.fr\/wp-content\/uploads\/2025\/06\/Viktor-Orban-en-visite-tout-ce-quil-faut-savoir-sur-la-mobilisation-de-lextreme-droite-europeenne-avec-Marine-Le-Pen-et-Jordan-Bardella-dans-le-Loiret-2.png 2016w, https:\/\/le-communique.fr\/wp-content\/uploads\/2025\/06\/Viktor-Orban-en-visite-tout-ce-quil-faut-savoir-sur-la-mobilisation-de-lextreme-droite-europeenne-avec-Marine-Le-Pen-et-Jordan-Bardella-dans-le-Loiret-2-300x171.png 300w, https:\/\/le-communique.fr\/wp-content\/uploads\/2025\/06\/Viktor-Orban-en-visite-tout-ce-quil-faut-savoir-sur-la-mobilisation-de-lextreme-droite-europeenne-avec-Marine-Le-Pen-et-Jordan-Bardella-dans-le-Loiret-2-1024x585.png 1024w, https:\/\/le-communique.fr\/wp-content\/uploads\/2025\/06\/Viktor-Orban-en-visite-tout-ce-quil-faut-savoir-sur-la-mobilisation-de-lextreme-droite-europeenne-avec-Marine-Le-Pen-et-Jordan-Bardella-dans-le-Loiret-2-768x439.png 768w, https:\/\/le-communique.fr\/wp-content\/uploads\/2025\/06\/Viktor-Orban-en-visite-tout-ce-quil-faut-savoir-sur-la-mobilisation-de-lextreme-droite-europeenne-avec-Marine-Le-Pen-et-Jordan-Bardella-dans-le-Loiret-2-1536x878.png 1536w, https:\/\/le-communique.fr\/wp-content\/uploads\/2025\/06\/Viktor-Orban-en-visite-tout-ce-quil-faut-savoir-sur-la-mobilisation-de-lextreme-droite-europeenne-avec-Marine-Le-Pen-et-Jordan-Bardella-dans-le-Loiret-2-18x10.png 18w\" sizes=\"auto, (max-width: 2016px) 100vw, 2016px\" \/><\/figure>\n\n<p class=\"wp-block-paragraph\">L&rsquo;affaire <a href=\"https:\/\/le-communique.fr\/de\/un-nouveau-premier-ministre-vers-une-crise-politique-en-france-pouvant-entrainer-la-demission-du-president\/\">des assistants parlementaires europ\u00e9ens<\/a> n&rsquo;est qu&rsquo;une des nombreuses \u00e9preuves que le duo doit affronter. Les r\u00e9centes tensions, bien que minimis\u00e9es officiellement, pourraient s&rsquo;aggraver \u00e0 la suite de ce rassemblement si aucune orientation claire n&rsquo;est d\u00e9finie. Le Rassemblement national, qui esp\u00e8re montrer un front uni lors de ce grand \u00e9v\u00e9nement, pourrait se retrouver face \u00e0 des d\u00e9cisions politiques majeures plus t\u00f4t que pr\u00e9vu.<\/p>\n\n<p class=\"wp-block-paragraph\">Au c\u0153ur du d\u00e9bat interne se trouve la relation entre le pass\u00e9 et l&rsquo;avenir du parti. La continuit\u00e9 avec l&rsquo;h\u00e9ritage Le Pen, contre un renouveau opportuniste sous la houlette de Bardella, soul\u00e8ve la question de l&rsquo;identit\u00e9 du RN dans les ann\u00e9es \u00e0 venir. En somme, la voie \u00e0 suivre d\u00e9pendra de l&rsquo;\u00e9quilibre fragile entre ambition personnelle et destin politique du RN, les prochaines \u00e9lections \u00e9tant cruciales pour leur strat\u00e9gie.<\/p>\n\n<figure class=\"wp-block-table\"><table>\n<thead>\n<tr>\n<th>Personnage<\/th>\n<th>R\u00f4le Politique<\/th>\n<th>Strat\u00e9gie Future<\/th>\n<\/tr>\n<\/thead>\n<tbody>\n<tr>\n<td>Marine Le Pen<\/td>\n<td>Diriger le RN vers l&rsquo;\u00c9lys\u00e9e<\/td>\n<td>S&rsquo;adapter face aux d\u00e9fis juridiques<\/td>\n<\/tr>\n<tr>\n<td>Jordan Bardella<\/td>\n<td>Pr\u00e9sidence potentielle du RN<\/td>\n<td>Gagner en influence<\/td>\n<\/tr>\n<\/tbody>\n<\/table><\/figure>\n\n<h2 class=\"wp-block-heading\"><span class=\"ez-toc-section\" id=\"Contre-manifestation_a_Montargis_la_reponse_des_forces_de_gauche_et_des_syndicats\"><\/span>Contre-manifestation \u00e0 Montargis : la r\u00e9ponse des forces de gauche et des syndicats<span class=\"ez-toc-section-end\"><\/span><\/h2>\n\n<p class=\"wp-block-paragraph\">Face \u00e0 la d\u00e9monstration de force du Rassemblement national et des figures de l&rsquo;extr\u00eame droite europ\u00e9enne, une opposition vigoureuse se structure \u00e0 Montargis, situ\u00e9e \u00e0 une dizaine de kilom\u00e8tres de Mormant-sur-Vernisson. Ce contre-rassemblement, orchestr\u00e9 par des \u00e9lus de gauche et des syndicats, se tient sous le signe de l&rsquo;antifascisme et souhaite d\u00e9noncer la r\u00e9union de ce qu&rsquo;ils consid\u00e8rent comme les pires id\u00e9ologies r\u00e9actionnaires d&rsquo;Europe.<\/p>\n\n<p class=\"wp-block-paragraph\">Des personnalit\u00e9s telles que les socialistes Chlo\u00e9 Ridel et Philippe Brun, le s\u00e9nateur communiste Ian Brossat, ainsi que les insoumis Manon Aubry et Louis Boyard, se rassemblent pour manifester leur d\u00e9saccord. Leur objectif, comme exprim\u00e9 par Manon Aubry sur les r\u00e9seaux sociaux, est de lutter contre les projets racistes, sexistes et homophobes qu&rsquo;ils attribuent \u00e0 leurs adversaires de droite. Les syndicats ne sont pas en reste, avec la participation notable de Sophie Binet et Marylise L\u00e9on, respectivement dirigeantes de la CGT et de la CFDT.<\/p>\n\n<p class=\"wp-block-paragraph\"><otoinstagram href=\"https:\/\/www.20minutes.fr\/politique\/4107217-20240827-suspendus-instagram-comptes-extreme-droite-denoncent-censure-ideologique\" uid=\"instagram-68489dce7538c\"><\/otoinstagram><\/p>\n\n<p class=\"wp-block-paragraph\">Sophie Binet, r\u00e9cente interview\u00e9e, a d\u00e9clar\u00e9 : \u00ab\u00a0Il n&rsquo;y a pas pire ennemi pour les travailleurs et les travailleuses que l&rsquo;extr\u00eame droite\u00a0\u00bb, soulignant ainsi l&rsquo;opposition fermement ancr\u00e9e chez les syndicats contre les politiques du RN. Cette mobilisation souligne le profond clivage politique en France qui s&rsquo;intensifie \u00e0 l&rsquo;approche des \u00e9lections.<\/p>\n\n<p class=\"wp-block-paragraph\">Plusieurs \u00e9l\u00e9ments caract\u00e9risent ce rassemblement :<\/p>\n\n<ul class=\"wp-block-list\"><li>Mise en avant d&rsquo;un front uni entre diverses factions de gauche.<\/li><li>Discours mobilisateurs pour encourager un \u00e9lectorat de plus en plus divis\u00e9.<\/li><li>Critique des politiques sociales de l&rsquo;extr\u00eame droite.<\/li><\/ul>\n\n<p class=\"wp-block-paragraph\">L&rsquo;\u00e9v\u00e9nement \u00e0 Montargis n&rsquo;est pas qu&rsquo;une simple opposition symbolique : il constitue une tentative de renforcement de la gauche fragment\u00e9e, cherchant \u00e0 unir ses forces pour contrer l&rsquo;effet des populistes de droite dans le contexte europ\u00e9en. Les leaders esp\u00e8rent initier un dialogue constructif et mener une r\u00e9flexion sur l&rsquo;avenir de leurs politiques accept\u00e9es par un public plus large.<\/p>\n\n<h2 class=\"wp-block-heading\"><span class=\"ez-toc-section\" id=\"Implications_europeennes_et_perspectives_futures_du_populisme\"><\/span>Implications europ\u00e9ennes et perspectives futures du populisme<span class=\"ez-toc-section-end\"><\/span><\/h2>\n\n<p class=\"wp-block-paragraph\">L&rsquo;impact de ces rassemblements d\u00e9passe largement les fronti\u00e8res fran\u00e7aises. L&rsquo;\u00e9mergence de collaborations renforc\u00e9es parmi les partis populistes d&rsquo;extr\u00eame droite a des r\u00e9percussions importantes sur la sc\u00e8ne politique europ\u00e9enne. Le d\u00e9fi sera de transformer cet \u00e9lan en action concr\u00e8te au <a href=\"https:\/\/www.europe1.fr\/international\/france-viktor-orban-dit-esperer-la-victoire-de-le-pen-a-la-presidentielle-de-2027-757585\" target=\"_blank\" rel=\"noopener\">Parlement europ\u00e9en<\/a>, surtout avec la pr\u00e9sence de 85 eurod\u00e9put\u00e9s sous la banni\u00e8re Patriotes pour l&rsquo;Europe.<\/p>\n\n<p class=\"wp-block-paragraph\">Alors que l&rsquo;Union europ\u00e9enne est confront\u00e9e \u00e0 des d\u00e9fis complexes, ce bloc tente de r\u00e9affirmer sa position face \u00e0 des politiques \u00e9trang\u00e8res changeantes, notamment avec des figures comme Emmanuel Macron <a href=\"https:\/\/www.francesoir.fr\/politique-monde\/macron-recoit-orban-l-elysee-la-veille-du-sommet-europeen-bruxelles-sur-l-ukraine\" target=\"_blank\" rel=\"noopener nofollow\">accueillant Orban \u00e0 l&rsquo;\u00c9lys\u00e9e<\/a>. Orban, qui esp\u00e8re vivement une victoire de <a href=\"https:\/\/www.lefigaro.fr\/international\/viktor-orban-dit-esperer-la-victoire-de-marine-le-pen-en-2027-20250608\" target=\"_blank\" rel=\"noopener nofollow\">Marine Le Pen en 2027<\/a>, symbolise ce bouleversement potentiel.<\/p>\n\n<figure class=\"is-provider-youtube is-type-video wp-block-embed wp-block-embed-youtube wp-embed-aspect-16-9 wp-has-aspect-ratio\"><div class=\"wp-block-embed__wrapper\">\n<iframe loading=\"lazy\" title=\"Coriandre, hu\u00eetres, choux de Bruxelles, piment\u2026 pourquoi on les aime ou pas ? (#EXPERIENCE)\" width=\"1200\" height=\"675\" src=\"https:\/\/www.youtube.com\/embed\/eTQ8jdrUJzI?feature=oembed\" frameborder=\"0\" allow=\"accelerometer; autoplay; clipboard-write; encrypted-media; gyroscope; picture-in-picture; web-share\" referrerpolicy=\"strict-origin-when-cross-origin\" allowfullscreen><\/iframe>\n<\/div><\/figure>\n\n<p class=\"wp-block-paragraph\">Ce mouvement pourrait, selon les experts, modifier durablement la structure politique de l&rsquo;Europe. \u00c0 titre d&rsquo;exemple, l&rsquo;harmonisation des politiques \u00e9conomiques, sociales et migratoires pourrait voir le jour, m\u00eame si cela pourrait exacerber les tensions entre diff\u00e9rentes r\u00e9gions. L&rsquo;objectif de ces leaders est de capter des \u00e9lectorats angoiss\u00e9s par la crise \u00e9conomique et les migrations, afin de susciter des changements radicaux dans la l\u00e9gislation europ\u00e9enne.<\/p>\n\n<p class=\"wp-block-paragraph\">L&rsquo;avenir du populisme europ\u00e9en d\u00e9pendra de sa capacit\u00e9 \u00e0 concilier les positions divergentes au sein de ses rangs tout en surmontant les d\u00e9fis institutionnels. Quelles implications cela aura-t-il pour l&rsquo;Europe ? Seul le temps et les d\u00e9cisions qui seront prises au lendemain de ces rassemblements le diront. Cette nouvelle \u00e8re politique en Europe pourrait bien voir s&rsquo;opposer des camps id\u00e9ologiquement divis\u00e9s, pr\u00e9parant un terrain fertile pour d&rsquo;\u00e9ventuels remaniements politiques.<\/p>","protected":false},"excerpt":{"rendered":"<p>Dans le cadre d&rsquo;une mont\u00e9e en puissance de l&rsquo;extr\u00eame droite europ\u00e9enne, la pr\u00e9sence de Viktor &#8230; <\/p>\n<p class=\"read-more-container\"><a title=\"Viktor Orban en visite : tout ce qu&rsquo;il faut savoir sur la mobilisation de l&rsquo;extr\u00eame droite europ\u00e9enne avec Marine Le Pen et Jordan Bardella dans le Loiret\" class=\"read-more button\" href=\"https:\/\/le-communique.fr\/de\/viktor-orban-en-visite-tout-ce-quil-faut-savoir-sur-la-mobilisation-de-lextreme-droite-europeenne-avec-marine-le-pen-et-jordan-bardella-dans-le-loiret\/#more-12572\" aria-label=\"Mehr Informationen \u00fcber Viktor Orban en visite : tout ce qu&rsquo;il faut savoir sur la mobilisation de l&rsquo;extr\u00eame droite europ\u00e9enne avec Marine Le Pen et Jordan Bardella dans le Loiret\">Read More<\/a><\/p>","protected":false},"author":1,"featured_media":12569,"comment_status":"open","ping_status":"open","sticky":false,"template":"","format":"standard","meta":{"footnotes":""},"categories":[1],"tags":[2883,2813,2984,3365,3366],"class_list":["post-12572","post","type-post","status-publish","format-standard","has-post-thumbnail","hentry","category-non-classe","tag-extreme-droite","tag-jordan-bardella","tag-marine-le-pen","tag-viktor-orban","tag-visite","infinite-scroll-item","generate-columns","tablet-grid-50","mobile-grid-100","grid-parent","grid-25","no-featured-image-padding"],"_links":{"self":[{"href":"https:\/\/le-communique.fr\/de\/wp-json\/wp\/v2\/posts\/12572","targetHints":{"allow":["GET"]}}],"collection":[{"href":"https:\/\/le-communique.fr\/de\/wp-json\/wp\/v2\/posts"}],"about":[{"href":"https:\/\/le-communique.fr\/de\/wp-json\/wp\/v2\/types\/post"}],"author":[{"embeddable":true,"href":"https:\/\/le-communique.fr\/de\/wp-json\/wp\/v2\/users\/1"}],"replies":[{"embeddable":true,"href":"https:\/\/le-communique.fr\/de\/wp-json\/wp\/v2\/comments?post=12572"}],"version-history":[{"count":0,"href":"https:\/\/le-communique.fr\/de\/wp-json\/wp\/v2\/posts\/12572\/revisions"}],"wp:featuredmedia":[{"embeddable":true,"href":"https:\/\/le-communique.fr\/de\/wp-json\/wp\/v2\/media\/12569"}],"wp:attachment":[{"href":"https:\/\/le-communique.fr\/de\/wp-json\/wp\/v2\/media?parent=12572"}],"wp:term":[{"taxonomy":"category","embeddable":true,"href":"https:\/\/le-communique.fr\/de\/wp-json\/wp\/v2\/categories?post=12572"},{"taxonomy":"post_tag","embeddable":true,"href":"https:\/\/le-communique.fr\/de\/wp-json\/wp\/v2\/tags?post=12572"}],"curies":[{"name":"wp","href":"https:\/\/api.w.org\/{rel}","templated":true}]}}