{"id":12556,"date":"2025-06-09T19:33:56","date_gmt":"2025-06-09T17:33:56","guid":{"rendered":"https:\/\/le-communique.fr\/un-dimanche-dedie-a-la-politique-en-ile-de-france\/"},"modified":"2025-06-09T19:33:56","modified_gmt":"2025-06-09T17:33:56","slug":"un-dimanche-dedie-a-la-politique-en-ile-de-france","status":"publish","type":"post","link":"https:\/\/le-communique.fr\/de\/un-dimanche-dedie-a-la-politique-en-ile-de-france\/","title":{"rendered":"Un dimanche d\u00e9di\u00e9 \u00e0 la politique en \u00cele-de-France"},"content":{"rendered":"<p class=\"wp-block-paragraph\">Chaque dimanche, la politique reprend ses droits sur les \u00e9crans de la r\u00e9gion \u00cele-de-France, offrant aux t\u00e9l\u00e9spectateurs une analyse approfondie des enjeux r\u00e9gionaux et nationaux. Que ce soit \u00e0 travers des d\u00e9bats passionn\u00e9s ou des interviews intenses, le programme <strong>\u00ab\u00a0Dimanche en politique\u00a0\u00bb<\/strong> nous plonge au c\u0153ur des discussions qui fa\u00e7onnent l&rsquo;\u00cele-de-France. L&rsquo;importance de cette \u00e9mission s&rsquo;est accrue, notamment apr\u00e8s les <a href=\"https:\/\/france3-regions.francetvinfo.fr\/paris-ile-de-france\/programmes\/france-3_paris-ile-de-france_dimanche-en-politique-paris-ile-de-france\" target=\"_blank\" rel=\"noopener nofollow\">Jeux Olympiques 2024<\/a>, qui ont significativement impact\u00e9 l&rsquo;\u00e9conomie et le tourisme r\u00e9gional.<\/p>\n\n<div id=\"ez-toc-container\" class=\"ez-toc-v2_0_87 counter-hierarchy ez-toc-counter ez-toc-grey ez-toc-container-direction\">\n<div class=\"ez-toc-title-container\">\n<p class=\"ez-toc-title\" style=\"cursor:inherit\">Table of Contents<\/p>\n<span class=\"ez-toc-title-toggle\"><a href=\"#\" class=\"ez-toc-pull-right ez-toc-btn ez-toc-btn-xs ez-toc-btn-default ez-toc-toggle\" aria-label=\"Toggle Table of Content\"><span class=\"ez-toc-js-icon-con\"><span class=\"\"><span class=\"eztoc-hide\" style=\"display:none;\">Toggle<\/span><span class=\"ez-toc-icon-toggle-span\"><svg style=\"fill: #999;color:#999\" xmlns=\"http:\/\/www.w3.org\/2000\/svg\" class=\"list-377408\" width=\"20px\" height=\"20px\" viewbox=\"0 0 24 24\" fill=\"none\"><path d=\"M6 6H4v2h2V6zm14 0H8v2h12V6zM4 11h2v2H4v-2zm16 0H8v2h12v-2zM4 16h2v2H4v-2zm16 0H8v2h12v-2z\" fill=\"currentColor\"><\/path><\/svg><svg style=\"fill: #999;color:#999\" class=\"arrow-unsorted-368013\" xmlns=\"http:\/\/www.w3.org\/2000\/svg\" width=\"10px\" height=\"10px\" viewbox=\"0 0 24 24\" version=\"1.2\" baseprofile=\"tiny\"><path d=\"M18.2 9.3l-6.2-6.3-6.2 6.3c-.2.2-.3.4-.3.7s.1.5.3.7c.2.2.4.3.7.3h11c.3 0 .5-.1.7-.3.2-.2.3-.5.3-.7s-.1-.5-.3-.7zM5.8 14.7l6.2 6.3 6.2-6.3c.2-.2.3-.5.3-.7s-.1-.5-.3-.7c-.2-.2-.4-.3-.7-.3h-11c-.3 0-.5.1-.7.3-.2.2-.3.5-.3.7s.1.5.3.7z\"\/><\/svg><\/span><\/span><\/span><\/a><\/span><\/div>\n<nav><ul class='ez-toc-list ez-toc-list-level-1' ><li class='ez-toc-page-1 ez-toc-heading-level-2'><a class=\"ez-toc-link ez-toc-heading-1\" href=\"https:\/\/le-communique.fr\/de\/un-dimanche-dedie-a-la-politique-en-ile-de-france\/#La_dynamique_post-JO_Un_defi_pour_lIle-de-France\" >La dynamique post-JO : Un d\u00e9fi pour l&rsquo;\u00cele-de-France<\/a><ul class='ez-toc-list-level-3' ><li class='ez-toc-heading-level-3'><a class=\"ez-toc-link ez-toc-heading-2\" href=\"https:\/\/le-communique.fr\/de\/un-dimanche-dedie-a-la-politique-en-ile-de-france\/#Investir_dans_lavenir_Le_tourisme_ethique_et_durable\" >Investir dans l&rsquo;avenir : Le tourisme \u00e9thique et durable<\/a><\/li><\/ul><\/li><li class='ez-toc-page-1 ez-toc-heading-level-2'><a class=\"ez-toc-link ez-toc-heading-3\" href=\"https:\/\/le-communique.fr\/de\/un-dimanche-dedie-a-la-politique-en-ile-de-france\/#Limpact_des_programmes_politiques_televises_en_Ile-de-France\" >L&rsquo;impact des programmes politiques t\u00e9l\u00e9vis\u00e9s en \u00cele-de-France<\/a><ul class='ez-toc-list-level-3' ><li class='ez-toc-heading-level-3'><a class=\"ez-toc-link ez-toc-heading-4\" href=\"https:\/\/le-communique.fr\/de\/un-dimanche-dedie-a-la-politique-en-ile-de-france\/#Engagement_citoyen_et_impact_mediatique\" >Engagement citoyen et impact m\u00e9diatique<\/a><\/li><\/ul><\/li><li class='ez-toc-page-1 ez-toc-heading-level-2'><a class=\"ez-toc-link ez-toc-heading-5\" href=\"https:\/\/le-communique.fr\/de\/un-dimanche-dedie-a-la-politique-en-ile-de-france\/#Les_figures_politiques_invitees_un_eclairage_sur_leur_role_et_impact\" >Les figures politiques invit\u00e9es : un \u00e9clairage sur leur r\u00f4le et impact<\/a><\/li><li class='ez-toc-page-1 ez-toc-heading-level-2'><a class=\"ez-toc-link ez-toc-heading-6\" href=\"https:\/\/le-communique.fr\/de\/un-dimanche-dedie-a-la-politique-en-ile-de-france\/#Analyse_critique_les_sujets_brulants_abordes\" >Analyse critique : les sujets br\u00fblants abord\u00e9s<\/a><ul class='ez-toc-list-level-3' ><li class='ez-toc-heading-level-3'><a class=\"ez-toc-link ez-toc-heading-7\" href=\"https:\/\/le-communique.fr\/de\/un-dimanche-dedie-a-la-politique-en-ile-de-france\/#Levolution_des_dialogues_politiques\" >L&rsquo;\u00e9volution des dialogues politiques<\/a><\/li><\/ul><\/li><\/ul><\/nav><\/div>\n<h2 class=\"wp-block-heading\"><span class=\"ez-toc-section\" id=\"La_dynamique_post-JO_Un_defi_pour_lIle-de-France\"><\/span>La dynamique post-JO : Un d\u00e9fi pour l&rsquo;\u00cele-de-France<span class=\"ez-toc-section-end\"><\/span><\/h2>\n\n<p class=\"wp-block-paragraph\">Apr\u00e8s le succ\u00e8s retentissant des Jeux Olympiques et Paralympiques, Paris, ainsi que toute la r\u00e9gion \u00cele-de-France, se retrouve sous le feu des projecteurs. Avec plus de <strong>48 millions de touristes accueillis<\/strong> l&rsquo;ann\u00e9e pr\u00e9c\u00e9dente, cette dynamique offre des perspectives de d\u00e9veloppement \u00e9conomique majeures, mais pose \u00e9galement des d\u00e9fis. Les infrastructures, initialement d\u00e9velopp\u00e9es pour l&rsquo;\u00e9v\u00e9nement, doivent \u00eatre optimis\u00e9es pour un usage \u00e0 long terme.<\/p>\n\n<p class=\"wp-block-paragraph\">Les Jeux ont \u00e9t\u00e9 non seulement un spectacle sportif, mais aussi un gigantesque levier \u00e9conomique. Avec une hausse de 2 % des visites par rapport \u00e0 l&rsquo;ann\u00e9e pr\u00e9c\u00e9dente, la question des infrastructures touristiques devient cruciale. Comment transformer cet essor en b\u00e9n\u00e9fices durables pour la r\u00e9gion ? Plusieurs experts, dont Alexandra Dublanche et Luc Carvounas, soulignent l&rsquo;importance de la symbiose entre innovations et traditions locales.<\/p>\n\n<p class=\"wp-block-paragraph\">L&rsquo;impact des Jeux ne se limite pas aux chiffres touristiques. Parall\u00e8lement, des zones telles que la Seine-Saint-Denis ont vu leur visibilit\u00e9 accrue \u00e0 l&rsquo;international. En effet, la relance de l&rsquo;urbanisme en Seine-Saint-Denis pourrait \u00eatre un exemple \u00e0 suivre pour les autres territoires franciliens. Ce regain d&rsquo;attractivit\u00e9 r\u00e9gionale est analys\u00e9 en d\u00e9tail dans les \u00e9missions dominicales politiques comme d\u00e9crite dans l&rsquo;article relay\u00e9 sur <a href=\"https:\/\/www.france.tv\/france-3\/paris-ile-de-france\/dimanche-en-politique-paris-ile-de-france\/7194950-tourisme-post-jo-l-ile-de-france-medaille-d-or.html\" target=\"_blank\" rel=\"noopener nofollow\">France 3 Paris \u00cele-de-France<\/a>.<\/p>\n\n<figure class=\"wp-block-table\"><table>\n<thead>\n<tr>\n<th>Impact<\/th>\n<th>B\u00e9n\u00e9fice<\/th>\n<th>D\u00e9fi<\/th>\n<\/tr>\n<\/thead>\n<tbody>\n<tr>\n<td>Infrastructures<\/td>\n<td>Am\u00e9lioration des transports<\/td>\n<td>Maintien des installations<\/td>\n<\/tr>\n<tr>\n<td>\u00c9conomie<\/td>\n<td>Augmentation du tourisme<\/td>\n<td>Durabilit\u00e9 des investissements<\/td>\n<\/tr>\n<tr>\n<td>Visibilit\u00e9<\/td>\n<td>Port\u00e9e internationale<\/td>\n<td>R\u00e9sorption des in\u00e9galit\u00e9s r\u00e9gionales<\/td>\n<\/tr>\n<\/tbody>\n<\/table><\/figure>\n\n<figure class=\"wp-block-image size-full\"><img loading=\"lazy\" decoding=\"async\" width=\"2016\" height=\"1152\" src=\"https:\/\/le-communique.fr\/wp-content\/uploads\/2025\/06\/Un-dimanche-dedie-a-la-politique-en-Ile-de-France-1.png\" alt=\"d\u00e9couvrez un dimanche engag\u00e9 en \u00eele-de-france, d\u00e9di\u00e9 aux enjeux politiques actuels. participez \u00e0 des d\u00e9bats passionnants, rencontrez des acteurs cl\u00e9s et explorez les id\u00e9es qui fa\u00e7onnent notre r\u00e9gion.\" class=\"wp-image-12554\" srcset=\"https:\/\/le-communique.fr\/wp-content\/uploads\/2025\/06\/Un-dimanche-dedie-a-la-politique-en-Ile-de-France-1.png 2016w, https:\/\/le-communique.fr\/wp-content\/uploads\/2025\/06\/Un-dimanche-dedie-a-la-politique-en-Ile-de-France-1-300x171.png 300w, https:\/\/le-communique.fr\/wp-content\/uploads\/2025\/06\/Un-dimanche-dedie-a-la-politique-en-Ile-de-France-1-1024x585.png 1024w, https:\/\/le-communique.fr\/wp-content\/uploads\/2025\/06\/Un-dimanche-dedie-a-la-politique-en-Ile-de-France-1-768x439.png 768w, https:\/\/le-communique.fr\/wp-content\/uploads\/2025\/06\/Un-dimanche-dedie-a-la-politique-en-Ile-de-France-1-1536x878.png 1536w, https:\/\/le-communique.fr\/wp-content\/uploads\/2025\/06\/Un-dimanche-dedie-a-la-politique-en-Ile-de-France-1-18x10.png 18w\" sizes=\"auto, (max-width: 2016px) 100vw, 2016px\" \/><\/figure>\n\n<p class=\"wp-block-paragraph\">Face \u00e0 ces bouleversements, des initiatives locales doivent \u00eatre mises en \u0153uvre pour capitaliser sur ce gain de popularit\u00e9. Il est essentiel que la r\u00e9gion continue d&rsquo;investir dans des infrastructures attractives, modernes et durables pour que cet essor touristique se traduise par une prosp\u00e9rit\u00e9 \u00e9conomique continue.<\/p>\n\n<h3 class=\"wp-block-heading\"><span class=\"ez-toc-section\" id=\"Investir_dans_lavenir_Le_tourisme_ethique_et_durable\"><\/span>Investir dans l&rsquo;avenir : Le tourisme \u00e9thique et durable<span class=\"ez-toc-section-end\"><\/span><\/h3>\n\n<p class=\"wp-block-paragraph\">Pour concr\u00e9tiser ces ambitions, l&rsquo;\u00cele-de-France doit se pencher sur le d\u00e9veloppement d&rsquo;un tourisme durable et \u00e9thique. L&rsquo;enjeu est de taille : comment remplir les h\u00f4tels tout en pr\u00e9servant les ressources locales ? Des experts comme ceux de <strong><a href=\"https:\/\/www.franceinfo.fr\/replay-magazine\/france-3\/dimanche-en-politique\/\" target=\"_blank\" rel=\"noopener nofollow\">Mediapart<\/a><\/strong> proposent plusieurs pistes, tels que la promotion des circuits courts et le renforcement des offres \u00e9co-touristiques. Cette approche r\u00e9sonne particuli\u00e8rement \u00e0 l&rsquo;heure o\u00f9 la durabilit\u00e9 et la responsabilit\u00e9 environnementale sont des th\u00e8mes dominants dans les pr\u00e9occupations nationales.<\/p>\n\n<figure class=\"is-provider-youtube is-type-video wp-block-embed wp-block-embed-youtube wp-embed-aspect-16-9 wp-has-aspect-ratio\"><div class=\"wp-block-embed__wrapper\">\n<iframe loading=\"lazy\" title=\"\ud83d\ude21 Le coup de gueule de Christophe Dechavanne sur &quot;ces gens qui filment mais ne bougent pas&quot;\" width=\"1200\" height=\"675\" src=\"https:\/\/www.youtube.com\/embed\/tveNVNDSq70?feature=oembed\" frameborder=\"0\" allow=\"accelerometer; autoplay; clipboard-write; encrypted-media; gyroscope; picture-in-picture; web-share\" referrerpolicy=\"strict-origin-when-cross-origin\" allowfullscreen><\/iframe>\n<\/div><\/figure>\n\n<h2 class=\"wp-block-heading\"><span class=\"ez-toc-section\" id=\"Limpact_des_programmes_politiques_televises_en_Ile-de-France\"><\/span>L&rsquo;impact des programmes politiques t\u00e9l\u00e9vis\u00e9s en \u00cele-de-France<span class=\"ez-toc-section-end\"><\/span><\/h2>\n\n<p class=\"wp-block-paragraph\">Les \u00e9missions politiques du dimanche ont toujours eu une influence consid\u00e9rable sur le panorama m\u00e9diatique fran\u00e7ais. Pr\u00e9sentateur de renom, Francis Letellier propose chaque semaine un programme vari\u00e9 de discussions politiques, suscitant un engouement certain chez les citoyens. Mais pourquoi cette fascination pour la politique du <a href=\"https:\/\/www.france.tv\/france-3\/paris-ile-de-france\/dimanche-en-politique-paris-ile-de-france\/\" target=\"_blank\" rel=\"noopener nofollow\">dimanche matin<\/a>?<\/p>\n\n<p class=\"wp-block-paragraph\">En \u00cele-de-France, le programme \u00ab\u00a0Dimanche en politique\u00a0\u00bb s&rsquo;int\u00e9resse de pr\u00e8s aux sujets br\u00fblants tels que l&rsquo;am\u00e9nagement du territoire et l&rsquo;\u00e9conomie r\u00e9gionale, abordant des probl\u00e9matiques qui impactent directement les habitants. Ce rendez-vous hebdomadaire offre un espace de dialogue entre les politiciens, les citoyens et les experts, permettant d&rsquo;\u00e9changer sur les enjeux cruciaux de la r\u00e9gion.<\/p>\n\n<figure class=\"wp-block-table\"><table>\n<thead>\n<tr>\n<th>\u00c9mission<\/th>\n<th>Jour<\/th>\n<th>Th\u00e8me principal<\/th>\n<\/tr>\n<\/thead>\n<tbody>\n<tr>\n<td>Dimanche en Politique<\/td>\n<td>Dimanche matin<\/td>\n<td>Actualit\u00e9s r\u00e9gionales<\/td>\n<\/tr>\n<tr>\n<td>Le Grand Rendez-vous<\/td>\n<td>Dimanche apr\u00e8s-midi<\/td>\n<td>Politique nationale<\/td>\n<\/tr>\n<tr>\n<td>Questions directes<\/td>\n<td>Dimanche soir<\/td>\n<td>Soci\u00e9t\u00e9 et culture<\/td>\n<\/tr>\n<\/tbody>\n<\/table><\/figure>\n\n<p class=\"wp-block-paragraph\">Cette approche offre un regard approfondi sur les fa\u00e7ons dont la politique r\u00e9gionale peut influencer positivement \u2013 ou n\u00e9gativement \u2013 des millions de vies. Avec des sujets sur des th\u00e8mes vari\u00e9s, les spectateurs sont invit\u00e9s \u00e0 rejoindre la conversation par le biais des r\u00e9seaux sociaux, gr\u00e2ce \u00e0 des plateformes interactives comme <strong><a href=\"https:\/\/www.francetvpro.fr\/contenu-de-presse\/69158846\" target=\"_blank\" rel=\"noopener nofollow\">Radio France<\/a><\/strong>.<\/p>\n\n<figure class=\"wp-block-image size-full\"><img loading=\"lazy\" decoding=\"async\" width=\"2016\" height=\"1152\" src=\"https:\/\/le-communique.fr\/wp-content\/uploads\/2025\/06\/Un-dimanche-dedie-a-la-politique-en-Ile-de-France-2.png\" alt=\"d\u00e9couvrez un dimanche captivant en \u00eele-de-france, enti\u00e8rement consacr\u00e9 aux enjeux politiques actuels. participez \u00e0 des d\u00e9bats enrichissants, rencontrez des acteurs locaux et engagez-vous dans des discussions qui fa\u00e7onnent l&#039;avenir de notre r\u00e9gion.\" class=\"wp-image-12555\" srcset=\"https:\/\/le-communique.fr\/wp-content\/uploads\/2025\/06\/Un-dimanche-dedie-a-la-politique-en-Ile-de-France-2.png 2016w, https:\/\/le-communique.fr\/wp-content\/uploads\/2025\/06\/Un-dimanche-dedie-a-la-politique-en-Ile-de-France-2-300x171.png 300w, https:\/\/le-communique.fr\/wp-content\/uploads\/2025\/06\/Un-dimanche-dedie-a-la-politique-en-Ile-de-France-2-1024x585.png 1024w, https:\/\/le-communique.fr\/wp-content\/uploads\/2025\/06\/Un-dimanche-dedie-a-la-politique-en-Ile-de-France-2-768x439.png 768w, https:\/\/le-communique.fr\/wp-content\/uploads\/2025\/06\/Un-dimanche-dedie-a-la-politique-en-Ile-de-France-2-1536x878.png 1536w, https:\/\/le-communique.fr\/wp-content\/uploads\/2025\/06\/Un-dimanche-dedie-a-la-politique-en-Ile-de-France-2-18x10.png 18w\" sizes=\"auto, (max-width: 2016px) 100vw, 2016px\" \/><\/figure>\n\n<h3 class=\"wp-block-heading\"><span class=\"ez-toc-section\" id=\"Engagement_citoyen_et_impact_mediatique\"><\/span>Engagement citoyen et impact m\u00e9diatique<span class=\"ez-toc-section-end\"><\/span><\/h3>\n\n<p class=\"wp-block-paragraph\">Le pouvoir des m\u00e9dias est tel qu&rsquo;il peut faire basculer des d\u00e9cisions politiques. En donnant la parole aux acteurs locaux, ce programme incite les t\u00e9l\u00e9spectateurs \u00e0 s&rsquo;investir davantage dans la vie politique. Ainsi, l&rsquo;\u00e9mission cr\u00e9e une passerelle entre politique et citoyens, renfor\u00e7ant une d\u00e9mocratie participative. \u00c9missions comme \u00ab\u00a0Dimanche en politique\u00a0\u00bb invitent les spectateurs \u00e0 r\u00e9fl\u00e9chir au-del\u00e0 des discours pr\u00e9par\u00e9s via des discussions candides et r\u00e9v\u00e9latrices, visibles aussi sur <a href=\"https:\/\/france3-regions.franceinfo.fr\/paris-ile-de-france\/paris\/dimanche-en-politique-l-ile-de-france-en-2040-sera-polycentrique-et-devrait-beneficier-de-650-km-supplementaires-de-lignes-de-transport-2754618.html\" target=\"_blank\" rel=\"noopener nofollow\">France Info<\/a>.<\/p>\n\n<figure class=\"wp-block-embed is-type-rich is-provider-twitter wp-block-embed-twitter\"><div class=\"wp-block-embed__wrapper\">\n<blockquote class=\"twitter-tweet\" data-width=\"550\" data-dnt=\"true\"><p lang=\"fr\" dir=\"ltr\">Crise politique : &quot;Je ne crois pas que nous ayons quelque chose \u00e0 gagner \u00e0 vouloir \u00e9largir sans fin le p\u00e9rim\u00e8tre d&#39;un gouvernement&quot;, estime <a href=\"https:\/\/twitter.com\/mathdarnaud?ref_src=twsrc%5Etfw\" target=\"_blank\" rel=\"noopener nofollow\">@mathdarnaud<\/a>, s\u00e9nateur de l&#39;Ard\u00e8che et pr\u00e9sident du groupe LR au S\u00e9nat. <a href=\"https:\/\/twitter.com\/hashtag\/BonjourChezVous?src=hash&amp;ref_src=twsrc%5Etfw\" target=\"_blank\" rel=\"noopener nofollow\">#BonjourChezVous<\/a> <a href=\"https:\/\/t.co\/YhunDMmzVz\" rel=\"nofollow\">pic.twitter.com\/YhunDMmzVz<\/a><\/p>&mdash; Public S\u00e9nat (@publicsenat) <a href=\"https:\/\/twitter.com\/publicsenat\/status\/1867106764996346023?ref_src=twsrc%5Etfw\" target=\"_blank\" rel=\"noopener nofollow\">December 12, 2024<\/a><\/blockquote><script async src=\"https:\/\/platform.twitter.com\/widgets.js\" charset=\"utf-8\"><\/script>\n<\/div><\/figure>\n\n<h2 class=\"wp-block-heading\"><span class=\"ez-toc-section\" id=\"Les_figures_politiques_invitees_un_eclairage_sur_leur_role_et_impact\"><\/span>Les figures politiques invit\u00e9es : un \u00e9clairage sur leur r\u00f4le et impact<span class=\"ez-toc-section-end\"><\/span><\/h2>\n\n<p class=\"wp-block-paragraph\">L&rsquo;\u00e9mission du dimanche est non seulement un espace de d\u00e9bats mais aussi un tremplin pour les personnalit\u00e9s politiques, le tout orchestr\u00e9 par des experts r\u00e9gionaux et nationaux. Faire monter sur le plateau des figures politiques telles qu&rsquo;Alexandra Dublanche ou David Zenouda permet d&rsquo;\u00e9largir le spectre de discussions et de confronter les points de vue sur des questions cl\u00e9s.<\/p>\n\n<p class=\"wp-block-paragraph\">Les invit\u00e9s apportent un \u00e9clairage unique sur les op\u00e9rations politiques locales et nationales. Leurs interventions sont parfois l&rsquo;occasion de prises de position puissantes qui r\u00e9sonnent dans les cercles politiques et au-del\u00e0. Ainsi, les citoyens peuvent mieux comprendre les engagements et les d\u00e9cisions de leurs \u00e9lus.<\/p>\n\n<p class=\"wp-block-paragraph\">Aux c\u00f4t\u00e9s des experts, ces invit\u00e9s d\u00e9battent sur des th\u00e9matiques diverses telles que le d\u00e9veloppement urbain, les infrastructures, ou encore la <a href=\"https:\/\/le-communique.fr\/de\/bruno-retailleau-les-gilets-jaunes-et-lessor-des-territoires-au-coeur-des-enjeux-politiques-en-france-un-regard-depuis-nantes-et-vendee\/\">d\u00e9centralisation r\u00e9gionale<\/a>.<\/p>\n\n<figure class=\"wp-block-table\"><table>\n<thead>\n<tr>\n<th>Invit\u00e9<\/th>\n<th>R\u00f4le<\/th>\n<th>Sujet de d\u00e9bat principal<\/th>\n<\/tr>\n<\/thead>\n<tbody>\n<tr>\n<td>Alexandra Dublanche<\/td>\n<td>Pr\u00e9sidente de Choose Paris Region<\/td>\n<td>D\u00e9veloppement \u00e9conomique<\/td>\n<\/tr>\n<tr>\n<td>Luc Carvounas<\/td>\n<td>Maire d&rsquo;Alfortville<\/td>\n<td>Tourisme et urbanisation<\/td>\n<\/tr>\n<tr>\n<td>David Zenouda<\/td>\n<td>Vice-Pr\u00e9sident de l&rsquo;UMIH \u00cele-de-France<\/td>\n<td>Restauration et h\u00f4tellerie<\/td>\n<\/tr>\n<\/tbody>\n<\/table><\/figure>\n\n<p class=\"wp-block-paragraph\"><otoinstagram href=\"https:\/\/www.instagram.com\/p\/DJ6u1MqOHQb\/\"><\/otoinstagram><\/p>\n\n<p class=\"wp-block-paragraph\">Ces interactions m\u00e9diatis\u00e9es offrent aux citoyens un acc\u00e8s direct et sans filtre aux discours et aux positions de leurs repr\u00e9sentants, renfor\u00e7ant ainsi la <strong>transparence politique<\/strong>. De plus, la diffusion en direct de ces rencontres permet une r\u00e9activit\u00e9 imm\u00e9diate et une discussion ouverte, rendant la politique accessible \u00e0 un public toujours plus large.<\/p>\n\n<h2 class=\"wp-block-heading\"><span class=\"ez-toc-section\" id=\"Analyse_critique_les_sujets_brulants_abordes\"><\/span>Analyse critique : les sujets br\u00fblants abord\u00e9s<span class=\"ez-toc-section-end\"><\/span><\/h2>\n\n<p class=\"wp-block-paragraph\">Les discussions en plateau ne se limitent pas \u00e0 l&rsquo;analyse politique traditionnelle. Des questions br\u00fblantes, telles que la gestion des ressources publiques ou la r\u00e9forme de la politique p\u00e9nitentiaire, sont fr\u00e9quemment d\u00e9battues. Ce format cr\u00e9e une dynamique qui encourage une pens\u00e9e critique parmi les spectateurs.<\/p>\n\n<p class=\"wp-block-paragraph\">Des analyses ind\u00e9pendantes et des critiques sur la gestion publique sont discut\u00e9es, portant sur les d\u00e9cisions du gouvernement actuel, les initiatives locales et les strat\u00e9gies d&rsquo;am\u00e9lioration propos\u00e9es par des experts du secteur, notamment relay\u00e9es par des <a href=\"https:\/\/le-communique.fr\/de\/les-subtilites-de-la-diffamation-dans-le-paysage-politique\/\">journaux comme Lib\u00e9ration<\/a> et Le Monde.<\/p>\n\n<figure class=\"wp-block-table\"><table>\n<thead>\n<tr>\n<th>Sujet<\/th>\n<th>Probl\u00e8me<\/th>\n<th>Solution propos\u00e9e<\/th>\n<\/tr>\n<\/thead>\n<tbody>\n<tr>\n<td>In\u00e9galit\u00e9s sociales<\/td>\n<td>Acc\u00e8s in\u00e9gal aux infrastructures<\/td>\n<td>Promouvoir l&rsquo;\u00e9quit\u00e9 r\u00e9gionale<\/td>\n<\/tr>\n<tr>\n<td>Changements climatiques<\/td>\n<td>Impact environnemental direct<\/td>\n<td>Adoption de politiques vertes<\/td>\n<\/tr>\n<tr>\n<td>\u00c9conomie locale<\/td>\n<td>Manque d&rsquo;initiatives locales<\/td>\n<td>Cr\u00e9ation d&#8217;emplois verts<\/td>\n<\/tr>\n<\/tbody>\n<\/table><\/figure>\n\n<figure class=\"is-provider-youtube is-type-video wp-block-embed wp-block-embed-youtube wp-embed-aspect-16-9 wp-has-aspect-ratio\"><div class=\"wp-block-embed__wrapper\">\n<iframe loading=\"lazy\" title=\"\ud83d\ude2d &quot;Emmanuel Macron, pr\u00e9sident des Fran\u00e7ais et de son fan club&quot;\" width=\"1200\" height=\"675\" src=\"https:\/\/www.youtube.com\/embed\/5ATbm1tHSW0?feature=oembed\" frameborder=\"0\" allow=\"accelerometer; autoplay; clipboard-write; encrypted-media; gyroscope; picture-in-picture; web-share\" referrerpolicy=\"strict-origin-when-cross-origin\" allowfullscreen><\/iframe>\n<\/div><\/figure>\n\n<p class=\"wp-block-paragraph\">Les controverses ne manquent pas. <a href=\"https:\/\/le-communique.fr\/de\/debat-politique-du-jour-a-lecoute-des-podcasts-et-rediffusions-sur-france-inter\/\">Les opinions divergentes<\/a> sur des sujets tels que la fiscalit\u00e9, la sant\u00e9 publique, et la gestion de la crise environnementale alimentent les \u00e9changes, rendant l&rsquo;espace politique toujours plus riche et dynamique.<\/p>\n\n<h3 class=\"wp-block-heading\"><span class=\"ez-toc-section\" id=\"Levolution_des_dialogues_politiques\"><\/span>L&rsquo;\u00e9volution des dialogues politiques<span class=\"ez-toc-section-end\"><\/span><\/h3>\n\n<p class=\"wp-block-paragraph\">Au fil des semaines, l&rsquo;\u00e9mission \u00ab\u00a0Dimanche en politique\u00a0\u00bb s&rsquo;est adapt\u00e9e aux nouvelles fa\u00e7ons de consommer l&rsquo;information. L&rsquo;accent est mis sur la digitalisation et l&rsquo;interaction avec le public par des moyens modernes tels que les r\u00e9seaux sociaux et les plateformes de streaming. Ces nouvelles strat\u00e9gies permettent de rendre la politique plus transparente et d&rsquo;encourager une participation citoyenne plus grande, comme le d\u00e9montrent des initiatives de transparence partag\u00e9es sur <a href=\"https:\/\/le-communique.fr\/de\/france-politique-en-bref-annonce-de-la-composition-du-gouvernement-barnier-21-septembre-2024\/\">France Inter<\/a>.<\/p>","protected":false},"excerpt":{"rendered":"<p>Chaque dimanche, la politique reprend ses droits sur les \u00e9crans de la r\u00e9gion \u00cele-de-France, offrant &#8230; <\/p>\n<p class=\"read-more-container\"><a title=\"Un dimanche d\u00e9di\u00e9 \u00e0 la politique en \u00cele-de-France\" class=\"read-more button\" href=\"https:\/\/le-communique.fr\/de\/un-dimanche-dedie-a-la-politique-en-ile-de-france\/#more-12556\" aria-label=\"Mehr Informationen \u00fcber Un dimanche d\u00e9di\u00e9 \u00e0 la politique en \u00cele-de-France\">Read More<\/a><\/p>","protected":false},"author":39,"featured_media":12553,"comment_status":"open","ping_status":"open","sticky":false,"template":"","format":"standard","meta":{"footnotes":""},"categories":[2555],"tags":[2806,3358,3360,3359,2752],"class_list":["post-12556","post","type-post","status-publish","format-standard","has-post-thumbnail","hentry","category-activites-culturelles","tag-actualites","tag-dimanche","tag-evenement","tag-ile-de-france","tag-politique","infinite-scroll-item","generate-columns","tablet-grid-50","mobile-grid-100","grid-parent","grid-25","no-featured-image-padding"],"_links":{"self":[{"href":"https:\/\/le-communique.fr\/de\/wp-json\/wp\/v2\/posts\/12556","targetHints":{"allow":["GET"]}}],"collection":[{"href":"https:\/\/le-communique.fr\/de\/wp-json\/wp\/v2\/posts"}],"about":[{"href":"https:\/\/le-communique.fr\/de\/wp-json\/wp\/v2\/types\/post"}],"author":[{"embeddable":true,"href":"https:\/\/le-communique.fr\/de\/wp-json\/wp\/v2\/users\/39"}],"replies":[{"embeddable":true,"href":"https:\/\/le-communique.fr\/de\/wp-json\/wp\/v2\/comments?post=12556"}],"version-history":[{"count":0,"href":"https:\/\/le-communique.fr\/de\/wp-json\/wp\/v2\/posts\/12556\/revisions"}],"wp:featuredmedia":[{"embeddable":true,"href":"https:\/\/le-communique.fr\/de\/wp-json\/wp\/v2\/media\/12553"}],"wp:attachment":[{"href":"https:\/\/le-communique.fr\/de\/wp-json\/wp\/v2\/media?parent=12556"}],"wp:term":[{"taxonomy":"category","embeddable":true,"href":"https:\/\/le-communique.fr\/de\/wp-json\/wp\/v2\/categories?post=12556"},{"taxonomy":"post_tag","embeddable":true,"href":"https:\/\/le-communique.fr\/de\/wp-json\/wp\/v2\/tags?post=12556"}],"curies":[{"name":"wp","href":"https:\/\/api.w.org\/{rel}","templated":true}]}}