{"id":12313,"date":"2024-11-02T22:01:33","date_gmt":"2024-11-02T21:01:33","guid":{"rendered":"https:\/\/le-communique.fr\/dans-lombre-la-nouvelle-serie-politique-inspiree-dedouard-philippe-fait-ses-debuts-ce-soir-sur-france-2\/"},"modified":"2026-02-27T01:48:05","modified_gmt":"2026-02-27T00:48:05","slug":"dans-lombre-la-nouvelle-serie-politique-inspiree-dedouard-philippe-fait-ses-debuts-ce-soir-sur-france-2","status":"publish","type":"post","link":"https:\/\/le-communique.fr\/de\/dans-lombre-la-nouvelle-serie-politique-inspiree-dedouard-philippe-fait-ses-debuts-ce-soir-sur-france-2\/","title":{"rendered":"\u00ab Dans l&rsquo;ombre \u00bb : la nouvelle s\u00e9rie politique inspir\u00e9e d&rsquo;\u00c9douard Philippe fait ses d\u00e9buts ce soir sur France 2"},"content":{"rendered":"\n<figure class=\"wp-block-embed is-type-video is-provider-youtube wp-block-embed-youtube wp-embed-aspect-16-9 wp-has-aspect-ratio\">\n<div class=\"wp-block-embed__wrapper\">\n<iframe loading=\"lazy\" title=\"[Bande-annonce] Dans l&#039;ombre - \u00e9pisodes 1 et 2\" width=\"1200\" height=\"675\" src=\"https:\/\/www.youtube.com\/embed\/0VFr6TP4sKw?feature=oembed\" frameborder=\"0\" allow=\"accelerometer; autoplay; clipboard-write; encrypted-media; gyroscope; picture-in-picture; web-share\" referrerpolicy=\"strict-origin-when-cross-origin\" allowfullscreen><\/iframe>\n<\/div>\n<\/figure>\n\n\n\n<p class=\"wp-block-paragraph\">Ce soir, France 2 pr\u00e9sente au public la s\u00e9rie \u00ab Dans l&rsquo;ombre \u00bb, une adaptation t\u00e9l\u00e9vis\u00e9e du roman \u00e9ponyme co\u00e9crit par l&rsquo;ex-Premier ministre <strong>\u00c9douard Philippe<\/strong> et l&rsquo;eurod\u00e9put\u00e9 <strong>Gilles Boyer<\/strong>. Avec une \u00e9quipe talentueuse compos\u00e9e d&rsquo;acteurs tels que <strong>Swann Arlaud<\/strong>, <strong>Melvil Poupaud<\/strong> et <strong>Karin Viard<\/strong>, cette s\u00e9rie promet de plonger les t\u00e9l\u00e9spectateurs dans les coulisses fascinantes d&rsquo;une campagne politique. \u00c0 travers six \u00e9pisodes soigneusement con\u00e7us, le r\u00e9cit explore l&rsquo;excitation, les intrigues et les strat\u00e9gies inh\u00e9rentes \u00e0 une telle aventure.<\/p>\n\n\n<div id=\"ez-toc-container\" class=\"ez-toc-v2_0_87 counter-hierarchy ez-toc-counter ez-toc-grey ez-toc-container-direction\">\n<div class=\"ez-toc-title-container\">\n<p class=\"ez-toc-title\" style=\"cursor:inherit\">Table of Contents<\/p>\n<span class=\"ez-toc-title-toggle\"><a href=\"#\" class=\"ez-toc-pull-right ez-toc-btn ez-toc-btn-xs ez-toc-btn-default ez-toc-toggle\" aria-label=\"Toggle Table of Content\"><span class=\"ez-toc-js-icon-con\"><span class=\"\"><span class=\"eztoc-hide\" style=\"display:none;\">Toggle<\/span><span class=\"ez-toc-icon-toggle-span\"><svg style=\"fill: #999;color:#999\" xmlns=\"http:\/\/www.w3.org\/2000\/svg\" class=\"list-377408\" width=\"20px\" height=\"20px\" viewBox=\"0 0 24 24\" fill=\"none\"><path d=\"M6 6H4v2h2V6zm14 0H8v2h12V6zM4 11h2v2H4v-2zm16 0H8v2h12v-2zM4 16h2v2H4v-2zm16 0H8v2h12v-2z\" fill=\"currentColor\"><\/path><\/svg><svg style=\"fill: #999;color:#999\" class=\"arrow-unsorted-368013\" xmlns=\"http:\/\/www.w3.org\/2000\/svg\" width=\"10px\" height=\"10px\" viewBox=\"0 0 24 24\" version=\"1.2\" baseProfile=\"tiny\"><path d=\"M18.2 9.3l-6.2-6.3-6.2 6.3c-.2.2-.3.4-.3.7s.1.5.3.7c.2.2.4.3.7.3h11c.3 0 .5-.1.7-.3.2-.2.3-.5.3-.7s-.1-.5-.3-.7zM5.8 14.7l6.2 6.3 6.2-6.3c.2-.2.3-.5.3-.7s-.1-.5-.3-.7c-.2-.2-.4-.3-.7-.3h-11c-.3 0-.5.1-.7.3-.2.2-.3.5-.3.7s.1.5.3.7z\"\/><\/svg><\/span><\/span><\/span><\/a><\/span><\/div>\n<nav><ul class='ez-toc-list ez-toc-list-level-1 ' ><li class='ez-toc-page-1 ez-toc-heading-level-2'><a class=\"ez-toc-link ez-toc-heading-1\" href=\"https:\/\/le-communique.fr\/de\/dans-lombre-la-nouvelle-serie-politique-inspiree-dedouard-philippe-fait-ses-debuts-ce-soir-sur-france-2\/#Une_immersion_dans_les_arcanes_de_la_politique\" >Une immersion dans les arcanes de la politique<\/a><\/li><li class='ez-toc-page-1 ez-toc-heading-level-2'><a class=\"ez-toc-link ez-toc-heading-2\" href=\"https:\/\/le-communique.fr\/de\/dans-lombre-la-nouvelle-serie-politique-inspiree-dedouard-philippe-fait-ses-debuts-ce-soir-sur-france-2\/#Une_distribution_de_haut_vol\" >Une distribution de haut vol<\/a><\/li><li class='ez-toc-page-1 ez-toc-heading-level-2'><a class=\"ez-toc-link ez-toc-heading-3\" href=\"https:\/\/le-communique.fr\/de\/dans-lombre-la-nouvelle-serie-politique-inspiree-dedouard-philippe-fait-ses-debuts-ce-soir-sur-france-2\/#Un_regard_critique_sur_la_realite_politique\" >Un regard critique sur la r\u00e9alit\u00e9 politique<\/a><ul class='ez-toc-list-level-3' ><li class='ez-toc-heading-level-3'><a class=\"ez-toc-link ez-toc-heading-4\" href=\"https:\/\/le-communique.fr\/de\/dans-lombre-la-nouvelle-serie-politique-inspiree-dedouard-philippe-fait-ses-debuts-ce-soir-sur-france-2\/#Inspiration_autobiographique_ou_pure_fiction\" >Inspiration autobiographique ou pure fiction ?<\/a><\/li><\/ul><\/li><li class='ez-toc-page-1 ez-toc-heading-level-2'><a class=\"ez-toc-link ez-toc-heading-5\" href=\"https:\/\/le-communique.fr\/de\/dans-lombre-la-nouvelle-serie-politique-inspiree-dedouard-philippe-fait-ses-debuts-ce-soir-sur-france-2\/#Un_depart_prometteur_sur_France_2\" >Un d\u00e9part prometteur sur France 2<\/a><ul class='ez-toc-list-level-3' ><li class='ez-toc-heading-level-3'><a class=\"ez-toc-link ez-toc-heading-6\" href=\"https:\/\/le-communique.fr\/de\/dans-lombre-la-nouvelle-serie-politique-inspiree-dedouard-philippe-fait-ses-debuts-ce-soir-sur-france-2\/#Conclusion_ouverte\" >Conclusion ouverte<\/a><\/li><\/ul><\/li><\/ul><\/nav><\/div>\n<h2 class=\"wp-block-heading\"><span class=\"ez-toc-section\" id=\"Une_immersion_dans_les_arcanes_de_la_politique\"><\/span>Une immersion dans les arcanes de la politique<span class=\"ez-toc-section-end\"><\/span><\/h2>\n\n\n<p class=\"wp-block-paragraph\">Adapt\u00e9e d&rsquo;un roman publi\u00e9 en 2009, \u00ab Dans l&rsquo;ombre \u00bb nous offre un regard unique sur l&rsquo;univers souvent imp\u00e9n\u00e9trable des campagnes politiques. L&rsquo;intrigue met en lumi\u00e8re les tactiques et les man\u0153uvres qui sous-tendent la qu\u00eate de pouvoir, tout en exposant les dilemmes moraux auxquels les personnages sont confront\u00e9s. Gr\u00e2ce \u00e0 la plume de Philippe et Boyer, le spectateur est invit\u00e9 \u00e0 p\u00e9n\u00e9trer ce monde captivant o\u00f9 rien n&rsquo;est vraiment ce qu&rsquo;il semble \u00eatre.<\/p>\n\n\n<h2 class=\"wp-block-heading\"><span class=\"ez-toc-section\" id=\"Une_distribution_de_haut_vol\"><\/span>Une distribution de haut vol<span class=\"ez-toc-section-end\"><\/span><\/h2>\n\n\n<p class=\"wp-block-paragraph\">La s\u00e9rie ne se contente pas d&rsquo;un sc\u00e9nario savamment orchestr\u00e9. Elle s&rsquo;appuie \u00e9galement sur un casting talentueux pour apporter profondeur et authenticit\u00e9 aux personnages. <strong>Melvil Poupaud<\/strong>, dont le physique n&rsquo;est pas sans rappeler celui de l&rsquo;ancien premier ministre, incarne avec assurance l&rsquo;un des protagonistes principaux. \u00c0 ses c\u00f4t\u00e9s, <strong>Swann Arlaud<\/strong> et <strong>Karin Viard<\/strong> apportent leurs charismes respectifs, ajoutant une dynamique captivante \u00e0 l&rsquo;ensemble.<\/p>\n\n\n<h2 class=\"wp-block-heading\"><span class=\"ez-toc-section\" id=\"Un_regard_critique_sur_la_realite_politique\"><\/span>Un regard critique sur la r\u00e9alit\u00e9 politique<span class=\"ez-toc-section-end\"><\/span><\/h2>\n\n\n<p class=\"wp-block-paragraph\">Un atout majeur de \u00ab Dans l&rsquo;ombre \u00bb r\u00e9side dans sa capacit\u00e9 \u00e0 offrir une perspective critique sur le monde politique. En montrant les luttes internes et les compromis personnels des protagonistes, la s\u00e9rie incite \u00e0 une r\u00e9flexion sur les d\u00e9fis \u00e9thiques que pose l&rsquo;exercice du pouvoir. Tout en gardant une distance n\u00e9cessaire entre fiction et r\u00e9alit\u00e9, elle soul\u00e8ve les questions importantes sur la v\u00e9rit\u00e9 et la manipulation dans le domaine public.<\/p>\n\n\n<h3 class=\"wp-block-heading\"><span class=\"ez-toc-section\" id=\"Inspiration_autobiographique_ou_pure_fiction\"><\/span>Inspiration autobiographique ou pure fiction ?<span class=\"ez-toc-section-end\"><\/span><\/h3>\n\n\n<p class=\"wp-block-paragraph\">Bien que la s\u00e9rie puisse sembler tr\u00e8s fid\u00e8le \u00e0 certains \u00e9v\u00e9nements r\u00e9els, elle se pr\u00e9sente avant tout comme une \u0153uvre de fiction. N\u00e9anmoins, le public pourrait \u00eatre tent\u00e9 d&rsquo;y voir des parall\u00e8les avec la carri\u00e8re d&rsquo;\u00c9douard Philippe. Le sc\u00e9nario, inspir\u00e9 du livre, met un point d&rsquo;honneur \u00e0 se d\u00e9marquer de la stricte autobiographie pour nous plonger dans un thriller politique o\u00f9 tout est possible mais rien n&rsquo;est certain.<\/p>\n\n\n<h2 class=\"wp-block-heading\"><span class=\"ez-toc-section\" id=\"Un_depart_prometteur_sur_France_2\"><\/span>Un d\u00e9part prometteur sur France 2<span class=\"ez-toc-section-end\"><\/span><\/h2>\n\n\n<p class=\"wp-block-paragraph\">Les premiers \u00e9pisodes, diffus\u00e9s le 30 octobre, ont d\u00e9j\u00e0 suscit\u00e9 une curiosit\u00e9 palpable parmi les t\u00e9l\u00e9spectateurs. Les audacieux choix narratifs et la direction artistique impressionnante laissent entrevoir un succ\u00e8s critique et populaire pour cette s\u00e9rie ambitieuse. Les prochains \u00e9pisodes, programm\u00e9s les 6 et 13 novembre, sont particuli\u00e8rement attendus pour confirmer cet engouement initial.<\/p>\n\n\n<h3 class=\"wp-block-heading\"><span class=\"ez-toc-section\" id=\"Conclusion_ouverte\"><\/span>Conclusion ouverte<span class=\"ez-toc-section-end\"><\/span><\/h3>\n\n\n<p class=\"wp-block-paragraph\">En fin de compte, \u00ab Dans l&rsquo;ombre \u00bb semble bien parti pour se d\u00e9marquer comme l&rsquo;une des s\u00e9ries politiques incontournables de ces derni\u00e8res ann\u00e9es. En abordant les enjeux complexes du pouvoir avec subtilit\u00e9 et intelligence, France 2 nous propose un divertissement \u00e0 la fois captivant et \u00e9difiant. L&rsquo;impact de cette nouvelle s\u00e9rie, inspir\u00e9e du travail d&rsquo;\u00c9douard Philippe, sera-t-il durable dans le paysage audiovisuel fran\u00e7ais ? Seul l&rsquo;avenir nous le dira.<\/p>\n\n\n<figure class=\"wp-block-embed is-type-video is-provider-tiktok wp-block-embed-tiktok\"><div class=\"wp-block-embed__wrapper\">\n<blockquote class=\"tiktok-embed\" cite=\"https:\/\/www.tiktok.com\/@rhominoff\/video\/7208228758321450246\" data-video-id=\"7208228758321450246\" data-embed-from=\"oembed\" style=\"max-width:605px; min-width:325px;\"> <section> <a target=\"_blank\" title=\"@rhominoff\" href=\"https:\/\/www.tiktok.com\/@rhominoff?refer=embed\" rel=\"noopener nofollow\">@rhominoff<\/a> <p>Elles sont bonnes ? \ud83e\uddd0 En ce moment, 3 s\u00e9ries cartonnent sur Netflix avec la mise en ligne de leur saison 2. Quelles sont-elles ? R\u00e9ponse en vid\u00e9o ! Une autre s\u00e9rie fran\u00e7aise \u00e0 d\u00e9couvrir @Rhomin  5 s\u00e9ries avec des myst\u00e8res @Rhomin  <a title=\"nouvelles\u00e9rienetflix\" target=\"_blank\" href=\"https:\/\/www.tiktok.com\/tag\/nouvelles%C3%A9rienetflix?refer=embed\" rel=\"noopener nofollow\">#nouvelles\u00e9rienetflix<\/a> <a title=\"s\u00e9rie\u00e0regarder\" target=\"_blank\" href=\"https:\/\/www.tiktok.com\/tag\/s%C3%A9rie%C3%A0regarder?refer=embed\" rel=\"noopener nofollow\">#s\u00e9rie\u00e0regarder<\/a> <a title=\"lesbraqueurslas\u00e9rie\" target=\"_blank\" href=\"https:\/\/www.tiktok.com\/tag\/lesbraqueurslas%C3%A9rie?refer=embed\" rel=\"noopener nofollow\">#lesbraqueurslas\u00e9rie<\/a> <a title=\"entrevias\" target=\"_blank\" href=\"https:\/\/www.tiktok.com\/tag\/entrevias?refer=embed\" rel=\"noopener nofollow\">#entrevias<\/a> <a title=\"s\u00e9riesnetflix\" target=\"_blank\" href=\"https:\/\/www.tiktok.com\/tag\/s%C3%A9riesnetflix?refer=embed\" rel=\"noopener nofollow\">#s\u00e9riesnetflix<\/a> <a title=\"reco\" target=\"_blank\" href=\"https:\/\/www.tiktok.com\/tag\/reco?refer=embed\" rel=\"noopener nofollow\">#reco<\/a> <a title=\"nouvellesaison\" target=\"_blank\" href=\"https:\/\/www.tiktok.com\/tag\/nouvellesaison?refer=embed\" rel=\"noopener nofollow\">#nouvellesaison<\/a> <a title=\"rhomin\" target=\"_blank\" href=\"https:\/\/www.tiktok.com\/tag\/rhomin?refer=embed\" rel=\"noopener nofollow\">#rhomin<\/a> <a title=\"s\u00e9rietok\" target=\"_blank\" href=\"https:\/\/www.tiktok.com\/tag\/s%C3%A9rietok?refer=embed\" rel=\"noopener nofollow\">#s\u00e9rietok<\/a> <a title=\"s\u00e9rieaction\" target=\"_blank\" href=\"https:\/\/www.tiktok.com\/tag\/s%C3%A9rieaction?refer=embed\" rel=\"noopener nofollow\">#s\u00e9rieaction<\/a> <\/p> <a target=\"_blank\" title=\"\u266c son original - Rhomin\" href=\"https:\/\/www.tiktok.com\/music\/son-original-7208228760700226310?refer=embed\" rel=\"noopener nofollow\">\u266c son original &#8211; Rhomin<\/a> <\/section> <\/blockquote> <script async src=\"https:\/\/www.tiktok.com\/embed.js\"><\/script>\n<\/div><\/figure>\n","protected":false},"excerpt":{"rendered":"<p>Ce soir, France 2 pr\u00e9sente au public la s\u00e9rie \u00ab Dans l&rsquo;ombre \u00bb, une adaptation &#8230; <\/p>\n<p class=\"read-more-container\"><a title=\"\u00ab Dans l&rsquo;ombre \u00bb : la nouvelle s\u00e9rie politique inspir\u00e9e d&rsquo;\u00c9douard Philippe fait ses d\u00e9buts ce soir sur France 2\" class=\"read-more button\" href=\"https:\/\/le-communique.fr\/de\/dans-lombre-la-nouvelle-serie-politique-inspiree-dedouard-philippe-fait-ses-debuts-ce-soir-sur-france-2\/#more-12313\" aria-label=\"Mehr Informationen \u00fcber \u00ab Dans l&rsquo;ombre \u00bb : la nouvelle s\u00e9rie politique inspir\u00e9e d&rsquo;\u00c9douard Philippe fait ses d\u00e9buts ce soir sur France 2\">Read More<\/a><\/p>","protected":false},"author":39,"featured_media":12465,"comment_status":"open","ping_status":"open","sticky":false,"template":"","format":"standard","meta":{"footnotes":""},"categories":[354],"tags":[3337,3343,3211,2991,3342],"class_list":["post-12313","post","type-post","status-publish","format-standard","has-post-thumbnail","hentry","category-cinema","tag-dans-lombre","tag-debuts","tag-edouard-philippe","tag-france-2","tag-serie-politique","infinite-scroll-item","generate-columns","tablet-grid-50","mobile-grid-100","grid-parent","grid-25","no-featured-image-padding"],"_links":{"self":[{"href":"https:\/\/le-communique.fr\/de\/wp-json\/wp\/v2\/posts\/12313","targetHints":{"allow":["GET"]}}],"collection":[{"href":"https:\/\/le-communique.fr\/de\/wp-json\/wp\/v2\/posts"}],"about":[{"href":"https:\/\/le-communique.fr\/de\/wp-json\/wp\/v2\/types\/post"}],"author":[{"embeddable":true,"href":"https:\/\/le-communique.fr\/de\/wp-json\/wp\/v2\/users\/39"}],"replies":[{"embeddable":true,"href":"https:\/\/le-communique.fr\/de\/wp-json\/wp\/v2\/comments?post=12313"}],"version-history":[{"count":0,"href":"https:\/\/le-communique.fr\/de\/wp-json\/wp\/v2\/posts\/12313\/revisions"}],"wp:featuredmedia":[{"embeddable":true,"href":"https:\/\/le-communique.fr\/de\/wp-json\/wp\/v2\/media\/12465"}],"wp:attachment":[{"href":"https:\/\/le-communique.fr\/de\/wp-json\/wp\/v2\/media?parent=12313"}],"wp:term":[{"taxonomy":"category","embeddable":true,"href":"https:\/\/le-communique.fr\/de\/wp-json\/wp\/v2\/categories?post=12313"},{"taxonomy":"post_tag","embeddable":true,"href":"https:\/\/le-communique.fr\/de\/wp-json\/wp\/v2\/tags?post=12313"}],"curies":[{"name":"wp","href":"https:\/\/api.w.org\/{rel}","templated":true}]}}