{"id":12294,"date":"2024-10-23T14:08:01","date_gmt":"2024-10-23T12:08:01","guid":{"rendered":"https:\/\/le-communique.fr\/lelite-politique-francaise-face-a-lobesite-fiscale-un-danger-mortel-pour-la-democratie\/"},"modified":"2024-10-23T14:08:01","modified_gmt":"2024-10-23T12:08:01","slug":"lelite-politique-francaise-face-a-lobesite-fiscale-un-danger-mortel-pour-la-democratie","status":"publish","type":"post","link":"https:\/\/le-communique.fr\/de\/lelite-politique-francaise-face-a-lobesite-fiscale-un-danger-mortel-pour-la-democratie\/","title":{"rendered":"L&rsquo;\u00e9lite politique fran\u00e7aise face \u00e0 l&rsquo;ob\u00e9sit\u00e9 fiscale : un danger mortel pour la d\u00e9mocratie"},"content":{"rendered":"<figure class=\"wp-block-embed is-type-video is-provider-youtube wp-block-embed-youtube wp-embed-aspect-16-9 wp-has-aspect-ratio\">\n<div class=\"wp-block-embed__wrapper\">\n<iframe loading=\"lazy\" title=\"Budget 2025 : coup d&#039;envoi du d\u00e9bat dans l&#039;h\u00e9micycle de l&#039;Assembl\u00e9e en int\u00e9gralit\u00e9 - 21\/10\/2024\" width=\"1200\" height=\"675\" src=\"https:\/\/www.youtube.com\/embed\/t3Y3GqQGgP4?feature=oembed\" frameborder=\"0\" allow=\"accelerometer; autoplay; clipboard-write; encrypted-media; gyroscope; picture-in-picture; web-share\" referrerpolicy=\"strict-origin-when-cross-origin\" allowfullscreen><\/iframe>\n<\/div>\n<\/figure>\n\n\n\n<p class=\"wp-block-paragraph\">La France, berceau de la d\u00e9mocratie moderne, se trouve aujourd&rsquo;hui confront\u00e9e \u00e0 une menace insidieuse : l&rsquo;obsession fiscale. Cette ob\u00e9sit\u00e9 fiscale, nourrie par une classe politique d\u00e9connect\u00e9e, met en p\u00e9ril non seulement l&rsquo;\u00e9conomie nationale mais aussi la vitalit\u00e9 d\u00e9mocratique du pays. Cet article examine comment cette tendance, si elle n&rsquo;est pas corrig\u00e9e, pourrait d\u00e9clencher une crise majeure pour l&rsquo;avenir d\u00e9mocratique de la France.<\/p>\n\n\n<div id=\"ez-toc-container\" class=\"ez-toc-v2_0_87 counter-hierarchy ez-toc-counter ez-toc-grey ez-toc-container-direction\">\n<div class=\"ez-toc-title-container\">\n<p class=\"ez-toc-title\" style=\"cursor:inherit\">Table of Contents<\/p>\n<span class=\"ez-toc-title-toggle\"><a href=\"#\" class=\"ez-toc-pull-right ez-toc-btn ez-toc-btn-xs ez-toc-btn-default ez-toc-toggle\" aria-label=\"Toggle Table of Content\"><span class=\"ez-toc-js-icon-con\"><span class=\"\"><span class=\"eztoc-hide\" style=\"display:none;\">Toggle<\/span><span class=\"ez-toc-icon-toggle-span\"><svg style=\"fill: #999;color:#999\" xmlns=\"http:\/\/www.w3.org\/2000\/svg\" class=\"list-377408\" width=\"20px\" height=\"20px\" viewbox=\"0 0 24 24\" fill=\"none\"><path d=\"M6 6H4v2h2V6zm14 0H8v2h12V6zM4 11h2v2H4v-2zm16 0H8v2h12v-2zM4 16h2v2H4v-2zm16 0H8v2h12v-2z\" fill=\"currentColor\"><\/path><\/svg><svg style=\"fill: #999;color:#999\" class=\"arrow-unsorted-368013\" xmlns=\"http:\/\/www.w3.org\/2000\/svg\" width=\"10px\" height=\"10px\" viewbox=\"0 0 24 24\" version=\"1.2\" baseprofile=\"tiny\"><path d=\"M18.2 9.3l-6.2-6.3-6.2 6.3c-.2.2-.3.4-.3.7s.1.5.3.7c.2.2.4.3.7.3h11c.3 0 .5-.1.7-.3.2-.2.3-.5.3-.7s-.1-.5-.3-.7zM5.8 14.7l6.2 6.3 6.2-6.3c.2-.2.3-.5.3-.7s-.1-.5-.3-.7c-.2-.2-.4-.3-.7-.3h-11c-.3 0-.5.1-.7.3-.2.2-.3.5-.3.7s.1.5.3.7z\"\/><\/svg><\/span><\/span><\/span><\/a><\/span><\/div>\n<nav><ul class='ez-toc-list ez-toc-list-level-1' ><li class='ez-toc-page-1 ez-toc-heading-level-2'><a class=\"ez-toc-link ez-toc-heading-1\" href=\"https:\/\/le-communique.fr\/de\/lelite-politique-francaise-face-a-lobesite-fiscale-un-danger-mortel-pour-la-democratie\/#Lobesite_fiscale_exces_et_dangers\" >L&rsquo;ob\u00e9sit\u00e9 fiscale : exc\u00e8s et dangers<\/a><\/li><li class='ez-toc-page-1 ez-toc-heading-level-2'><a class=\"ez-toc-link ez-toc-heading-2\" href=\"https:\/\/le-communique.fr\/de\/lelite-politique-francaise-face-a-lobesite-fiscale-un-danger-mortel-pour-la-democratie\/#Un_impact_direct_sur_la_democratie\" >Un impact direct sur la d\u00e9mocratie<\/a><\/li><li class='ez-toc-page-1 ez-toc-heading-level-2'><a class=\"ez-toc-link ez-toc-heading-3\" href=\"https:\/\/le-communique.fr\/de\/lelite-politique-francaise-face-a-lobesite-fiscale-un-danger-mortel-pour-la-democratie\/#Des_comparaisons_avec_des_risques_de_sante\" >Des comparaisons avec des risques de sant\u00e9<\/a><\/li><li class='ez-toc-page-1 ez-toc-heading-level-2'><a class=\"ez-toc-link ez-toc-heading-4\" href=\"https:\/\/le-communique.fr\/de\/lelite-politique-francaise-face-a-lobesite-fiscale-un-danger-mortel-pour-la-democratie\/#Une_elite_politique_en_deroute\" >Une \u00e9lite politique en d\u00e9route<\/a><\/li><li class='ez-toc-page-1 ez-toc-heading-level-2'><a class=\"ez-toc-link ez-toc-heading-5\" href=\"https:\/\/le-communique.fr\/de\/lelite-politique-francaise-face-a-lobesite-fiscale-un-danger-mortel-pour-la-democratie\/#Reequilibrer_pour_sauver_la_democratie\" >R\u00e9\u00e9quilibrer pour sauver la d\u00e9mocratie<\/a><\/li><\/ul><\/nav><\/div>\n<h2 class=\"wp-block-heading\"><span class=\"ez-toc-section\" id=\"Lobesite_fiscale_exces_et_dangers\"><\/span>L&rsquo;ob\u00e9sit\u00e9 fiscale : exc\u00e8s et dangers<span class=\"ez-toc-section-end\"><\/span><\/h2>\n\n\n<p class=\"wp-block-paragraph\">Dans le paysage fiscal fran\u00e7ais, l&rsquo;accumulation excessive des imp\u00f4ts et taxes ressemble \u00e0 une ob\u00e9sit\u00e9 dangereuse. En r\u00e9clamant toujours plus, nos d\u00e9put\u00e9s semblent ignorer que cette surcharge p\u00e8se lourdement sur l&rsquo;\u00e9conomie et la soci\u00e9t\u00e9 fran\u00e7aise. <strong>L&rsquo;\u00e9lite politique<\/strong> persiste dans cette voie sans comprendre qu&rsquo;elle pourrait provoquer une rupture, tant \u00e9conomique que sociale.<\/p>\n\n\n<h2 class=\"wp-block-heading\"><span class=\"ez-toc-section\" id=\"Un_impact_direct_sur_la_democratie\"><\/span>Un impact direct sur la d\u00e9mocratie<span class=\"ez-toc-section-end\"><\/span><\/h2>\n\n\n<p class=\"wp-block-paragraph\">La fiscalit\u00e9, par son exc\u00e8s, ne se contente pas de miner l&rsquo;\u00e9conomie; elle sape \u00e9galement les fondations de la d\u00e9mocratie. Alors que le taux de pr\u00e9l\u00e8vements obligatoires explose, les citoyens se sentent de plus en plus d\u00e9connect\u00e9s des d\u00e9cideurs politiques. Cette distance engendre une d\u00e9sillusion croissante vis-\u00e0-vis des institutions, cr\u00e9ant un terreau fertile pour les mouvements radicaux et populistes.<\/p>\n\n\n<h2 class=\"wp-block-heading\"><span class=\"ez-toc-section\" id=\"Des_comparaisons_avec_des_risques_de_sante\"><\/span>Des comparaisons avec des risques de sant\u00e9<span class=\"ez-toc-section-end\"><\/span><\/h2>\n\n\n<p class=\"wp-block-paragraph\">Comme le surpoids et l&rsquo;ob\u00e9sit\u00e9 menacent la sant\u00e9 physique, une fiscalit\u00e9 excessive met en p\u00e9ril la sant\u00e9 \u00e9conomique et sociale de la nation. Tout comme l&rsquo;exc\u00e8s de graisse peut conduire \u00e0 des pathologies graves, l&rsquo;exc\u00e8s de fiscalit\u00e9 entra\u00eene des d\u00e9ficits budg\u00e9taires, des in\u00e9galit\u00e9s et une baisse de la comp\u00e9titivit\u00e9. L&rsquo;\u00e9lite politique doit prendre conscience de ces analogies pour \u00e9viter une catastrophe imminente.<\/p>\n\n\n<h2 class=\"wp-block-heading\"><span class=\"ez-toc-section\" id=\"Une_elite_politique_en_deroute\"><\/span>Une \u00e9lite politique en d\u00e9route<span class=\"ez-toc-section-end\"><\/span><\/h2>\n\n\n<p class=\"wp-block-paragraph\">La m\u00e9thode actuelle de gestion fiscale d\u00e9montre une certaine <strong>d\u00e9connexion des \u00e9lites politiques fran\u00e7aises<\/strong>. Cette approche peut \u00eatre compar\u00e9e \u00e0 une d\u00e9b\u00e2cle, o\u00f9 le manquement \u00e0 tenir compte des signaux d&rsquo;alerte contribue \u00e0 renforcer le pouvoir de l&rsquo;extr\u00eame droite. C&rsquo;est une abdication du devoir de prot\u00e9ger et d\u00e9fendre la d\u00e9mocratie.<\/p>\n\n\n<h2 class=\"wp-block-heading\"><span class=\"ez-toc-section\" id=\"Reequilibrer_pour_sauver_la_democratie\"><\/span>R\u00e9\u00e9quilibrer pour sauver la d\u00e9mocratie<span class=\"ez-toc-section-end\"><\/span><\/h2>\n\n\n<p class=\"wp-block-paragraph\">Pour \u00e9viter que l&rsquo;ob\u00e9sit\u00e9 fiscale ne devienne mortelle, la France doit s&rsquo;engager sur la voie du r\u00e9\u00e9quilibrage. Cela n\u00e9cessite une r\u00e9forme audacieuse et une refonte compl\u00e8te de la fiscalit\u00e9 pour la rendre plus juste et plus efficace. Une telle \u00e9volution est essentielle pour restaurer la confiance des citoyens et fortifier les fondations d\u00e9mocratiques contre toute menace, qu&rsquo;elle soit interne ou externe.<\/p>","protected":false},"excerpt":{"rendered":"<p>La France, berceau de la d\u00e9mocratie moderne, se trouve aujourd&rsquo;hui confront\u00e9e \u00e0 une menace insidieuse &#8230; <\/p>\n<p class=\"read-more-container\"><a title=\"L&rsquo;\u00e9lite politique fran\u00e7aise face \u00e0 l&rsquo;ob\u00e9sit\u00e9 fiscale : un danger mortel pour la d\u00e9mocratie\" class=\"read-more button\" href=\"https:\/\/le-communique.fr\/de\/lelite-politique-francaise-face-a-lobesite-fiscale-un-danger-mortel-pour-la-democratie\/#more-12294\" aria-label=\"Mehr Informationen \u00fcber L&rsquo;\u00e9lite politique fran\u00e7aise face \u00e0 l&rsquo;ob\u00e9sit\u00e9 fiscale : un danger mortel pour la d\u00e9mocratie\">Read More<\/a><\/p>","protected":false},"author":1,"featured_media":12466,"comment_status":"open","ping_status":"open","sticky":false,"template":"","format":"standard","meta":{"footnotes":""},"categories":[2058],"tags":[],"class_list":["post-12294","post","type-post","status-publish","format-standard","has-post-thumbnail","hentry","category-economie-et-finances","infinite-scroll-item","generate-columns","tablet-grid-50","mobile-grid-100","grid-parent","grid-25","no-featured-image-padding"],"_links":{"self":[{"href":"https:\/\/le-communique.fr\/de\/wp-json\/wp\/v2\/posts\/12294","targetHints":{"allow":["GET"]}}],"collection":[{"href":"https:\/\/le-communique.fr\/de\/wp-json\/wp\/v2\/posts"}],"about":[{"href":"https:\/\/le-communique.fr\/de\/wp-json\/wp\/v2\/types\/post"}],"author":[{"embeddable":true,"href":"https:\/\/le-communique.fr\/de\/wp-json\/wp\/v2\/users\/1"}],"replies":[{"embeddable":true,"href":"https:\/\/le-communique.fr\/de\/wp-json\/wp\/v2\/comments?post=12294"}],"version-history":[{"count":0,"href":"https:\/\/le-communique.fr\/de\/wp-json\/wp\/v2\/posts\/12294\/revisions"}],"wp:featuredmedia":[{"embeddable":true,"href":"https:\/\/le-communique.fr\/de\/wp-json\/wp\/v2\/media\/12466"}],"wp:attachment":[{"href":"https:\/\/le-communique.fr\/de\/wp-json\/wp\/v2\/media?parent=12294"}],"wp:term":[{"taxonomy":"category","embeddable":true,"href":"https:\/\/le-communique.fr\/de\/wp-json\/wp\/v2\/categories?post=12294"},{"taxonomy":"post_tag","embeddable":true,"href":"https:\/\/le-communique.fr\/de\/wp-json\/wp\/v2\/tags?post=12294"}],"curies":[{"name":"wp","href":"https:\/\/api.w.org\/{rel}","templated":true}]}}