{"id":12280,"date":"2024-10-17T23:02:18","date_gmt":"2024-10-17T21:02:18","guid":{"rendered":"https:\/\/le-communique.fr\/en-direct-les-deputes-annulent-laugmentation-de-la-taxe-sur-lelectricite-en-commission-budgetaire\/"},"modified":"2024-10-17T23:02:18","modified_gmt":"2024-10-17T21:02:18","slug":"en-direct-les-deputes-annulent-laugmentation-de-la-taxe-sur-lelectricite-en-commission-budgetaire","status":"publish","type":"post","link":"https:\/\/le-communique.fr\/de\/en-direct-les-deputes-annulent-laugmentation-de-la-taxe-sur-lelectricite-en-commission-budgetaire\/","title":{"rendered":"En direct : Les d\u00e9put\u00e9s annulent l&rsquo;augmentation de la taxe sur l&rsquo;\u00e9lectricit\u00e9 en commission budg\u00e9taire"},"content":{"rendered":"<figure class=\"wp-block-embed is-type-video is-provider-youtube wp-block-embed-youtube wp-embed-aspect-16-9 wp-has-aspect-ratio\">\n<div class=\"wp-block-embed__wrapper\">\n<iframe loading=\"lazy\" title=\"Vote suppression article 39 PLFSS 2024\" width=\"1200\" height=\"675\" src=\"https:\/\/www.youtube.com\/embed\/qaARgEYohr8?feature=oembed\" frameborder=\"0\" allow=\"accelerometer; autoplay; clipboard-write; encrypted-media; gyroscope; picture-in-picture; web-share\" referrerpolicy=\"strict-origin-when-cross-origin\" allowfullscreen><\/iframe>\n<\/div>\n<\/figure>\n\n\n\n<p class=\"wp-block-paragraph\">Dans un contexte \u00e9conomique tendu, les d\u00e9put\u00e9s de la commission des finances ont r\u00e9cemment d\u00e9cid\u00e9 de supprimer l&rsquo;article de la loi de finances 2025 qui pr\u00e9voyait une augmentation de la taxe sur l&rsquo;\u00e9lectricit\u00e9. Cette d\u00e9cision a \u00e9t\u00e9 prise \u00e0 la suite d&rsquo;un d\u00e9bat anim\u00e9, marqu\u00e9 par une coalition de divers partis compr\u00e9hensifs des difficult\u00e9s des consommateurs face \u00e0 l&rsquo;inflation. N\u00e9anmoins, la question de la taxe sera r\u00e9examin\u00e9e dans l&rsquo;h\u00e9micycle, sur la base du projet initialement pr\u00e9sent\u00e9 par le gouvernement.<\/p>\n\n\n<div id=\"ez-toc-container\" class=\"ez-toc-v2_0_87 counter-hierarchy ez-toc-counter ez-toc-grey ez-toc-container-direction\">\n<div class=\"ez-toc-title-container\">\n<p class=\"ez-toc-title\" style=\"cursor:inherit\">Table of Contents<\/p>\n<span class=\"ez-toc-title-toggle\"><a href=\"#\" class=\"ez-toc-pull-right ez-toc-btn ez-toc-btn-xs ez-toc-btn-default ez-toc-toggle\" aria-label=\"Toggle Table of Content\"><span class=\"ez-toc-js-icon-con\"><span class=\"\"><span class=\"eztoc-hide\" style=\"display:none;\">Toggle<\/span><span class=\"ez-toc-icon-toggle-span\"><svg style=\"fill: #999;color:#999\" xmlns=\"http:\/\/www.w3.org\/2000\/svg\" class=\"list-377408\" width=\"20px\" height=\"20px\" viewbox=\"0 0 24 24\" fill=\"none\"><path d=\"M6 6H4v2h2V6zm14 0H8v2h12V6zM4 11h2v2H4v-2zm16 0H8v2h12v-2zM4 16h2v2H4v-2zm16 0H8v2h12v-2z\" fill=\"currentColor\"><\/path><\/svg><svg style=\"fill: #999;color:#999\" class=\"arrow-unsorted-368013\" xmlns=\"http:\/\/www.w3.org\/2000\/svg\" width=\"10px\" height=\"10px\" viewbox=\"0 0 24 24\" version=\"1.2\" baseprofile=\"tiny\"><path d=\"M18.2 9.3l-6.2-6.3-6.2 6.3c-.2.2-.3.4-.3.7s.1.5.3.7c.2.2.4.3.7.3h11c.3 0 .5-.1.7-.3.2-.2.3-.5.3-.7s-.1-.5-.3-.7zM5.8 14.7l6.2 6.3 6.2-6.3c.2-.2.3-.5.3-.7s-.1-.5-.3-.7c-.2-.2-.4-.3-.7-.3h-11c-.3 0-.5.1-.7.3-.2.2-.3.5-.3.7s.1.5.3.7z\"\/><\/svg><\/span><\/span><\/span><\/a><\/span><\/div>\n<nav><ul class='ez-toc-list ez-toc-list-level-1' ><li class='ez-toc-page-1 ez-toc-heading-level-2'><a class=\"ez-toc-link ez-toc-heading-1\" href=\"https:\/\/le-communique.fr\/de\/en-direct-les-deputes-annulent-laugmentation-de-la-taxe-sur-lelectricite-en-commission-budgetaire\/#Une_decision_concertee_en_commission_des_finances\" >Une d\u00e9cision concert\u00e9e en commission des finances<\/a><\/li><li class='ez-toc-page-1 ez-toc-heading-level-2'><a class=\"ez-toc-link ez-toc-heading-2\" href=\"https:\/\/le-communique.fr\/de\/en-direct-les-deputes-annulent-laugmentation-de-la-taxe-sur-lelectricite-en-commission-budgetaire\/#Les_implications_economiques_de_lannulation\" >Les implications \u00e9conomiques de l&rsquo;annulation<\/a><\/li><li class='ez-toc-page-1 ez-toc-heading-level-2'><a class=\"ez-toc-link ez-toc-heading-3\" href=\"https:\/\/le-communique.fr\/de\/en-direct-les-deputes-annulent-laugmentation-de-la-taxe-sur-lelectricite-en-commission-budgetaire\/#Les_reactions_politiques_face_a_cette_decision\" >Les r\u00e9actions politiques face \u00e0 cette d\u00e9cision<\/a><ul class='ez-toc-list-level-3' ><li class='ez-toc-heading-level-3'><a class=\"ez-toc-link ez-toc-heading-4\" href=\"https:\/\/le-communique.fr\/de\/en-direct-les-deputes-annulent-laugmentation-de-la-taxe-sur-lelectricite-en-commission-budgetaire\/#Positionnement_du_Senat\" >Positionnement du S\u00e9nat<\/a><\/li><li class='ez-toc-page-1 ez-toc-heading-level-3'><a class=\"ez-toc-link ez-toc-heading-5\" href=\"https:\/\/le-communique.fr\/de\/en-direct-les-deputes-annulent-laugmentation-de-la-taxe-sur-lelectricite-en-commission-budgetaire\/#Prise_de_position_du_Rassemblement_national\" >Prise de position du Rassemblement national<\/a><\/li><li class='ez-toc-page-1 ez-toc-heading-level-3'><a class=\"ez-toc-link ez-toc-heading-6\" href=\"https:\/\/le-communique.fr\/de\/en-direct-les-deputes-annulent-laugmentation-de-la-taxe-sur-lelectricite-en-commission-budgetaire\/#Critiques_des_entreprises\" >Critiques des entreprises<\/a><\/li><\/ul><\/li><li class='ez-toc-page-1 ez-toc-heading-level-2'><a class=\"ez-toc-link ez-toc-heading-7\" href=\"https:\/\/le-communique.fr\/de\/en-direct-les-deputes-annulent-laugmentation-de-la-taxe-sur-lelectricite-en-commission-budgetaire\/#Futurs_debats_a_lAssemblee_nationale\" >Futurs d\u00e9bats \u00e0 l&rsquo;Assembl\u00e9e nationale<\/a><\/li><\/ul><\/nav><\/div>\n<h2 class=\"wp-block-heading\"><span class=\"ez-toc-section\" id=\"Une_decision_concertee_en_commission_des_finances\"><\/span>Une d\u00e9cision concert\u00e9e en commission des finances<span class=\"ez-toc-section-end\"><\/span><\/h2>\n\n\n<p class=\"wp-block-paragraph\">Le jeudi 17 octobre, la commission des finances a fait un choix d\u00e9terminant en supprimant l&rsquo;article controvers\u00e9 du projet de loi de finances 2025. Cet article aurait permis au gouvernement de taxer l&rsquo;\u00e9lectricit\u00e9 \u00e0 un taux sup\u00e9rieur \u00e0 celui en vigueur avant la crise \u00e9nerg\u00e9tique. Les d\u00e9bats ont \u00e9t\u00e9 particuli\u00e8rement vifs, notamment apr\u00e8s le retrait de l&rsquo;amendement de suppression par les R\u00e9publicains. L&rsquo;amendement a \u00e9t\u00e9 repris par Eric Coquerel, pr\u00e9sident de la commission, avec le soutien de la gauche et du Rassemblement national, illustrant une alliance inhabituelle entre diff\u00e9rents groupes politiques.<\/p>\n\n\n<h2 class=\"wp-block-heading\"><span class=\"ez-toc-section\" id=\"Les_implications_economiques_de_lannulation\"><\/span>Les implications \u00e9conomiques de l&rsquo;annulation<span class=\"ez-toc-section-end\"><\/span><\/h2>\n\n\n<p class=\"wp-block-paragraph\">Bien que l&rsquo;annulation repr\u00e9sente un soulagement pour de nombreux foyers, le gouvernement d\u00e9plore la perte des 3 milliards d&rsquo;euros escompt\u00e9s gr\u00e2ce \u00e0 cette taxe. Ces fonds auraient contribu\u00e9 \u00e0 financer diverses initiatives publiques. Cependant, la suppression de cette hausse pourrait att\u00e9nuer les pressions financi\u00e8res sur les foyers, d\u00e9j\u00e0 confront\u00e9s \u00e0 une augmentation du co\u00fbt de la vie. Cette d\u00e9cision indique la priorit\u00e9 accord\u00e9e par les parlementaires \u00e0 la protection du pouvoir d&rsquo;achat des citoyens.<\/p>\n\n\n<h2 class=\"wp-block-heading\"><span class=\"ez-toc-section\" id=\"Les_reactions_politiques_face_a_cette_decision\"><\/span>Les r\u00e9actions politiques face \u00e0 cette d\u00e9cision<span class=\"ez-toc-section-end\"><\/span><\/h2>\n\n\n<h3 class=\"wp-block-heading\"><span class=\"ez-toc-section\" id=\"Positionnement_du_Senat\"><\/span>Positionnement du S\u00e9nat<span class=\"ez-toc-section-end\"><\/span><\/h3>\n\n\n<p class=\"wp-block-paragraph\">Le pr\u00e9sident du S\u00e9nat, G\u00e9rard Larcher, s&rsquo;est exprim\u00e9 sur d&rsquo;autres enjeux l\u00e9gislatifs, notamment la n\u00e9cessit\u00e9 de r\u00e9viser la loi sur l&rsquo;immigration, jug\u00e9e incompl\u00e8te apr\u00e8s les r\u00e9serves \u00e9mises par le Conseil constitutionnel. Toutefois, la suppression de la taxe sur l&rsquo;\u00e9lectricit\u00e9 n&rsquo;a pas \u00e9chapp\u00e9 \u00e0 son attention, ajoutant une dimension suppl\u00e9mentaire aux d\u00e9fis l\u00e9gislatifs actuels.<\/p>\n\n\n<h3 class=\"wp-block-heading\"><span class=\"ez-toc-section\" id=\"Prise_de_position_du_Rassemblement_national\"><\/span>Prise de position du Rassemblement national<span class=\"ez-toc-section-end\"><\/span><\/h3>\n\n\n<p class=\"wp-block-paragraph\">Le d\u00e9put\u00e9 RN, Jean-Philippe Tanguy, a soulign\u00e9 l&rsquo;opposition de son groupe au gouvernement, insistant sur la n\u00e9cessit\u00e9 de prot\u00e9ger les classes moyennes et populaires des imp\u00f4ts suppl\u00e9mentaires. Cette prise de position r\u00e9affirme la ligne directrice du RN, qui vise \u00e0 appara\u00eetre comme le d\u00e9fenseur des contribuables modestes.<\/p>\n\n\n<h3 class=\"wp-block-heading\"><span class=\"ez-toc-section\" id=\"Critiques_des_entreprises\"><\/span>Critiques des entreprises<span class=\"ez-toc-section-end\"><\/span><\/h3>\n\n\n<p class=\"wp-block-paragraph\">Alexandre Bompard, PDG de Carrefour, a vivement critiqu\u00e9 les mesures \u00e9conomiques du projet de loi de finances, \u00e9voquant un \u00ab t\u00eate-\u00e0-queue de politique \u00e9conomique \u00bb. La mise en place d&rsquo;une hausse temporaire de l&rsquo;imp\u00f4t sur certaines entreprises est particuli\u00e8rement point\u00e9e du doigt, en raison de la crainte que ces mesures temporaires se transforment en solutions permanentes.<\/p>\n\n\n<h2 class=\"wp-block-heading\"><span class=\"ez-toc-section\" id=\"Futurs_debats_a_lAssemblee_nationale\"><\/span>Futurs d\u00e9bats \u00e0 l&rsquo;Assembl\u00e9e nationale<span class=\"ez-toc-section-end\"><\/span><\/h2>\n\n\n<p class=\"wp-block-paragraph\">Malgr\u00e9 la suppression initiale en commission, le projet de taxe sur l&rsquo;\u00e9lectricit\u00e9 n&rsquo;est pas enterr\u00e9. Il fera l&rsquo;objet d&rsquo;une r\u00e9\u00e9valuation au sein de l&rsquo;h\u00e9micycle, o\u00f9 le gouvernement esp\u00e8re peut-\u00eatre r\u00e9introduire certaines des dispositions pr\u00e9vues originellement. Le recours \u00e9ventuel \u00e0 la proc\u00e9dure l\u00e9gislative de l&rsquo;article 49.3 de la Constitution reste une option pour le gouvernement si le consensus parlementaire \u00e9tait difficile \u00e0 atteindre. Maud Bregeon, porte-parole du gouvernement, a indiqu\u00e9 que toutes les options sont sur la table, bien que la priorit\u00e9 soit d&rsquo;\u00e9viter ce recours.<\/p>","protected":false},"excerpt":{"rendered":"<p>Dans un contexte \u00e9conomique tendu, les d\u00e9put\u00e9s de la commission des finances ont r\u00e9cemment d\u00e9cid\u00e9 &#8230; <\/p>\n<p class=\"read-more-container\"><a title=\"En direct : Les d\u00e9put\u00e9s annulent l&rsquo;augmentation de la taxe sur l&rsquo;\u00e9lectricit\u00e9 en commission budg\u00e9taire\" class=\"read-more button\" href=\"https:\/\/le-communique.fr\/de\/en-direct-les-deputes-annulent-laugmentation-de-la-taxe-sur-lelectricite-en-commission-budgetaire\/#more-12280\" aria-label=\"Mehr Informationen \u00fcber En direct : Les d\u00e9put\u00e9s annulent l&rsquo;augmentation de la taxe sur l&rsquo;\u00e9lectricit\u00e9 en commission budg\u00e9taire\">Read More<\/a><\/p>","protected":false},"author":1,"featured_media":12468,"comment_status":"open","ping_status":"open","sticky":false,"template":"","format":"standard","meta":{"footnotes":""},"categories":[2058],"tags":[2997,3320,3169,2752,3319],"class_list":["post-12280","post","type-post","status-publish","format-standard","has-post-thumbnail","hentry","category-economie-et-finances","tag-augmentation","tag-commission-budgetaire","tag-deputes","tag-politique","tag-taxe-sur-lelectricite","infinite-scroll-item","generate-columns","tablet-grid-50","mobile-grid-100","grid-parent","grid-25","no-featured-image-padding"],"_links":{"self":[{"href":"https:\/\/le-communique.fr\/de\/wp-json\/wp\/v2\/posts\/12280","targetHints":{"allow":["GET"]}}],"collection":[{"href":"https:\/\/le-communique.fr\/de\/wp-json\/wp\/v2\/posts"}],"about":[{"href":"https:\/\/le-communique.fr\/de\/wp-json\/wp\/v2\/types\/post"}],"author":[{"embeddable":true,"href":"https:\/\/le-communique.fr\/de\/wp-json\/wp\/v2\/users\/1"}],"replies":[{"embeddable":true,"href":"https:\/\/le-communique.fr\/de\/wp-json\/wp\/v2\/comments?post=12280"}],"version-history":[{"count":0,"href":"https:\/\/le-communique.fr\/de\/wp-json\/wp\/v2\/posts\/12280\/revisions"}],"wp:featuredmedia":[{"embeddable":true,"href":"https:\/\/le-communique.fr\/de\/wp-json\/wp\/v2\/media\/12468"}],"wp:attachment":[{"href":"https:\/\/le-communique.fr\/de\/wp-json\/wp\/v2\/media?parent=12280"}],"wp:term":[{"taxonomy":"category","embeddable":true,"href":"https:\/\/le-communique.fr\/de\/wp-json\/wp\/v2\/categories?post=12280"},{"taxonomy":"post_tag","embeddable":true,"href":"https:\/\/le-communique.fr\/de\/wp-json\/wp\/v2\/tags?post=12280"}],"curies":[{"name":"wp","href":"https:\/\/api.w.org\/{rel}","templated":true}]}}