{"id":12245,"date":"2024-10-01T09:00:44","date_gmt":"2024-10-01T07:00:44","guid":{"rendered":"https:\/\/le-communique.fr\/bruno-retailleau-declare-chaque-depute-du-rassemblement-national-a-la-meme-valeur-quun-depute-dun-autre-parti\/"},"modified":"2024-10-01T09:00:44","modified_gmt":"2024-10-01T07:00:44","slug":"bruno-retailleau-declare-chaque-depute-du-rassemblement-national-a-la-meme-valeur-quun-depute-dun-autre-parti","status":"publish","type":"post","link":"https:\/\/le-communique.fr\/de\/bruno-retailleau-declare-chaque-depute-du-rassemblement-national-a-la-meme-valeur-quun-depute-dun-autre-parti\/","title":{"rendered":"Bruno Retailleau d\u00e9clare : \u00ab\u00a0Chaque d\u00e9put\u00e9 du Rassemblement national a la m\u00eame valeur qu&rsquo;un d\u00e9put\u00e9 d&rsquo;un autre parti\u00a0\u00bb."},"content":{"rendered":"<figure class=\"wp-block-embed is-type-video is-provider-youtube wp-block-embed-youtube wp-embed-aspect-16-9 wp-has-aspect-ratio\">\n<div class=\"wp-block-embed__wrapper\">\n<iframe loading=\"lazy\" title=\"Bruno Retailleau : &quot;l&#039;immigration n&#039;est pas une chance&quot;\" width=\"1200\" height=\"675\" src=\"https:\/\/www.youtube.com\/embed\/kyZrnUOp70U?feature=oembed\" frameborder=\"0\" allow=\"accelerometer; autoplay; clipboard-write; encrypted-media; gyroscope; picture-in-picture; web-share\" referrerpolicy=\"strict-origin-when-cross-origin\" allowfullscreen><\/iframe>\n<\/div>\n<\/figure>\n\n\n\n<p class=\"wp-block-paragraph\">    Bruno Retailleau, figure de premier plan de la droite fran\u00e7aise et pr\u00e9sident du groupe Les R\u00e9publicains au S\u00e9nat, a r\u00e9cemment affirm\u00e9 que chaque d\u00e9put\u00e9 du <strong>Rassemblement national<\/strong> (RN) a la m\u00eame valeur qu&rsquo;un d\u00e9put\u00e9 d&rsquo;un autre parti. Cette d\u00e9claration, qui vise \u00e0 instaurer un climat de respect et de reconnaissance entre les diverses formations politiques, suscite toutefois des d\u00e9bats enflamm\u00e9s au sein de l&rsquo;ar\u00e8ne politique fran\u00e7aise. Les enjeux de repr\u00e9sentativit\u00e9 et d&rsquo;\u00e9galit\u00e9 entre \u00e9lus de diff\u00e9rents bords sont au c\u0153ur de la discussion.<\/p>\n\n\n<div id=\"ez-toc-container\" class=\"ez-toc-v2_0_87 counter-hierarchy ez-toc-counter ez-toc-grey ez-toc-container-direction\">\n<div class=\"ez-toc-title-container\">\n<p class=\"ez-toc-title\" style=\"cursor:inherit\">Table of Contents<\/p>\n<span class=\"ez-toc-title-toggle\"><a href=\"#\" class=\"ez-toc-pull-right ez-toc-btn ez-toc-btn-xs ez-toc-btn-default ez-toc-toggle\" aria-label=\"Toggle Table of Content\"><span class=\"ez-toc-js-icon-con\"><span class=\"\"><span class=\"eztoc-hide\" style=\"display:none;\">Toggle<\/span><span class=\"ez-toc-icon-toggle-span\"><svg style=\"fill: #999;color:#999\" xmlns=\"http:\/\/www.w3.org\/2000\/svg\" class=\"list-377408\" width=\"20px\" height=\"20px\" viewbox=\"0 0 24 24\" fill=\"none\"><path d=\"M6 6H4v2h2V6zm14 0H8v2h12V6zM4 11h2v2H4v-2zm16 0H8v2h12v-2zM4 16h2v2H4v-2zm16 0H8v2h12v-2z\" fill=\"currentColor\"><\/path><\/svg><svg style=\"fill: #999;color:#999\" class=\"arrow-unsorted-368013\" xmlns=\"http:\/\/www.w3.org\/2000\/svg\" width=\"10px\" height=\"10px\" viewbox=\"0 0 24 24\" version=\"1.2\" baseprofile=\"tiny\"><path d=\"M18.2 9.3l-6.2-6.3-6.2 6.3c-.2.2-.3.4-.3.7s.1.5.3.7c.2.2.4.3.7.3h11c.3 0 .5-.1.7-.3.2-.2.3-.5.3-.7s-.1-.5-.3-.7zM5.8 14.7l6.2 6.3 6.2-6.3c.2-.2.3-.5.3-.7s-.1-.5-.3-.7c-.2-.2-.4-.3-.7-.3h-11c-.3 0-.5.1-.7.3-.2.2-.3.5-.3.7s.1.5.3.7z\"\/><\/svg><\/span><\/span><\/span><\/a><\/span><\/div>\n<nav><ul class='ez-toc-list ez-toc-list-level-1' ><li class='ez-toc-page-1 ez-toc-heading-level-2'><a class=\"ez-toc-link ez-toc-heading-1\" href=\"https:\/\/le-communique.fr\/de\/bruno-retailleau-declare-chaque-depute-du-rassemblement-national-a-la-meme-valeur-quun-depute-dun-autre-parti\/#Un_Pas_Vers_lEgalite_Parlementaire\" >Un Pas Vers l&rsquo;\u00c9galit\u00e9 Parlementaire<\/a><ul class='ez-toc-list-level-3' ><li class='ez-toc-heading-level-3'><a class=\"ez-toc-link ez-toc-heading-2\" href=\"https:\/\/le-communique.fr\/de\/bruno-retailleau-declare-chaque-depute-du-rassemblement-national-a-la-meme-valeur-quun-depute-dun-autre-parti\/#Le_Respect_de_la_Democratie_Parlementaire\" >Le Respect de la D\u00e9mocratie Parlementaire<\/a><\/li><\/ul><\/li><li class='ez-toc-page-1 ez-toc-heading-level-2'><a class=\"ez-toc-link ez-toc-heading-3\" href=\"https:\/\/le-communique.fr\/de\/bruno-retailleau-declare-chaque-depute-du-rassemblement-national-a-la-meme-valeur-quun-depute-dun-autre-parti\/#Les_Reactions_Politiques\" >Les R\u00e9actions Politiques<\/a><ul class='ez-toc-list-level-3' ><li class='ez-toc-heading-level-3'><a class=\"ez-toc-link ez-toc-heading-4\" href=\"https:\/\/le-communique.fr\/de\/bruno-retailleau-declare-chaque-depute-du-rassemblement-national-a-la-meme-valeur-quun-depute-dun-autre-parti\/#LImpact_sur_la_Vie_Politique\" >L&rsquo;Impact sur la Vie Politique<\/a><\/li><\/ul><\/li><\/ul><\/nav><\/div>\n<h2 class=\"wp-block-heading\"><span class=\"ez-toc-section\" id=\"Un_Pas_Vers_lEgalite_Parlementaire\"><\/span>Un Pas Vers l&rsquo;\u00c9galit\u00e9 Parlementaire<span class=\"ez-toc-section-end\"><\/span><\/h2>\n\n\n<p class=\"wp-block-paragraph\">    La d\u00e9claration de Bruno Retailleau s&rsquo;inscrit dans une volont\u00e9 de reconna\u00eetre l&rsquo;\u00e9galit\u00e9 de tous les \u00e9lus, ind\u00e9pendamment de leur affiliation politique. En soulignant que \u00ab chaque d\u00e9put\u00e9 du Rassemblement national a la m\u00eame valeur qu&rsquo;un d\u00e9put\u00e9 d&rsquo;un autre parti \u00bb, il ouvre la voie \u00e0 une nouvelle \u00e8re de <strong>consid\u00e9ration mutuelle<\/strong> et de respect entre les repr\u00e9sentants de la nation.<\/p>\n\n\n<p class=\"wp-block-paragraph\">    Cette prise de position intervient dans un contexte fran\u00e7ais o\u00f9 la polarisation politique est marqu\u00e9e, et o\u00f9 les partis comme le RN subissent souvent une marginalisation syst\u00e9matique. Par cette d\u00e9claration, Retailleau semble vouloir briser ce sch\u00e9ma et militer pour une <strong>repr\u00e9sentation \u00e9quitable<\/strong> de tous les \u00e9lus \u00e0 l&rsquo;Assembl\u00e9e nationale.<\/p>\n\n\n<h3 class=\"wp-block-heading\"><span class=\"ez-toc-section\" id=\"Le_Respect_de_la_Democratie_Parlementaire\"><\/span>Le Respect de la D\u00e9mocratie Parlementaire<span class=\"ez-toc-section-end\"><\/span><\/h3>\n\n\n<p class=\"wp-block-paragraph\">    En affirmant l&rsquo;\u00e9galit\u00e9 des d\u00e9put\u00e9s, Bruno Retailleau rappelle un principe fondamental de la d\u00e9mocratie parlementaire : chaque \u00e9lu est cens\u00e9 repr\u00e9senter une partie de la population fran\u00e7aise et doit donc \u00eatre respect\u00e9 en tant que tel. Cette vision \u00e9galitaire promeut une approche plus inclusive qui pourrait potentiellement apaiser les tensions politiques et favoriser une meilleure collaboration entre les diff\u00e9rents partis.<\/p>\n\n\n<p class=\"wp-block-paragraph\">    Cependant, cette perspective est loin de faire l&rsquo;unanimit\u00e9. Les critiques estiment que la reconnaissance d&rsquo;une valeur \u00e9gale \u00e0 chaque d\u00e9put\u00e9, ind\u00e9pendamment de son parti, pourrait \u00eatre per\u00e7ue comme une <strong>normalisation<\/strong> d&rsquo;id\u00e9ologies controvers\u00e9es. Le RN, souvent critiqu\u00e9 pour ses positions extr\u00eames, suscite toujours la m\u00e9fiance d&rsquo;une grande partie de la classe politique et de la soci\u00e9t\u00e9 civile.<\/p>\n\n\n<h2 class=\"wp-block-heading\"><span class=\"ez-toc-section\" id=\"Les_Reactions_Politiques\"><\/span>Les R\u00e9actions Politiques<span class=\"ez-toc-section-end\"><\/span><\/h2>\n\n\n<p class=\"wp-block-paragraph\">    La sortie de Bruno Retailleau a provoqu\u00e9 une vague de r\u00e9actions vari\u00e9es. Au sein m\u00eame de son parti, Les R\u00e9publicains, des voix se sont \u00e9lev\u00e9es pour soutenir ou critiquer sa position. Certains membres, en faveur d&rsquo;une politique de droiture et d&rsquo;unit\u00e9 r\u00e9publicaine, saluent cette affirmation comme un pas vers une <strong>coh\u00e9sion nationale<\/strong>.<\/p>\n\n\n<p class=\"wp-block-paragraph\">    D&rsquo;autres, en revanche, craignent que cette d\u00e9claration soit interpr\u00e9t\u00e9e comme un signe de faiblesse ou de compromission avec des forces politiques qu&rsquo;ils jugent incompatibles avec les valeurs r\u00e9publicaines. Jean-Luc M\u00e9lenchon, leader de La France insoumise, a vivement r\u00e9agi, accusant Retailleau de banaliser l&rsquo;extr\u00eame droite. Du c\u00f4t\u00e9 du RN, la d\u00e9claration a \u00e9t\u00e9 accueillie favorablement, avec un sentiment de l\u00e9gitimation et de reconnaissance.<\/p>\n\n\n<h3 class=\"wp-block-heading\"><span class=\"ez-toc-section\" id=\"LImpact_sur_la_Vie_Politique\"><\/span>L&rsquo;Impact sur la Vie Politique<span class=\"ez-toc-section-end\"><\/span><\/h3>\n\n\n<p class=\"wp-block-paragraph\">    Les paroles de Retailleau posent une question cruciale sur la direction que prend la vie politique fran\u00e7aise. En pr\u00f4nant une \u00e9galit\u00e9 stricte entre parlementaires de tous horizons, il ouvre un d\u00e9bat n\u00e9cessaire sur la nature m\u00eame de la <strong>repr\u00e9sentation d\u00e9mocratique<\/strong>. Ce discours pourrait inciter les partis \u00e0 repenser leur mani\u00e8re d&rsquo;interagir les uns avec les autres et \u00e0 d\u00e9velopper des approches plus respectueuses et consensuelles.<\/p>\n\n\n<p class=\"wp-block-paragraph\">    N\u00e9anmoins, il est \u00e9galement possible que ce changement de ton soit instrumentalis\u00e9 \u00e0 des fins politiques, que ce soit pour gagner des voix ou pour d\u00e9sar\u00e7onner des adversaires. \u00c0 long terme, l&rsquo;impact r\u00e9el de cette d\u00e9claration d\u00e9pendra de la mani\u00e8re dont les diff\u00e9rents acteurs politiques interpr\u00e9teront et mettront en \u0153uvre ce principe d&rsquo;\u00e9galit\u00e9 dans leurs pratiques quotidiennes.<\/p>\n\n\n<figure class=\"wp-block-embed is-type-video is-provider-tiktok wp-block-embed-tiktok\"><div class=\"wp-block-embed__wrapper\">\n<blockquote class=\"tiktok-embed\" cite=\"https:\/\/www.tiktok.com\/@parti_renaissance\/video\/7388211941879139616\" data-video-id=\"7388211941879139616\" data-embed-from=\"oembed\" style=\"max-width:605px; min-width:325px;\"> <section> <a target=\"_blank\" title=\"@parti_renaissance\" href=\"https:\/\/www.tiktok.com\/@parti_renaissance?refer=embed\" rel=\"noopener nofollow\">@parti_renaissance<\/a> <p>2 minutes d\u2019incomp\u00e9tence des candidats investis par le RN.  Ne laissez pas n\u2019importe qui si\u00e9ger \u00e0 l\u2019Assembl\u00e9e Nationale, dimanche prochain.<\/p> <a target=\"_blank\" title=\"\u266c son original - Renaissance\" href=\"https:\/\/www.tiktok.com\/music\/son-original-7388212025442863905?refer=embed\" rel=\"noopener nofollow\">\u266c son original &#8211; Renaissance<\/a> <\/section> <\/blockquote> <script async src=\"https:\/\/www.tiktok.com\/embed.js\"><\/script>\n<\/div><\/figure>","protected":false},"excerpt":{"rendered":"<p>Bruno Retailleau, figure de premier plan de la droite fran\u00e7aise et pr\u00e9sident du groupe Les &#8230; <\/p>\n<p class=\"read-more-container\"><a title=\"Bruno Retailleau d\u00e9clare : \u00ab\u00a0Chaque d\u00e9put\u00e9 du Rassemblement national a la m\u00eame valeur qu&rsquo;un d\u00e9put\u00e9 d&rsquo;un autre parti\u00a0\u00bb.\" class=\"read-more button\" href=\"https:\/\/le-communique.fr\/de\/bruno-retailleau-declare-chaque-depute-du-rassemblement-national-a-la-meme-valeur-quun-depute-dun-autre-parti\/#more-12245\" aria-label=\"Mehr Informationen \u00fcber Bruno Retailleau d\u00e9clare : \u00ab\u00a0Chaque d\u00e9put\u00e9 du Rassemblement national a la m\u00eame valeur qu&rsquo;un d\u00e9put\u00e9 d&rsquo;un autre parti\u00a0\u00bb.\">Read More<\/a><\/p>","protected":false},"author":1,"featured_media":12474,"comment_status":"open","ping_status":"open","sticky":false,"template":"","format":"standard","meta":{"footnotes":""},"categories":[2138],"tags":[3286,3287,3169,2815,3069],"class_list":["post-12245","post","type-post","status-publish","format-standard","has-post-thumbnail","hentry","category-analyse-de-la-valeur-de-limmobilier","tag-bruno-retailleau","tag-declaration","tag-deputes","tag-politique-francaise","tag-rassemblement-national","infinite-scroll-item","generate-columns","tablet-grid-50","mobile-grid-100","grid-parent","grid-25","no-featured-image-padding"],"_links":{"self":[{"href":"https:\/\/le-communique.fr\/de\/wp-json\/wp\/v2\/posts\/12245","targetHints":{"allow":["GET"]}}],"collection":[{"href":"https:\/\/le-communique.fr\/de\/wp-json\/wp\/v2\/posts"}],"about":[{"href":"https:\/\/le-communique.fr\/de\/wp-json\/wp\/v2\/types\/post"}],"author":[{"embeddable":true,"href":"https:\/\/le-communique.fr\/de\/wp-json\/wp\/v2\/users\/1"}],"replies":[{"embeddable":true,"href":"https:\/\/le-communique.fr\/de\/wp-json\/wp\/v2\/comments?post=12245"}],"version-history":[{"count":0,"href":"https:\/\/le-communique.fr\/de\/wp-json\/wp\/v2\/posts\/12245\/revisions"}],"wp:featuredmedia":[{"embeddable":true,"href":"https:\/\/le-communique.fr\/de\/wp-json\/wp\/v2\/media\/12474"}],"wp:attachment":[{"href":"https:\/\/le-communique.fr\/de\/wp-json\/wp\/v2\/media?parent=12245"}],"wp:term":[{"taxonomy":"category","embeddable":true,"href":"https:\/\/le-communique.fr\/de\/wp-json\/wp\/v2\/categories?post=12245"},{"taxonomy":"post_tag","embeddable":true,"href":"https:\/\/le-communique.fr\/de\/wp-json\/wp\/v2\/tags?post=12245"}],"curies":[{"name":"wp","href":"https:\/\/api.w.org\/{rel}","templated":true}]}}