{"id":12140,"date":"2024-09-19T23:02:50","date_gmt":"2024-09-19T21:02:50","guid":{"rendered":"https:\/\/le-communique.fr\/patrick-kanner-exprime-son-desaccord-je-ne-veux-pas-que-la-france-insoumise-impose-son-rythme-a-la-gauche-francaise\/"},"modified":"2024-09-19T23:02:50","modified_gmt":"2024-09-19T21:02:50","slug":"patrick-kanner-exprime-son-desaccord-je-ne-veux-pas-que-la-france-insoumise-impose-son-rythme-a-la-gauche-francaise","status":"publish","type":"post","link":"https:\/\/le-communique.fr\/de\/patrick-kanner-exprime-son-desaccord-je-ne-veux-pas-que-la-france-insoumise-impose-son-rythme-a-la-gauche-francaise\/","title":{"rendered":"Patrick Kanner exprime son d\u00e9saccord : &lsquo;Je ne veux pas que La France insoumise impose son rythme \u00e0 la gauche fran\u00e7aise"},"content":{"rendered":"<figure class=\"wp-block-embed is-type-video is-provider-youtube wp-block-embed-youtube wp-embed-aspect-16-9 wp-has-aspect-ratio\">\n<div class=\"wp-block-embed__wrapper\">\n<iframe loading=\"lazy\" title=\"Patrick Kanner demande la r\u00e9int\u00e9gration des socialistes exclus\" width=\"1200\" height=\"675\" src=\"https:\/\/www.youtube.com\/embed\/DjLLxhOPUy8?feature=oembed\" frameborder=\"0\" allow=\"accelerometer; autoplay; clipboard-write; encrypted-media; gyroscope; picture-in-picture; web-share\" referrerpolicy=\"strict-origin-when-cross-origin\" allowfullscreen><\/iframe>\n<\/div>\n<\/figure>\n\n\n<figure class='wp-block-image size-full'>\n<img loading=\"lazy\" width=\"1344\" height=\"768\" src=\"https:\/\/le-communique.fr\/wp-content\/uploads\/2024\/09\/Patrick-Kanner-exprime-son-desaccord-Je-ne-veux-pas-que-La-France-insoumise-impose-son-rythme-a-la-gauche-francaise.png\" class=\"attachment-full size-full\" alt=\"dans une prise de position claire, patrick kanner partage son d\u00e9saccord avec la france insoumise, affirmant : &#039;je ne veux pas que le mouvement impose son rythme \u00e0 la gauche fran\u00e7aise&#039;. d\u00e9couvrez ses arguments et les enjeux de cette d\u00e9claration concernant l&#039;unit\u00e9 de la gauche.\" decoding=\"async\" srcset=\"https:\/\/le-communique.fr\/wp-content\/uploads\/2024\/09\/Patrick-Kanner-exprime-son-desaccord-Je-ne-veux-pas-que-La-France-insoumise-impose-son-rythme-a-la-gauche-francaise.png 1344w, https:\/\/le-communique.fr\/wp-content\/uploads\/2024\/09\/Patrick-Kanner-exprime-son-desaccord-Je-ne-veux-pas-que-La-France-insoumise-impose-son-rythme-a-la-gauche-francaise-300x171.png 300w, https:\/\/le-communique.fr\/wp-content\/uploads\/2024\/09\/Patrick-Kanner-exprime-son-desaccord-Je-ne-veux-pas-que-La-France-insoumise-impose-son-rythme-a-la-gauche-francaise-1024x585.png 1024w, https:\/\/le-communique.fr\/wp-content\/uploads\/2024\/09\/Patrick-Kanner-exprime-son-desaccord-Je-ne-veux-pas-que-La-France-insoumise-impose-son-rythme-a-la-gauche-francaise-768x439.png 768w, https:\/\/le-communique.fr\/wp-content\/uploads\/2024\/09\/Patrick-Kanner-exprime-son-desaccord-Je-ne-veux-pas-que-La-France-insoumise-impose-son-rythme-a-la-gauche-francaise-18x10.png 18w\" sizes=\"auto, (max-width: 1344px) 100vw, 1344px\" \/>\n<\/figure>\n\n\n\n<p class=\"wp-block-paragraph\">Ce mercredi, lors de son intervention sur Public S\u00e9nat, Patrick Kanner, pr\u00e9sident du groupe socialiste au S\u00e9nat, a exprim\u00e9 avec force son d\u00e9saccord envers l&rsquo;influence croissante de La France insoumise au sein de la gauche fran\u00e7aise. Il appelle \u00e0 un rapport de force pour r\u00e9\u00e9quilibrer les relations au sein du Nouveau Front Populaire (NFP) et critique les provocations des Insoumis.<\/p>\n\n\n<div id=\"ez-toc-container\" class=\"ez-toc-v2_0_87 counter-hierarchy ez-toc-counter ez-toc-grey ez-toc-container-direction\">\n<div class=\"ez-toc-title-container\">\n<p class=\"ez-toc-title\" style=\"cursor:inherit\">Table of Contents<\/p>\n<span class=\"ez-toc-title-toggle\"><a href=\"#\" class=\"ez-toc-pull-right ez-toc-btn ez-toc-btn-xs ez-toc-btn-default ez-toc-toggle\" aria-label=\"Toggle Table of Content\"><span class=\"ez-toc-js-icon-con\"><span class=\"\"><span class=\"eztoc-hide\" style=\"display:none;\">Toggle<\/span><span class=\"ez-toc-icon-toggle-span\"><svg style=\"fill: #999;color:#999\" xmlns=\"http:\/\/www.w3.org\/2000\/svg\" class=\"list-377408\" width=\"20px\" height=\"20px\" viewbox=\"0 0 24 24\" fill=\"none\"><path d=\"M6 6H4v2h2V6zm14 0H8v2h12V6zM4 11h2v2H4v-2zm16 0H8v2h12v-2zM4 16h2v2H4v-2zm16 0H8v2h12v-2z\" fill=\"currentColor\"><\/path><\/svg><svg style=\"fill: #999;color:#999\" class=\"arrow-unsorted-368013\" xmlns=\"http:\/\/www.w3.org\/2000\/svg\" width=\"10px\" height=\"10px\" viewbox=\"0 0 24 24\" version=\"1.2\" baseprofile=\"tiny\"><path d=\"M18.2 9.3l-6.2-6.3-6.2 6.3c-.2.2-.3.4-.3.7s.1.5.3.7c.2.2.4.3.7.3h11c.3 0 .5-.1.7-.3.2-.2.3-.5.3-.7s-.1-.5-.3-.7zM5.8 14.7l6.2 6.3 6.2-6.3c.2-.2.3-.5.3-.7s-.1-.5-.3-.7c-.2-.2-.4-.3-.7-.3h-11c-.3 0-.5.1-.7.3-.2.2-.3.5-.3.7s.1.5.3.7z\"\/><\/svg><\/span><\/span><\/span><\/a><\/span><\/div>\n<nav><ul class='ez-toc-list ez-toc-list-level-1' ><li class='ez-toc-page-1 ez-toc-heading-level-2'><a class=\"ez-toc-link ez-toc-heading-1\" href=\"https:\/\/le-communique.fr\/de\/patrick-kanner-exprime-son-desaccord-je-ne-veux-pas-que-la-france-insoumise-impose-son-rythme-a-la-gauche-francaise\/#Patrick_Kanner_contre_linfluence_de_La_France_insoumise\" >Patrick Kanner contre l&rsquo;influence de La France insoumise<\/a><ul class='ez-toc-list-level-3' ><li class='ez-toc-heading-level-3'><a class=\"ez-toc-link ez-toc-heading-2\" href=\"https:\/\/le-communique.fr\/de\/patrick-kanner-exprime-son-desaccord-je-ne-veux-pas-que-la-france-insoumise-impose-son-rythme-a-la-gauche-francaise\/#Un_appel_a_un_rapport_de_force_necessaire\" >Un appel \u00e0 un rapport de force n\u00e9cessaire<\/a><\/li><li class='ez-toc-page-1 ez-toc-heading-level-3'><a class=\"ez-toc-link ez-toc-heading-3\" href=\"https:\/\/le-communique.fr\/de\/patrick-kanner-exprime-son-desaccord-je-ne-veux-pas-que-la-france-insoumise-impose-son-rythme-a-la-gauche-francaise\/#Des_provocations_qui_fragilisent_le_Nouveau_Front_Populaire\" >Des provocations qui fragilisent le Nouveau Front Populaire<\/a><\/li><\/ul><\/li><li class='ez-toc-page-1 ez-toc-heading-level-2'><a class=\"ez-toc-link ez-toc-heading-4\" href=\"https:\/\/le-communique.fr\/de\/patrick-kanner-exprime-son-desaccord-je-ne-veux-pas-que-la-france-insoumise-impose-son-rythme-a-la-gauche-francaise\/#La_nostalgie_des_sociaux-democrates\" >La nostalgie des sociaux-d\u00e9mocrates<\/a><\/li><li class='ez-toc-page-1 ez-toc-heading-level-2'><a class=\"ez-toc-link ez-toc-heading-5\" href=\"https:\/\/le-communique.fr\/de\/patrick-kanner-exprime-son-desaccord-je-ne-veux-pas-que-la-france-insoumise-impose-son-rythme-a-la-gauche-francaise\/#Quelle_voie_pour_le_futur_de_la_gauche_francaise\" >Quelle voie pour le futur de la gauche fran\u00e7aise ?<\/a><ul class='ez-toc-list-level-3' ><li class='ez-toc-heading-level-3'><a class=\"ez-toc-link ez-toc-heading-6\" href=\"https:\/\/le-communique.fr\/de\/patrick-kanner-exprime-son-desaccord-je-ne-veux-pas-que-la-france-insoumise-impose-son-rythme-a-la-gauche-francaise\/#La_procedure_de_destitution_comme_exemple_de_division\" >La proc\u00e9dure de destitution comme exemple de division<\/a><\/li><\/ul><\/li><li class='ez-toc-page-1 ez-toc-heading-level-2'><a class=\"ez-toc-link ez-toc-heading-7\" href=\"https:\/\/le-communique.fr\/de\/patrick-kanner-exprime-son-desaccord-je-ne-veux-pas-que-la-france-insoumise-impose-son-rythme-a-la-gauche-francaise\/#Conclusion_Une_gauche_en_quete_de_reinvention\" >Conclusion : Une gauche en qu\u00eate de r\u00e9invention<\/a><\/li><\/ul><\/nav><\/div>\n<h2 class=\"wp-block-heading\"><span class=\"ez-toc-section\" id=\"Patrick_Kanner_contre_linfluence_de_La_France_insoumise\"><\/span>Patrick Kanner contre l&rsquo;influence de La France insoumise<span class=\"ez-toc-section-end\"><\/span><\/h2>\n\n\n<p class=\"wp-block-paragraph\"><strong>Patrick Kanner<\/strong>, pr\u00e9sident du groupe socialiste au S\u00e9nat et s\u00e9nateur du Nord, a manifest\u00e9 son opposition \u00e0 l&rsquo;influence grandissante de <strong>La France insoumise<\/strong> (LFI) au sein de la gauche fran\u00e7aise. Lors de son passage sur Public S\u00e9nat, Kanner a d\u00e9clar\u00e9 : \u00ab Je ne souhaite pas que La France insoumise donne le &lsquo;la&rsquo; de la politique \u00bb. Selon lui, LFI doit \u00eatre contrebalanc\u00e9e par d&rsquo;autres forces de gauche pour \u00e9viter que leur approche devienne pr\u00e9dominante.<\/p>\n\n\n<h3 class=\"wp-block-heading\"><span class=\"ez-toc-section\" id=\"Un_appel_a_un_rapport_de_force_necessaire\"><\/span>Un appel \u00e0 un rapport de force n\u00e9cessaire<span class=\"ez-toc-section-end\"><\/span><\/h3>\n\n\n<p class=\"wp-block-paragraph\">Patrick Kanner ne s&rsquo;est pas arr\u00eat\u00e9 \u00e0 une critique superficielle. Il a appel\u00e9 \u00e0 \u00e9tablir un <strong>rapport de force<\/strong> qui permettrait \u00e0 la gauche fran\u00e7aise de retrouver son \u00e9quilibre. Il estime que sans cette dynamique de contrepoids, LFI pourrait dominer et imprimer son rythme \u00e0 toute la mouvance, ce qu&rsquo;il juge p\u00e9rilleux pour l&rsquo;avenir des id\u00e9es socialistes et sociales-d\u00e9mocrates.<\/p>\n\n\n<h3 class=\"wp-block-heading\"><span class=\"ez-toc-section\" id=\"Des_provocations_qui_fragilisent_le_Nouveau_Front_Populaire\"><\/span>Des provocations qui fragilisent le Nouveau Front Populaire<span class=\"ez-toc-section-end\"><\/span><\/h3>\n\n\n<p class=\"wp-block-paragraph\">Kanner n&rsquo;a pas m\u00e2ch\u00e9 ses mots en d\u00e9non\u00e7ant les nombreuses \u00ab provocations \u00bb des Insoumis. Selon lui, ces provocations jouent un r\u00f4le significatif dans la fragilisation du <strong>Nouveau Front Populaire<\/strong> (NFP). Il regrette que cette situation cr\u00e9e des dissensions internes, rendant la coh\u00e9sion au sein de la gauche plus difficile \u00e0 maintenir. L&rsquo;attitude de LFI, per\u00e7ue comme souvent extr\u00eame et radicale, contraste avec la strat\u00e9gie plus mod\u00e9r\u00e9e et pragmatique pr\u00f4n\u00e9e par d&rsquo;autres courants de la gauche.<\/p>\n\n\n<h2 class=\"wp-block-heading\"><span class=\"ez-toc-section\" id=\"La_nostalgie_des_sociaux-democrates\"><\/span>La nostalgie des sociaux-d\u00e9mocrates<span class=\"ez-toc-section-end\"><\/span><\/h2>\n\n\n<p class=\"wp-block-paragraph\">Pour Patrick Kanner, ainsi que d&rsquo;autres figures de la gauche comme Rapha\u00ebl Glucksmann, il est imp\u00e9ratif de r\u00e9injecter les valeurs de la <strong>social-d\u00e9mocratie<\/strong> dans le d\u00e9bat politique. Ils regardent avec une certaine nostalgie la p\u00e9riode o\u00f9 cette philosophie politique dominait, assurant \u00e0 leurs yeux plus de stabilit\u00e9 et de justice sociale. Aujourd&rsquo;hui, ce courant se sent menac\u00e9 par l&rsquo;approche parfois jug\u00e9e trop radicale de LFI.<\/p>\n\n\n<h2 class=\"wp-block-heading\"><span class=\"ez-toc-section\" id=\"Quelle_voie_pour_le_futur_de_la_gauche_francaise\"><\/span>Quelle voie pour le futur de la gauche fran\u00e7aise ?<span class=\"ez-toc-section-end\"><\/span><\/h2>\n\n\n<p class=\"wp-block-paragraph\">Face \u00e0 ces tensions internes, une question essentielle se pose pour l&rsquo;avenir de la gauche fran\u00e7aise : comment retrouver une unit\u00e9 sans compromettre la diversit\u00e9 des opinions et des strat\u00e9gies politiques ? Patrick Kanner milite pour un dialogue plus \u00e9quilibr\u00e9 et une plus grande place pour les socialistes dans la d\u00e9finition des orientations du NFP.<\/p>\n\n\n<h3 class=\"wp-block-heading\"><span class=\"ez-toc-section\" id=\"La_procedure_de_destitution_comme_exemple_de_division\"><\/span>La proc\u00e9dure de destitution comme exemple de division<span class=\"ez-toc-section-end\"><\/span><\/h3>\n\n\n<p class=\"wp-block-paragraph\">La validation par le bureau de l&rsquo;Assembl\u00e9e nationale de la proc\u00e9dure de destitution du Pr\u00e9sident de la R\u00e9publique a constitu\u00e9 un autre terrain de divergence. Kanner a soulign\u00e9 que cette initiative, largement impuls\u00e9e par LFI, repr\u00e9sente une autre illustration des clivages internes. Pour lui, cette m\u00e9thode conflictuelle nuit \u00e0 une action politique efficace et solidaire, indispensable pour affronter les d\u00e9fis soci\u00e9taux et \u00e9conomiques qui se pr\u00e9sentent.<\/p>\n\n\n<h2 class=\"wp-block-heading\"><span class=\"ez-toc-section\" id=\"Conclusion_Une_gauche_en_quete_de_reinvention\"><\/span>Conclusion : Une gauche en qu\u00eate de r\u00e9invention<span class=\"ez-toc-section-end\"><\/span><\/h2>\n\n\n<p class=\"wp-block-paragraph\">Le discours de Patrick Kanner met en lumi\u00e8re les fractures au sein de la gauche fran\u00e7aise, soulignant la n\u00e9cessit\u00e9 d&rsquo;un r\u00e9ajustement des relations entre ses diff\u00e9rentes composantes. En r\u00e9affirmant leur attachement aux valeurs de la social-d\u00e9mocratie, Kanner et ses alli\u00e9s tentent de trouver une voie nouvelle, capable de concilier dynamisme et pragmatisme, afin de redonner un souffle unanime et puissant \u00e0 la gauche fran\u00e7aise.<\/p>\n\n\n<figure class='wp-block-image size-full'>\n<img loading=\"lazy\" width=\"1344\" height=\"768\" src=\"https:\/\/le-communique.fr\/wp-content\/uploads\/2024\/09\/Patrick-Kanner-exprime-son-desaccord-Je-ne-veux-pas-que-La-France-insoumise-impose-son-rythme-a-la-gauche-francaise-1.png\" class=\"attachment-full size-full\" alt=\"dans une d\u00e9claration claire, patrick kanner fait part de son d\u00e9saccord avec la france insoumise, affirmant : &#039;je ne souhaite pas que ce mouvement impose son rythme \u00e0 la gauche fran\u00e7aise.&#039; d\u00e9couvrez son analyse et les enjeux de cette divergence au sein de la gauche.\" decoding=\"async\" srcset=\"https:\/\/le-communique.fr\/wp-content\/uploads\/2024\/09\/Patrick-Kanner-exprime-son-desaccord-Je-ne-veux-pas-que-La-France-insoumise-impose-son-rythme-a-la-gauche-francaise-1.png 1344w, https:\/\/le-communique.fr\/wp-content\/uploads\/2024\/09\/Patrick-Kanner-exprime-son-desaccord-Je-ne-veux-pas-que-La-France-insoumise-impose-son-rythme-a-la-gauche-francaise-1-300x171.png 300w, https:\/\/le-communique.fr\/wp-content\/uploads\/2024\/09\/Patrick-Kanner-exprime-son-desaccord-Je-ne-veux-pas-que-La-France-insoumise-impose-son-rythme-a-la-gauche-francaise-1-1024x585.png 1024w, https:\/\/le-communique.fr\/wp-content\/uploads\/2024\/09\/Patrick-Kanner-exprime-son-desaccord-Je-ne-veux-pas-que-La-France-insoumise-impose-son-rythme-a-la-gauche-francaise-1-768x439.png 768w, https:\/\/le-communique.fr\/wp-content\/uploads\/2024\/09\/Patrick-Kanner-exprime-son-desaccord-Je-ne-veux-pas-que-La-France-insoumise-impose-son-rythme-a-la-gauche-francaise-1-18x10.png 18w\" sizes=\"auto, (max-width: 1344px) 100vw, 1344px\" \/>\n<\/figure>\n\n\n<figure class=\"wp-block-embed is-type-video is-provider-tiktok wp-block-embed-tiktok\"><div class=\"wp-block-embed__wrapper\">\n<blockquote class=\"tiktok-embed\" cite=\"https:\/\/www.tiktok.com\/@evodiebray\/video\/7401435921456942369\" data-video-id=\"7401435921456942369\" data-embed-from=\"oembed\" style=\"max-width:605px; min-width:325px;\"> <section> <a target=\"_blank\" title=\"@evodiebray\" href=\"https:\/\/www.tiktok.com\/@evodiebray?refer=embed\" rel=\"noopener nofollow\">@evodiebray<\/a> <p>Je suis en d\u00e9saccord avec une vid\u00e9o pour laquelle j&rsquo;ai essay\u00e9 de donner mon avis en commentaire et j&rsquo;ai \u00e9t\u00e9 bloqu\u00e9, donc je fais cette vid\u00e9o. <a title=\"video\" target=\"_blank\" href=\"https:\/\/www.tiktok.com\/tag\/video?refer=embed\" rel=\"noopener nofollow\">#video<\/a> <a title=\"produit\" target=\"_blank\" href=\"https:\/\/www.tiktok.com\/tag\/produit?refer=embed\" rel=\"noopener nofollow\">#produit<\/a> <a title=\"bebe\" target=\"_blank\" href=\"https:\/\/www.tiktok.com\/tag\/bebe?refer=embed\" rel=\"noopener nofollow\">#bebe<\/a> <a title=\"avis\" target=\"_blank\" href=\"https:\/\/www.tiktok.com\/tag\/avis?refer=embed\" rel=\"noopener nofollow\">#avis<\/a>  <a title=\"tiktok\" target=\"_blank\" href=\"https:\/\/www.tiktok.com\/tag\/tiktok?refer=embed\" rel=\"noopener nofollow\">#tiktok<\/a> <a title=\"fypage\" target=\"_blank\" href=\"https:\/\/www.tiktok.com\/tag\/fypage?refer=embed\" rel=\"noopener nofollow\">#fypage<\/a> <\/p> <a target=\"_blank\" title=\"\u266c son original - Evodie | Mom L\u00e9ana &#038; Gaspard \u2728\" href=\"https:\/\/www.tiktok.com\/music\/son-original-7401436014130776864?refer=embed\" rel=\"noopener nofollow\">\u266c son original &#8211; Evodie | Mom L\u00e9ana &#038; Gaspard \u2728<\/a> <\/section> <\/blockquote> <script async src=\"https:\/\/www.tiktok.com\/embed.js\"><\/script>\n<\/div><\/figure>","protected":false},"excerpt":{"rendered":"<p>Ce mercredi, lors de son intervention sur Public S\u00e9nat, Patrick Kanner, pr\u00e9sident du groupe socialiste &#8230; <\/p>\n<p class=\"read-more-container\"><a title=\"Patrick Kanner exprime son d\u00e9saccord : &lsquo;Je ne veux pas que La France insoumise impose son rythme \u00e0 la gauche fran\u00e7aise\" class=\"read-more button\" href=\"https:\/\/le-communique.fr\/de\/patrick-kanner-exprime-son-desaccord-je-ne-veux-pas-que-la-france-insoumise-impose-son-rythme-a-la-gauche-francaise\/#more-12140\" aria-label=\"Mehr Informationen \u00fcber Patrick Kanner exprime son d\u00e9saccord : &lsquo;Je ne veux pas que La France insoumise impose son rythme \u00e0 la gauche fran\u00e7aise\">Read More<\/a><\/p>","protected":false},"author":1,"featured_media":12143,"comment_status":"open","ping_status":"open","sticky":false,"template":"","format":"standard","meta":{"footnotes":""},"categories":[1],"tags":[3241,3240,2877,3239,2752],"class_list":["post-12140","post","type-post","status-publish","format-standard","has-post-thumbnail","hentry","category-non-classe","tag-desaccord","tag-gauche-francaise","tag-la-france-insoumise","tag-patrick-kanner","tag-politique","infinite-scroll-item","generate-columns","tablet-grid-50","mobile-grid-100","grid-parent","grid-25","no-featured-image-padding"],"_links":{"self":[{"href":"https:\/\/le-communique.fr\/de\/wp-json\/wp\/v2\/posts\/12140","targetHints":{"allow":["GET"]}}],"collection":[{"href":"https:\/\/le-communique.fr\/de\/wp-json\/wp\/v2\/posts"}],"about":[{"href":"https:\/\/le-communique.fr\/de\/wp-json\/wp\/v2\/types\/post"}],"author":[{"embeddable":true,"href":"https:\/\/le-communique.fr\/de\/wp-json\/wp\/v2\/users\/1"}],"replies":[{"embeddable":true,"href":"https:\/\/le-communique.fr\/de\/wp-json\/wp\/v2\/comments?post=12140"}],"version-history":[{"count":0,"href":"https:\/\/le-communique.fr\/de\/wp-json\/wp\/v2\/posts\/12140\/revisions"}],"wp:featuredmedia":[{"embeddable":true,"href":"https:\/\/le-communique.fr\/de\/wp-json\/wp\/v2\/media\/12143"}],"wp:attachment":[{"href":"https:\/\/le-communique.fr\/de\/wp-json\/wp\/v2\/media?parent=12140"}],"wp:term":[{"taxonomy":"category","embeddable":true,"href":"https:\/\/le-communique.fr\/de\/wp-json\/wp\/v2\/categories?post=12140"},{"taxonomy":"post_tag","embeddable":true,"href":"https:\/\/le-communique.fr\/de\/wp-json\/wp\/v2\/tags?post=12140"}],"curies":[{"name":"wp","href":"https:\/\/api.w.org\/{rel}","templated":true}]}}