{"id":12106,"date":"2024-09-15T23:01:41","date_gmt":"2024-09-15T21:01:41","guid":{"rendered":"https:\/\/le-communique.fr\/la-france-met-en-place-une-nouvelle-organisation-pour-sa-reserve-diplomatique-citoyenne\/"},"modified":"2024-09-15T23:01:41","modified_gmt":"2024-09-15T21:01:41","slug":"la-france-met-en-place-une-nouvelle-organisation-pour-sa-reserve-diplomatique-citoyenne","status":"publish","type":"post","link":"https:\/\/le-communique.fr\/de\/la-france-met-en-place-une-nouvelle-organisation-pour-sa-reserve-diplomatique-citoyenne\/","title":{"rendered":"La France met en place une nouvelle organisation pour sa r\u00e9serve diplomatique citoyenne"},"content":{"rendered":"<figure class=\"wp-block-embed is-type-video is-provider-youtube wp-block-embed-youtube wp-embed-aspect-16-9 wp-has-aspect-ratio\">\n<div class=\"wp-block-embed__wrapper\">\n<iframe loading=\"lazy\" title=\"Cl\u00f4ture des \u00c9tats g\u00e9n\u00e9raux de la diplomatie : discours du Pr\u00e9sident Emmanuel Macron.\" width=\"1200\" height=\"675\" src=\"https:\/\/www.youtube.com\/embed\/pDChxF22x98?feature=oembed\" frameborder=\"0\" allow=\"accelerometer; autoplay; clipboard-write; encrypted-media; gyroscope; picture-in-picture; web-share\" referrerpolicy=\"strict-origin-when-cross-origin\" allowfullscreen><\/iframe>\n<\/div>\n<\/figure>\n\n\n<figure class='wp-block-image size-full'>\n<img loading=\"lazy\" width=\"1344\" height=\"768\" src=\"https:\/\/le-communique.fr\/wp-content\/uploads\/2024\/09\/La-France-met-en-place-une-nouvelle-organisation-pour-sa-reserve-diplomatique-citoyenne.png\" class=\"attachment-full size-full\" alt=\"d\u00e9couvrez la nouvelle organisation mise en place par la france pour sa r\u00e9serve diplomatique citoyenne, visant \u00e0 renforcer l&#039;engagement des citoyens dans les affaires internationales et \u00e0 promouvoir la diplomatie participative.\" decoding=\"async\" srcset=\"https:\/\/le-communique.fr\/wp-content\/uploads\/2024\/09\/La-France-met-en-place-une-nouvelle-organisation-pour-sa-reserve-diplomatique-citoyenne.png 1344w, https:\/\/le-communique.fr\/wp-content\/uploads\/2024\/09\/La-France-met-en-place-une-nouvelle-organisation-pour-sa-reserve-diplomatique-citoyenne-300x171.png 300w, https:\/\/le-communique.fr\/wp-content\/uploads\/2024\/09\/La-France-met-en-place-une-nouvelle-organisation-pour-sa-reserve-diplomatique-citoyenne-1024x585.png 1024w, https:\/\/le-communique.fr\/wp-content\/uploads\/2024\/09\/La-France-met-en-place-une-nouvelle-organisation-pour-sa-reserve-diplomatique-citoyenne-768x439.png 768w, https:\/\/le-communique.fr\/wp-content\/uploads\/2024\/09\/La-France-met-en-place-une-nouvelle-organisation-pour-sa-reserve-diplomatique-citoyenne-18x10.png 18w\" sizes=\"auto, (max-width: 1344px) 100vw, 1344px\" \/>\n<\/figure>\n\n\n<figure class='wp-block-image size-full'>\n<img loading=\"lazy\" width=\"1344\" height=\"768\" src=\"https:\/\/le-communique.fr\/wp-content\/uploads\/2024\/09\/La-France-met-en-place-une-nouvelle-organisation-pour-sa-reserve-diplomatique-citoyenne-1.png\" class=\"attachment-full size-full\" alt=\"d\u00e9couvrez comment la france r\u00e9organise sa r\u00e9serve diplomatique citoyenne pour renforcer l&#039;engagement des citoyens dans les affaires \u00e9trang\u00e8res. cette nouvelle initiative vise \u00e0 promouvoir la participation citoyenne et \u00e0 valoriser l&#039;expertise locale au service de la diplomatie.\" decoding=\"async\" srcset=\"https:\/\/le-communique.fr\/wp-content\/uploads\/2024\/09\/La-France-met-en-place-une-nouvelle-organisation-pour-sa-reserve-diplomatique-citoyenne-1.png 1344w, https:\/\/le-communique.fr\/wp-content\/uploads\/2024\/09\/La-France-met-en-place-une-nouvelle-organisation-pour-sa-reserve-diplomatique-citoyenne-1-300x171.png 300w, https:\/\/le-communique.fr\/wp-content\/uploads\/2024\/09\/La-France-met-en-place-une-nouvelle-organisation-pour-sa-reserve-diplomatique-citoyenne-1-1024x585.png 1024w, https:\/\/le-communique.fr\/wp-content\/uploads\/2024\/09\/La-France-met-en-place-une-nouvelle-organisation-pour-sa-reserve-diplomatique-citoyenne-1-768x439.png 768w, https:\/\/le-communique.fr\/wp-content\/uploads\/2024\/09\/La-France-met-en-place-une-nouvelle-organisation-pour-sa-reserve-diplomatique-citoyenne-1-18x10.png 18w\" sizes=\"auto, (max-width: 1344px) 100vw, 1344px\" \/>\n<\/figure>\n\n\n<figure class=\"wp-block-embed is-type-video is-provider-tiktok wp-block-embed-tiktok\"><div class=\"wp-block-embed__wrapper\">\n<blockquote class=\"tiktok-embed\" cite=\"https:\/\/www.tiktok.com\/@davyrodriguez_\/video\/7396034879638539552\" data-video-id=\"7396034879638539552\" data-embed-from=\"oembed\" style=\"max-width:605px; min-width:325px;\"> <section> <a target=\"_blank\" title=\"@davyrodriguez_\" href=\"https:\/\/www.tiktok.com\/@davyrodriguez_?refer=embed\" rel=\"noopener nofollow\">@davyrodriguez_<\/a> <p>La <a title=\"france\" target=\"_blank\" href=\"https:\/\/www.tiktok.com\/tag\/france?refer=embed\" rel=\"noopener nofollow\">#France<\/a> cr\u00e9e un conflit diplomatique avec l\u2019<a title=\"alg\u00e9rie\" target=\"_blank\" href=\"https:\/\/www.tiktok.com\/tag\/alg%C3%A9rie?refer=embed\" rel=\"noopener nofollow\">#Alg\u00e9rie<\/a> en prenant une decision immorale. <a title=\"afrique\" target=\"_blank\" href=\"https:\/\/www.tiktok.com\/tag\/afrique?refer=embed\" rel=\"noopener nofollow\">#Afrique<\/a> <a title=\"magiefondvert\" target=\"_blank\" href=\"https:\/\/www.tiktok.com\/tag\/magiefondvert?refer=embed\" rel=\"noopener nofollow\">#magiefondvert<\/a> <\/p> <a target=\"_blank\" title=\"\u266c Documentary video: Tension orchestra(1259187) - RE:MUSICA\" href=\"https:\/\/www.tiktok.com\/music\/Documentary-video-Tension-orchestra-1259187-7109537985028982786?refer=embed\" rel=\"noopener nofollow\">\u266c Documentary video: Tension orchestra(1259187) &#8211; RE:MUSICA<\/a> <\/section> <\/blockquote> <script async src=\"https:\/\/www.tiktok.com\/embed.js\"><\/script>\n<\/div><\/figure>","protected":false},"excerpt":{"rendered":"","protected":false},"author":39,"featured_media":12109,"comment_status":"open","ping_status":"open","sticky":false,"template":"","format":"standard","meta":{"footnotes":""},"categories":[2546],"tags":[3228,2843,3229,3227,3226],"class_list":["post-12106","post","type-post","status-publish","format-standard","has-post-thumbnail","hentry","category-actes-de-gentillesse","tag-citoyenne","tag-france","tag-nouvelle","tag-organisation","tag-reserve-diplomatique","infinite-scroll-item","generate-columns","tablet-grid-50","mobile-grid-100","grid-parent","grid-25","no-featured-image-padding"],"_links":{"self":[{"href":"https:\/\/le-communique.fr\/de\/wp-json\/wp\/v2\/posts\/12106","targetHints":{"allow":["GET"]}}],"collection":[{"href":"https:\/\/le-communique.fr\/de\/wp-json\/wp\/v2\/posts"}],"about":[{"href":"https:\/\/le-communique.fr\/de\/wp-json\/wp\/v2\/types\/post"}],"author":[{"embeddable":true,"href":"https:\/\/le-communique.fr\/de\/wp-json\/wp\/v2\/users\/39"}],"replies":[{"embeddable":true,"href":"https:\/\/le-communique.fr\/de\/wp-json\/wp\/v2\/comments?post=12106"}],"version-history":[{"count":0,"href":"https:\/\/le-communique.fr\/de\/wp-json\/wp\/v2\/posts\/12106\/revisions"}],"wp:featuredmedia":[{"embeddable":true,"href":"https:\/\/le-communique.fr\/de\/wp-json\/wp\/v2\/media\/12109"}],"wp:attachment":[{"href":"https:\/\/le-communique.fr\/de\/wp-json\/wp\/v2\/media?parent=12106"}],"wp:term":[{"taxonomy":"category","embeddable":true,"href":"https:\/\/le-communique.fr\/de\/wp-json\/wp\/v2\/categories?post=12106"},{"taxonomy":"post_tag","embeddable":true,"href":"https:\/\/le-communique.fr\/de\/wp-json\/wp\/v2\/tags?post=12106"}],"curies":[{"name":"wp","href":"https:\/\/api.w.org\/{rel}","templated":true}]}}