{"id":12021,"date":"2024-09-08T14:59:41","date_gmt":"2024-09-08T12:59:41","guid":{"rendered":"https:\/\/le-communique.fr\/a-la-une-michel-barnier-accede-au-poste-de-premier-ministre-une-evolution-qui-promet-delargir-la-majorite-selon-les-previsions-de-francois-bayrou\/"},"modified":"2024-09-08T14:59:41","modified_gmt":"2024-09-08T12:59:41","slug":"a-la-une-michel-barnier-accede-au-poste-de-premier-ministre-une-evolution-qui-promet-delargir-la-majorite-selon-les-previsions-de-francois-bayrou","status":"publish","type":"post","link":"https:\/\/le-communique.fr\/de\/a-la-une-michel-barnier-accede-au-poste-de-premier-ministre-une-evolution-qui-promet-delargir-la-majorite-selon-les-previsions-de-francois-bayrou\/","title":{"rendered":"\u00c0 la une : Michel Barnier acc\u00e8de au poste de Premier ministre, une \u00e9volution qui promet d\u2019\u00a0\u00bb\u00e9largir la majorit\u00e9\u00a0\u00bb, selon les pr\u00e9visions de Fran\u00e7ois Bayrou."},"content":{"rendered":"<figure class=\"wp-block-embed is-type-video is-provider-youtube wp-block-embed-youtube wp-embed-aspect-16-9 wp-has-aspect-ratio\">\n<div class=\"wp-block-embed__wrapper\">\n<iframe loading=\"lazy\" title=\"Michel Barnier \u00e0 Matignon : la gauche promet une motion de censure \u2022 FRANCE 24\" width=\"1200\" height=\"675\" src=\"https:\/\/www.youtube.com\/embed\/c1caGSMjMsk?feature=oembed\" frameborder=\"0\" allow=\"accelerometer; autoplay; clipboard-write; encrypted-media; gyroscope; picture-in-picture; web-share\" referrerpolicy=\"strict-origin-when-cross-origin\" allowfullscreen><\/iframe>\n<\/div>\n<\/figure>\n\n\n<figure class='wp-block-image size-full'>\n<img loading=\"lazy\" width=\"1344\" height=\"768\" src=\"https:\/\/le-communique.fr\/wp-content\/uploads\/2024\/09\/A-la-une-Michel-Barnier-accede-au-poste-de-Premier-ministre-une-evolution-qui-promet-delargir-la-majorite-selon-les-previsions-de-Francois-Bayrou.png\" class=\"attachment-full size-full\" alt=\"michel barnier a \u00e9t\u00e9 nomm\u00e9 premier ministre, marquant une \u00e9tape significative qui pourrait &#039;\u00e9largir la majorit\u00e9&#039;, selon fran\u00e7ois bayrou. d\u00e9couvrez les implications de cette nomination et les perspectives politiques \u00e0 venir dans notre analyse approfondie.\" decoding=\"async\" srcset=\"https:\/\/le-communique.fr\/wp-content\/uploads\/2024\/09\/A-la-une-Michel-Barnier-accede-au-poste-de-Premier-ministre-une-evolution-qui-promet-delargir-la-majorite-selon-les-previsions-de-Francois-Bayrou.png 1344w, https:\/\/le-communique.fr\/wp-content\/uploads\/2024\/09\/A-la-une-Michel-Barnier-accede-au-poste-de-Premier-ministre-une-evolution-qui-promet-delargir-la-majorite-selon-les-previsions-de-Francois-Bayrou-300x171.png 300w, https:\/\/le-communique.fr\/wp-content\/uploads\/2024\/09\/A-la-une-Michel-Barnier-accede-au-poste-de-Premier-ministre-une-evolution-qui-promet-delargir-la-majorite-selon-les-previsions-de-Francois-Bayrou-1024x585.png 1024w, https:\/\/le-communique.fr\/wp-content\/uploads\/2024\/09\/A-la-une-Michel-Barnier-accede-au-poste-de-Premier-ministre-une-evolution-qui-promet-delargir-la-majorite-selon-les-previsions-de-Francois-Bayrou-768x439.png 768w, https:\/\/le-communique.fr\/wp-content\/uploads\/2024\/09\/A-la-une-Michel-Barnier-accede-au-poste-de-Premier-ministre-une-evolution-qui-promet-delargir-la-majorite-selon-les-previsions-de-Francois-Bayrou-18x10.png 18w\" sizes=\"auto, (max-width: 1344px) 100vw, 1344px\" \/>\n<\/figure>\n\n\n\n<p class=\"wp-block-paragraph\">Michel Barnier, \u00e2g\u00e9 de 73 ans, a \u00e9t\u00e9 nomm\u00e9 Premier ministre par Emmanuel Macron ce jeudi. Il promet des changements et des ruptures dans la politique fran\u00e7aise. Cette nomination est per\u00e7ue comme une tentative d&rsquo;\u00e9largir la majorit\u00e9, un objectif soulign\u00e9 par Fran\u00e7ois Bayrou. Alors que Barnier s&rsquo;installe \u00e0 Matignon, il doit composer avec de nombreux d\u00e9fis, dont la r\u00e9forme des retraites et le budget.<\/p>\n\n\n<div id=\"ez-toc-container\" class=\"ez-toc-v2_0_87 counter-hierarchy ez-toc-counter ez-toc-grey ez-toc-container-direction\">\n<div class=\"ez-toc-title-container\">\n<p class=\"ez-toc-title\" style=\"cursor:inherit\">Table of Contents<\/p>\n<span class=\"ez-toc-title-toggle\"><a href=\"#\" class=\"ez-toc-pull-right ez-toc-btn ez-toc-btn-xs ez-toc-btn-default ez-toc-toggle\" aria-label=\"Toggle Table of Content\"><span class=\"ez-toc-js-icon-con\"><span class=\"\"><span class=\"eztoc-hide\" style=\"display:none;\">Toggle<\/span><span class=\"ez-toc-icon-toggle-span\"><svg style=\"fill: #999;color:#999\" xmlns=\"http:\/\/www.w3.org\/2000\/svg\" class=\"list-377408\" width=\"20px\" height=\"20px\" viewbox=\"0 0 24 24\" fill=\"none\"><path d=\"M6 6H4v2h2V6zm14 0H8v2h12V6zM4 11h2v2H4v-2zm16 0H8v2h12v-2zM4 16h2v2H4v-2zm16 0H8v2h12v-2z\" fill=\"currentColor\"><\/path><\/svg><svg style=\"fill: #999;color:#999\" class=\"arrow-unsorted-368013\" xmlns=\"http:\/\/www.w3.org\/2000\/svg\" width=\"10px\" height=\"10px\" viewbox=\"0 0 24 24\" version=\"1.2\" baseprofile=\"tiny\"><path d=\"M18.2 9.3l-6.2-6.3-6.2 6.3c-.2.2-.3.4-.3.7s.1.5.3.7c.2.2.4.3.7.3h11c.3 0 .5-.1.7-.3.2-.2.3-.5.3-.7s-.1-.5-.3-.7zM5.8 14.7l6.2 6.3 6.2-6.3c.2-.2.3-.5.3-.7s-.1-.5-.3-.7c-.2-.2-.4-.3-.7-.3h-11c-.3 0-.5.1-.7.3-.2.2-.3.5-.3.7s.1.5.3.7z\"\/><\/svg><\/span><\/span><\/span><\/a><\/span><\/div>\n<nav><ul class='ez-toc-list ez-toc-list-level-1' ><li class='ez-toc-page-1 ez-toc-heading-level-2'><a class=\"ez-toc-link ez-toc-heading-1\" href=\"https:\/\/le-communique.fr\/de\/a-la-une-michel-barnier-accede-au-poste-de-premier-ministre-une-evolution-qui-promet-delargir-la-majorite-selon-les-previsions-de-francois-bayrou\/#LAccessit_de_Michel_Barnier_a_Matignon\" >L&rsquo;Accessit de Michel Barnier \u00e0 Matignon<\/a><\/li><li class='ez-toc-page-1 ez-toc-heading-level-2'><a class=\"ez-toc-link ez-toc-heading-2\" href=\"https:\/\/le-communique.fr\/de\/a-la-une-michel-barnier-accede-au-poste-de-premier-ministre-une-evolution-qui-promet-delargir-la-majorite-selon-les-previsions-de-francois-bayrou\/#Les_Premiers_Pas_de_la_%C2%AB_Methode_Barnier_%C2%BB\" >Les Premiers Pas de la \u00ab\u00a0M\u00e9thode Barnier\u00a0\u00bb<\/a><\/li><li class='ez-toc-page-1 ez-toc-heading-level-2'><a class=\"ez-toc-link ez-toc-heading-3\" href=\"https:\/\/le-communique.fr\/de\/a-la-une-michel-barnier-accede-au-poste-de-premier-ministre-une-evolution-qui-promet-delargir-la-majorite-selon-les-previsions-de-francois-bayrou\/#Les_Reactions_Politiques_en_Bearn_et_Ailleurs\" >Les R\u00e9actions Politiques en B\u00e9arn et Ailleurs<\/a><\/li><li class='ez-toc-page-1 ez-toc-heading-level-2'><a class=\"ez-toc-link ez-toc-heading-4\" href=\"https:\/\/le-communique.fr\/de\/a-la-une-michel-barnier-accede-au-poste-de-premier-ministre-une-evolution-qui-promet-delargir-la-majorite-selon-les-previsions-de-francois-bayrou\/#Elargir_la_Majorite_Un_Objectif_Cle\" >\u00c9largir la Majorit\u00e9 : Un Objectif Cl\u00e9<\/a><ul class='ez-toc-list-level-3' ><li class='ez-toc-heading-level-3'><a class=\"ez-toc-link ez-toc-heading-5\" href=\"https:\/\/le-communique.fr\/de\/a-la-une-michel-barnier-accede-au-poste-de-premier-ministre-une-evolution-qui-promet-delargir-la-majorite-selon-les-previsions-de-francois-bayrou\/#Les_Defis_Imminents\" >Les D\u00e9fis Imminents<\/a><\/li><\/ul><\/li><li class='ez-toc-page-1 ez-toc-heading-level-2'><a class=\"ez-toc-link ez-toc-heading-6\" href=\"https:\/\/le-communique.fr\/de\/a-la-une-michel-barnier-accede-au-poste-de-premier-ministre-une-evolution-qui-promet-delargir-la-majorite-selon-les-previsions-de-francois-bayrou\/#Un_Long_Feuilleton_qui_Arrive_a_Son_Terme\" >Un Long Feuilleton qui Arrive \u00e0 Son Terme<\/a><\/li><\/ul><\/nav><\/div>\n<h2 class=\"wp-block-heading\"><span class=\"ez-toc-section\" id=\"LAccessit_de_Michel_Barnier_a_Matignon\"><\/span>L&rsquo;Accessit de Michel Barnier \u00e0 Matignon<span class=\"ez-toc-section-end\"><\/span><\/h2>\n\n\n<p class=\"wp-block-paragraph\">Grand favori depuis plusieurs jours, Michel Barnier a \u00e9t\u00e9 officiellement nomm\u00e9 Premier ministre par Emmanuel Macron le jeudi midi. \u00c0 73 ans, Barnier ne cache pas sa d\u00e9termination \u00e0 insuffler un nouvel \u00e9lan au gouvernement. En promettant des \u00ab\u00a0changements et des ruptures\u00a0\u00bb, il marque d&#8217;embl\u00e9e la volont\u00e9 d&rsquo;apporter une dynamique nouvelle.<\/p>\n\n\n<h2 class=\"wp-block-heading\"><span class=\"ez-toc-section\" id=\"Les_Premiers_Pas_de_la_%C2%AB_Methode_Barnier_%C2%BB\"><\/span>Les Premiers Pas de la \u00ab\u00a0M\u00e9thode Barnier\u00a0\u00bb<span class=\"ez-toc-section-end\"><\/span><\/h2>\n\n\n<p class=\"wp-block-paragraph\">\u00c0 peine arriv\u00e9 \u00e0 Matignon, Michel Barnier a imm\u00e9diatement pos\u00e9 les bases de ce qui est d\u00e9j\u00e0 appel\u00e9 la \u00ab\u00a0m\u00e9thode Barnier\u00a0\u00bb. Connu pour son approche m\u00e9thodique et son expertise en n\u00e9gociation &#8211; rappelons qu&rsquo;il a \u00e9t\u00e9 le n\u00e9gociateur en chef pour le Brexit &#8211; Barnier met en avant une gestion pragmatique et rigoureuse des dossiers. Sa nomination suscite d\u00e9j\u00e0 diverses r\u00e9actions, notamment de la part d&rsquo;\u00e9l\u00e9ments de l&rsquo;opposition qui parlent de confusion et de col\u00e8re parmi la population.<\/p>\n\n\n<h2 class=\"wp-block-heading\"><span class=\"ez-toc-section\" id=\"Les_Reactions_Politiques_en_Bearn_et_Ailleurs\"><\/span>Les R\u00e9actions Politiques en B\u00e9arn et Ailleurs<span class=\"ez-toc-section-end\"><\/span><\/h2>\n\n\n<p class=\"wp-block-paragraph\">La nomination de Michel Barnier a engendr\u00e9 des r\u00e9actions diverses \u00e0 travers le spectre politique. En B\u00e9arn, Fran\u00e7ois Bayrou a rapidement comment\u00e9 cette ascension en la qualifiant de potentielle \u00ab\u00a0\u00e9volution qui promet d\u2019\u00e9largir la majorit\u00e9\u00a0\u00bb. En revanche, \u00e0 gauche, certains restent plus r\u00e9serv\u00e9s face \u00e0 cette nomination, exprimant des sentiments mitig\u00e9s.<\/p>\n\n\n<h2 class=\"wp-block-heading\"><span class=\"ez-toc-section\" id=\"Elargir_la_Majorite_Un_Objectif_Cle\"><\/span>\u00c9largir la Majorit\u00e9 : Un Objectif Cl\u00e9<span class=\"ez-toc-section-end\"><\/span><\/h2>\n\n\n<p class=\"wp-block-paragraph\">Selon Fran\u00e7ois Bayrou, un des objectifs principaux de cette nomination est d&rsquo;\u00e9largir la majorit\u00e9 pr\u00e9sidentielle. Barnier, gr\u00e2ce \u00e0 son exp\u00e9rience et \u00e0 son approche consensuelle, pourrait permettre de rallier des segments vari\u00e9s de l&rsquo;\u00e9chiquier politique autour des grandes r\u00e9formes annonc\u00e9es par Emmanuel Macron. La strat\u00e9gie semble claire : rassembler au-del\u00e0 des clivages pour garantir une plus grande stabilit\u00e9 gouvernementale.<\/p>\n\n\n<h3 class=\"wp-block-heading\"><span class=\"ez-toc-section\" id=\"Les_Defis_Imminents\"><\/span>Les D\u00e9fis Imminents<span class=\"ez-toc-section-end\"><\/span><\/h3>\n\n\n<p class=\"wp-block-paragraph\">Michel Barnier doit composer avec une to-do list bien remplie d\u00e8s ses premiers jours \u00e0 Matignon. Parmi les priorit\u00e9s figurent la r\u00e9forme des retraites, le budget, et d&rsquo;autres dossiers socio-\u00e9conomiques urgents. Emmanuel Macron a ainsi confi\u00e9 des responsabilit\u00e9s consid\u00e9rables \u00e0 Barnier, comptant sur sa capacit\u00e9 \u00e0 transformer ces d\u00e9fis en r\u00e9ussites.<\/p>\n\n\n<p class=\"wp-block-paragraph\">Selon les sondages, malgr\u00e9 certaines r\u00e9ticences, 51% des Fran\u00e7ais expriment leur confiance envers le nouveau Premier ministre. Ce soutien initial pourrait \u00eatre d\u00e9terminant pour mettre en place les r\u00e9formes envisag\u00e9es.<\/p>\n\n\n<h2 class=\"wp-block-heading\"><span class=\"ez-toc-section\" id=\"Un_Long_Feuilleton_qui_Arrive_a_Son_Terme\"><\/span>Un Long Feuilleton qui Arrive \u00e0 Son Terme<span class=\"ez-toc-section-end\"><\/span><\/h2>\n\n\n<p class=\"wp-block-paragraph\">La nomination de Michel Barnier met fin \u00e0 un feuilleton politique qui aura dur\u00e9 51 jours. Depuis le d\u00e9part de Gabriel Attal, le suspense autour de la nomination au poste de Premier ministre a tenu en haleine le paysage politique fran\u00e7ais. Emmanuel Macron, par cette d\u00e9cision, semble opter pour une figure d&rsquo;exp\u00e9rience et de pragmatisme pour accompagner la fin de son mandat.<\/p>\n\n\n<p class=\"wp-block-paragraph\">Les prochains mois s\u2019annoncent d\u00e9cisifs pour Michel Barnier, qui devra prouver que sa \u00ab\u00a0m\u00e9thode\u00a0\u00bb est \u00e0 la hauteur des attentes et des enjeux actuels.<\/p>\n\n\n<figure class='wp-block-image size-full'>\n<img loading=\"lazy\" width=\"1344\" height=\"768\" src=\"https:\/\/le-communique.fr\/wp-content\/uploads\/2024\/09\/A-la-une-Michel-Barnier-accede-au-poste-de-Premier-ministre-une-evolution-qui-promet-delargir-la-majorite-selon-les-previsions-de-Francois-Bayrou-1.png\" class=\"attachment-full size-full\" alt=\"d\u00e9couvrez l&#039;actualit\u00e9 br\u00fblante : michel barnier devient premier ministre, un tournant politique majeur qui pourrait &#039;\u00e9largir la majorit\u00e9&#039;, selon les analyses de fran\u00e7ois bayrou. une \u00e9volution prometteuse pour le paysage politique fran\u00e7ais.\" decoding=\"async\" srcset=\"https:\/\/le-communique.fr\/wp-content\/uploads\/2024\/09\/A-la-une-Michel-Barnier-accede-au-poste-de-Premier-ministre-une-evolution-qui-promet-delargir-la-majorite-selon-les-previsions-de-Francois-Bayrou-1.png 1344w, https:\/\/le-communique.fr\/wp-content\/uploads\/2024\/09\/A-la-une-Michel-Barnier-accede-au-poste-de-Premier-ministre-une-evolution-qui-promet-delargir-la-majorite-selon-les-previsions-de-Francois-Bayrou-1-300x171.png 300w, https:\/\/le-communique.fr\/wp-content\/uploads\/2024\/09\/A-la-une-Michel-Barnier-accede-au-poste-de-Premier-ministre-une-evolution-qui-promet-delargir-la-majorite-selon-les-previsions-de-Francois-Bayrou-1-1024x585.png 1024w, https:\/\/le-communique.fr\/wp-content\/uploads\/2024\/09\/A-la-une-Michel-Barnier-accede-au-poste-de-Premier-ministre-une-evolution-qui-promet-delargir-la-majorite-selon-les-previsions-de-Francois-Bayrou-1-768x439.png 768w, https:\/\/le-communique.fr\/wp-content\/uploads\/2024\/09\/A-la-une-Michel-Barnier-accede-au-poste-de-Premier-ministre-une-evolution-qui-promet-delargir-la-majorite-selon-les-previsions-de-Francois-Bayrou-1-18x10.png 18w\" sizes=\"auto, (max-width: 1344px) 100vw, 1344px\" \/>\n<\/figure>\n\n\n<figure class=\"wp-block-embed is-type-video is-provider-tiktok wp-block-embed-tiktok\"><div class=\"wp-block-embed__wrapper\">\n<blockquote class=\"tiktok-embed\" cite=\"https:\/\/www.tiktok.com\/@brutofficiel\/video\/7411118816379325728\" data-video-id=\"7411118816379325728\" data-embed-from=\"oembed\" style=\"max-width:605px; min-width:325px;\"> <section> <a target=\"_blank\" title=\"@brutofficiel\" href=\"https:\/\/www.tiktok.com\/@brutofficiel?refer=embed\" rel=\"noopener nofollow\">@brutofficiel<\/a> <p>Michel Barnier est le nouveau Premier ministre. Les derni\u00e8res infos avec @Remy Buisine. <\/p> <a target=\"_blank\" title=\"\u266c son original - Brut.\" href=\"https:\/\/www.tiktok.com\/music\/son-original-7411118832880077600?refer=embed\" rel=\"noopener nofollow\">\u266c son original &#8211; Brut.<\/a> <\/section> <\/blockquote> <script async src=\"https:\/\/www.tiktok.com\/embed.js\"><\/script>\n<\/div><\/figure>","protected":false},"excerpt":{"rendered":"<p>Michel Barnier, \u00e2g\u00e9 de 73 ans, a \u00e9t\u00e9 nomm\u00e9 Premier ministre par Emmanuel Macron ce &#8230; <\/p>\n<p class=\"read-more-container\"><a title=\"\u00c0 la une : Michel Barnier acc\u00e8de au poste de Premier ministre, une \u00e9volution qui promet d\u2019\u00a0\u00bb\u00e9largir la majorit\u00e9\u00a0\u00bb, selon les pr\u00e9visions de Fran\u00e7ois Bayrou.\" class=\"read-more button\" href=\"https:\/\/le-communique.fr\/de\/a-la-une-michel-barnier-accede-au-poste-de-premier-ministre-une-evolution-qui-promet-delargir-la-majorite-selon-les-previsions-de-francois-bayrou\/#more-12021\" aria-label=\"Mehr Informationen \u00fcber \u00c0 la une : Michel Barnier acc\u00e8de au poste de Premier ministre, une \u00e9volution qui promet d\u2019\u00a0\u00bb\u00e9largir la majorit\u00e9\u00a0\u00bb, selon les pr\u00e9visions de Fran\u00e7ois Bayrou.\">Read More<\/a><\/p>","protected":false},"author":1,"featured_media":12024,"comment_status":"open","ping_status":"open","sticky":false,"template":"","format":"standard","meta":{"footnotes":""},"categories":[1],"tags":[3199,3198,3193,2752,3086],"class_list":["post-12021","post","type-post","status-publish","format-standard","has-post-thumbnail","hentry","category-non-classe","tag-francois-bayrou","tag-majorite-elargie","tag-michel-barnier","tag-politique","tag-premier-ministre","infinite-scroll-item","generate-columns","tablet-grid-50","mobile-grid-100","grid-parent","grid-25","no-featured-image-padding"],"_links":{"self":[{"href":"https:\/\/le-communique.fr\/de\/wp-json\/wp\/v2\/posts\/12021","targetHints":{"allow":["GET"]}}],"collection":[{"href":"https:\/\/le-communique.fr\/de\/wp-json\/wp\/v2\/posts"}],"about":[{"href":"https:\/\/le-communique.fr\/de\/wp-json\/wp\/v2\/types\/post"}],"author":[{"embeddable":true,"href":"https:\/\/le-communique.fr\/de\/wp-json\/wp\/v2\/users\/1"}],"replies":[{"embeddable":true,"href":"https:\/\/le-communique.fr\/de\/wp-json\/wp\/v2\/comments?post=12021"}],"version-history":[{"count":0,"href":"https:\/\/le-communique.fr\/de\/wp-json\/wp\/v2\/posts\/12021\/revisions"}],"wp:featuredmedia":[{"embeddable":true,"href":"https:\/\/le-communique.fr\/de\/wp-json\/wp\/v2\/media\/12024"}],"wp:attachment":[{"href":"https:\/\/le-communique.fr\/de\/wp-json\/wp\/v2\/media?parent=12021"}],"wp:term":[{"taxonomy":"category","embeddable":true,"href":"https:\/\/le-communique.fr\/de\/wp-json\/wp\/v2\/categories?post=12021"},{"taxonomy":"post_tag","embeddable":true,"href":"https:\/\/le-communique.fr\/de\/wp-json\/wp\/v2\/tags?post=12021"}],"curies":[{"name":"wp","href":"https:\/\/api.w.org\/{rel}","templated":true}]}}