{"id":11936,"date":"2024-08-27T11:56:37","date_gmt":"2024-08-27T09:56:37","guid":{"rendered":"https:\/\/le-communique.fr\/olivier-faure-premier-secretaire-du-ps-affirme-critiquer-la-politique-disrael-ne-releve-pas-de-lantisemitisme\/"},"modified":"2024-08-27T11:56:37","modified_gmt":"2024-08-27T09:56:37","slug":"olivier-faure-premier-secretaire-du-ps-affirme-critiquer-la-politique-disrael-ne-releve-pas-de-lantisemitisme","status":"publish","type":"post","link":"https:\/\/le-communique.fr\/de\/olivier-faure-premier-secretaire-du-ps-affirme-critiquer-la-politique-disrael-ne-releve-pas-de-lantisemitisme\/","title":{"rendered":"Olivier Faure, Premier secr\u00e9taire du PS, affirme : \u00ab\u00a0Critiquer la politique d&rsquo;Isra\u00ebl ne rel\u00e8ve pas de l&rsquo;antis\u00e9mitisme"},"content":{"rendered":"<figure class=\"wp-block-embed is-type-video is-provider-youtube wp-block-embed-youtube wp-embed-aspect-16-9 wp-has-aspect-ratio\">\n<div class=\"wp-block-embed__wrapper\">\n<iframe loading=\"lazy\" title=\"Premier discours d&#039;O. Faure en tant que premier secr\u00e9taire du PS\" width=\"1200\" height=\"675\" src=\"https:\/\/www.youtube.com\/embed\/7_HMaZq72aU?feature=oembed\" frameborder=\"0\" allow=\"accelerometer; autoplay; clipboard-write; encrypted-media; gyroscope; picture-in-picture; web-share\" referrerpolicy=\"strict-origin-when-cross-origin\" allowfullscreen><\/iframe>\n<\/div>\n<\/figure>\n\n\n<figure class='wp-block-image size-full'>\n<img loading=\"lazy\" width=\"1344\" height=\"768\" src=\"https:\/\/le-communique.fr\/wp-content\/uploads\/2024\/08\/Olivier-Faure-Premier-secretaire-du-PS-affirme-Critiquer-la-politique-dIsrael-ne-releve-pas-de-lantisemitisme.png\" class=\"attachment-full size-full\" alt=\"olivier faure, premier secr\u00e9taire du parti socialiste, clarifie que critiquer la politique d&#039;isra\u00ebl ne doit pas \u00eatre confondu avec l&#039;antis\u00e9mitisme. d\u00e9couvrez son point de vue sur la libert\u00e9 d&#039;expression et la distinction n\u00e9cessaire entre critique politique et haine.\" decoding=\"async\" srcset=\"https:\/\/le-communique.fr\/wp-content\/uploads\/2024\/08\/Olivier-Faure-Premier-secretaire-du-PS-affirme-Critiquer-la-politique-dIsrael-ne-releve-pas-de-lantisemitisme.png 1344w, https:\/\/le-communique.fr\/wp-content\/uploads\/2024\/08\/Olivier-Faure-Premier-secretaire-du-PS-affirme-Critiquer-la-politique-dIsrael-ne-releve-pas-de-lantisemitisme-300x171.png 300w, https:\/\/le-communique.fr\/wp-content\/uploads\/2024\/08\/Olivier-Faure-Premier-secretaire-du-PS-affirme-Critiquer-la-politique-dIsrael-ne-releve-pas-de-lantisemitisme-1024x585.png 1024w, https:\/\/le-communique.fr\/wp-content\/uploads\/2024\/08\/Olivier-Faure-Premier-secretaire-du-PS-affirme-Critiquer-la-politique-dIsrael-ne-releve-pas-de-lantisemitisme-768x439.png 768w, https:\/\/le-communique.fr\/wp-content\/uploads\/2024\/08\/Olivier-Faure-Premier-secretaire-du-PS-affirme-Critiquer-la-politique-dIsrael-ne-releve-pas-de-lantisemitisme-18x10.png 18w\" sizes=\"auto, (max-width: 1344px) 100vw, 1344px\" \/>\n<\/figure>\n\n\n\n<p class=\"wp-block-paragraph\">    Olivier Faure, Premier secr\u00e9taire du Parti socialiste (PS), a r\u00e9cemment pris position sur une question sensible : la distinction entre la critique de la politique isra\u00e9lienne et l&rsquo;antis\u00e9mitisme. Interrog\u00e9 sur l&rsquo;\u00e9ventuelle pr\u00e9sence d&rsquo;antis\u00e9mitisme au sein de La France insoumise (LFI), il a d\u00e9fendu l&rsquo;id\u00e9e que d\u00e9noncer les actions du gouvernement isra\u00e9lien ne devrait pas \u00eatre confondu avec des opinions antis\u00e9mites. Cette d\u00e9claration, qui intervient dans un contexte de d\u00e9bat public intense, vise \u00e0 clarifier cette nuance importante et appelle \u00e0 une r\u00e9flexion plus approfondie sur le sujet.<\/p>\n\n\n<div id=\"ez-toc-container\" class=\"ez-toc-v2_0_87 counter-hierarchy ez-toc-counter ez-toc-grey ez-toc-container-direction\">\n<div class=\"ez-toc-title-container\">\n<p class=\"ez-toc-title\" style=\"cursor:inherit\">Table of Contents<\/p>\n<span class=\"ez-toc-title-toggle\"><a href=\"#\" class=\"ez-toc-pull-right ez-toc-btn ez-toc-btn-xs ez-toc-btn-default ez-toc-toggle\" aria-label=\"Toggle Table of Content\"><span class=\"ez-toc-js-icon-con\"><span class=\"\"><span class=\"eztoc-hide\" style=\"display:none;\">Toggle<\/span><span class=\"ez-toc-icon-toggle-span\"><svg style=\"fill: #999;color:#999\" xmlns=\"http:\/\/www.w3.org\/2000\/svg\" class=\"list-377408\" width=\"20px\" height=\"20px\" viewbox=\"0 0 24 24\" fill=\"none\"><path d=\"M6 6H4v2h2V6zm14 0H8v2h12V6zM4 11h2v2H4v-2zm16 0H8v2h12v-2zM4 16h2v2H4v-2zm16 0H8v2h12v-2z\" fill=\"currentColor\"><\/path><\/svg><svg style=\"fill: #999;color:#999\" class=\"arrow-unsorted-368013\" xmlns=\"http:\/\/www.w3.org\/2000\/svg\" width=\"10px\" height=\"10px\" viewbox=\"0 0 24 24\" version=\"1.2\" baseprofile=\"tiny\"><path d=\"M18.2 9.3l-6.2-6.3-6.2 6.3c-.2.2-.3.4-.3.7s.1.5.3.7c.2.2.4.3.7.3h11c.3 0 .5-.1.7-.3.2-.2.3-.5.3-.7s-.1-.5-.3-.7zM5.8 14.7l6.2 6.3 6.2-6.3c.2-.2.3-.5.3-.7s-.1-.5-.3-.7c-.2-.2-.4-.3-.7-.3h-11c-.3 0-.5.1-.7.3-.2.2-.3.5-.3.7s.1.5.3.7z\"\/><\/svg><\/span><\/span><\/span><\/a><\/span><\/div>\n<nav><ul class='ez-toc-list ez-toc-list-level-1' ><li class='ez-toc-page-1 ez-toc-heading-level-2'><a class=\"ez-toc-link ez-toc-heading-1\" href=\"https:\/\/le-communique.fr\/de\/olivier-faure-premier-secretaire-du-ps-affirme-critiquer-la-politique-disrael-ne-releve-pas-de-lantisemitisme\/#Olivier_Faure_clarifie_sa_position\" >Olivier Faure clarifie sa position<\/a><\/li><li class='ez-toc-page-1 ez-toc-heading-level-2'><a class=\"ez-toc-link ez-toc-heading-2\" href=\"https:\/\/le-communique.fr\/de\/olivier-faure-premier-secretaire-du-ps-affirme-critiquer-la-politique-disrael-ne-releve-pas-de-lantisemitisme\/#Le_contexte_des_declarations\" >Le contexte des d\u00e9clarations<\/a><ul class='ez-toc-list-level-3' ><li class='ez-toc-heading-level-3'><a class=\"ez-toc-link ez-toc-heading-3\" href=\"https:\/\/le-communique.fr\/de\/olivier-faure-premier-secretaire-du-ps-affirme-critiquer-la-politique-disrael-ne-releve-pas-de-lantisemitisme\/#La_frontiere_tenue_entre_critique_et_haine\" >La fronti\u00e8re t\u00e9nue entre critique et haine<\/a><\/li><\/ul><\/li><li class='ez-toc-page-1 ez-toc-heading-level-2'><a class=\"ez-toc-link ez-toc-heading-4\" href=\"https:\/\/le-communique.fr\/de\/olivier-faure-premier-secretaire-du-ps-affirme-critiquer-la-politique-disrael-ne-releve-pas-de-lantisemitisme\/#Un_debat_necessaire_et_urgent\" >Un d\u00e9bat n\u00e9cessaire et urgent<\/a><\/li><\/ul><\/nav><\/div>\n<h2 class=\"wp-block-heading\"><span class=\"ez-toc-section\" id=\"Olivier_Faure_clarifie_sa_position\"><\/span>Olivier Faure clarifie sa position<span class=\"ez-toc-section-end\"><\/span><\/h2>\n\n\n<p class=\"wp-block-paragraph\">    Lors d&rsquo;une interview sur franceinfo, Olivier Faure a tenu \u00e0 distinguer la critique l\u00e9gitime des actions du gouvernement isra\u00e9lien de l&rsquo;antis\u00e9mitisme. Pour lui, il est essentiel de maintenir une ligne entre ce qui rel\u00e8ve de l&rsquo;opposition politique et ce qui constitue une attaque discriminatoire contre une communaut\u00e9 religieuse. Dans un climat o\u00f9 les discours se polarisent facilement, cette clarification est, selon Faure, n\u00e9cessaire pour promouvoir un d\u00e9bat sain et respectueux.<\/p>\n\n\n<h2 class=\"wp-block-heading\"><span class=\"ez-toc-section\" id=\"Le_contexte_des_declarations\"><\/span>Le contexte des d\u00e9clarations<span class=\"ez-toc-section-end\"><\/span><\/h2>\n\n\n<p class=\"wp-block-paragraph\">    Les propos de Faure interviennent dans un moment o\u00f9 les tensions au Moyen-Orient continuent de susciter des r\u00e9actions vives en France, particuli\u00e8rement parmi les partis politiques de gauche. En r\u00e9ponse \u00e0 des questions concernant l&rsquo;attitude de La France insoumise (LFI) et les accusations r\u00e9currentes d&rsquo;antis\u00e9mitisme au sein du parti, Faure a exprim\u00e9 sa conviction qu&rsquo;il est possible de critiquer Isra\u00ebl sans tomber dans le racisme ou la haine.<\/p>\n\n\n<h3 class=\"wp-block-heading\"><span class=\"ez-toc-section\" id=\"La_frontiere_tenue_entre_critique_et_haine\"><\/span>La fronti\u00e8re t\u00e9nue entre critique et haine<span class=\"ez-toc-section-end\"><\/span><\/h3>\n\n\n<p class=\"wp-block-paragraph\">    Selon Faure, il est crucial pour les acteurs politiques et les citoyens de comprendre la distinction entre une critique fond\u00e9e sur des politiques sp\u00e9cifiques et des d\u00e9clarations qui visent une communaut\u00e9 dans son ensemble. \u00ab Il y a des gens qui, parfois, confondent ces deux aspects, ce qui m\u00e8ne \u00e0 des malentendus regrettables et dangereuses \u00bb, a-t-il d\u00e9clar\u00e9. Il a ajout\u00e9 que c&rsquo;est une responsabilit\u00e9 collective de faire cette diff\u00e9rence pour \u00e9viter les amalgames.<\/p>\n\n\n<h2 class=\"wp-block-heading\"><span class=\"ez-toc-section\" id=\"Un_debat_necessaire_et_urgent\"><\/span>Un d\u00e9bat n\u00e9cessaire et urgent<span class=\"ez-toc-section-end\"><\/span><\/h2>\n\n\n<p class=\"wp-block-paragraph\">    Olivier Faure souligne \u00e9galement l&rsquo;importance de ce d\u00e9bat dans le contexte actuel, o\u00f9 les tensions identitaires et religieuses sont exacerb\u00e9es par des crises g\u00e9opolitiques et sociales. \u00ab N&rsquo;abandonnons pas l&rsquo;antis\u00e9mitisme, mais n&rsquo;opposons pas les victimes, les douleurs \u00bb, a-t-il soulign\u00e9, affirmant la n\u00e9cessit\u00e9 d&rsquo;un discours nuanc\u00e9 et \u00e9quilibr\u00e9. Il appelle les partis politiques et les m\u00e9dias \u00e0 faire preuve de responsabilit\u00e9 en traitant de ces questions pour \u00e9viter de nourrir des conflits inutiles.<\/p>\n\n\n<p class=\"wp-block-paragraph\">    En r\u00e9affirmant que la critique de la politique isra\u00e9lienne ne doit pas \u00eatre confondue avec l&rsquo;antis\u00e9mitisme, Olivier Faure ouvre la voie \u00e0 une discussion plus r\u00e9fl\u00e9chie et moins passionnelle sur un sujet extr\u00eamement polaris\u00e9. Ses propos insistent sur l&rsquo;importance de la clart\u00e9 et de la responsabilit\u00e9 dans le discours public, invitant chacun \u00e0 distinguer les critiques politiques des attaques discriminatoires.<\/p>\n\n\n<figure class='wp-block-image size-full'>\n<img loading=\"lazy\" width=\"1344\" height=\"768\" src=\"https:\/\/le-communique.fr\/wp-content\/uploads\/2024\/08\/Olivier-Faure-Premier-secretaire-du-PS-affirme-Critiquer-la-politique-dIsrael-ne-releve-pas-de-lantisemitisme-1.png\" class=\"attachment-full size-full\" alt=\"olivier faure, premier secr\u00e9taire du parti socialiste, souligne que critiquer la politique d&#039;isra\u00ebl ne doit pas \u00eatre confondu avec de l&#039;antis\u00e9mitisme. d\u00e9couvrez son opinion sur la diff\u00e9rence entre critique l\u00e9gitime et discours haineux.\" decoding=\"async\" srcset=\"https:\/\/le-communique.fr\/wp-content\/uploads\/2024\/08\/Olivier-Faure-Premier-secretaire-du-PS-affirme-Critiquer-la-politique-dIsrael-ne-releve-pas-de-lantisemitisme-1.png 1344w, https:\/\/le-communique.fr\/wp-content\/uploads\/2024\/08\/Olivier-Faure-Premier-secretaire-du-PS-affirme-Critiquer-la-politique-dIsrael-ne-releve-pas-de-lantisemitisme-1-300x171.png 300w, https:\/\/le-communique.fr\/wp-content\/uploads\/2024\/08\/Olivier-Faure-Premier-secretaire-du-PS-affirme-Critiquer-la-politique-dIsrael-ne-releve-pas-de-lantisemitisme-1-1024x585.png 1024w, https:\/\/le-communique.fr\/wp-content\/uploads\/2024\/08\/Olivier-Faure-Premier-secretaire-du-PS-affirme-Critiquer-la-politique-dIsrael-ne-releve-pas-de-lantisemitisme-1-768x439.png 768w, https:\/\/le-communique.fr\/wp-content\/uploads\/2024\/08\/Olivier-Faure-Premier-secretaire-du-PS-affirme-Critiquer-la-politique-dIsrael-ne-releve-pas-de-lantisemitisme-1-18x10.png 18w\" sizes=\"auto, (max-width: 1344px) 100vw, 1344px\" \/>\n<\/figure>\n\n\n<figure class=\"wp-block-embed is-type-video is-provider-tiktok wp-block-embed-tiktok\"><div class=\"wp-block-embed__wrapper\">\n<blockquote class=\"tiktok-embed\" cite=\"https:\/\/www.tiktok.com\/@hugodecrypte\/video\/7287988461632523553\" data-video-id=\"7287988461632523553\" data-embed-from=\"oembed\" style=\"max-width:605px; min-width:325px;\"> <section> <a target=\"_blank\" title=\"@hugodecrypte\" href=\"https:\/\/www.tiktok.com\/@hugodecrypte?refer=embed\" rel=\"noopener nofollow\">@hugodecrypte<\/a> <p>Les derni\u00e8res infos concernant le Hamas et Isra\u00ebl \u2b06\ufe0f<\/p> <a target=\"_blank\" title=\"\u266c Deep Force - Kaan Simseker\" href=\"https:\/\/www.tiktok.com\/music\/Deep-Force-7199885674361817090?refer=embed\" rel=\"noopener nofollow\">\u266c Deep Force &#8211; Kaan Simseker<\/a> <\/section> <\/blockquote> <script async src=\"https:\/\/www.tiktok.com\/embed.js\"><\/script>\n<\/div><\/figure>","protected":false},"excerpt":{"rendered":"<p>Olivier Faure, Premier secr\u00e9taire du Parti socialiste (PS), a r\u00e9cemment pris position sur une question &#8230; <\/p>\n<p class=\"read-more-container\"><a title=\"Olivier Faure, Premier secr\u00e9taire du PS, affirme : \u00ab\u00a0Critiquer la politique d&rsquo;Isra\u00ebl ne rel\u00e8ve pas de l&rsquo;antis\u00e9mitisme\" class=\"read-more button\" href=\"https:\/\/le-communique.fr\/de\/olivier-faure-premier-secretaire-du-ps-affirme-critiquer-la-politique-disrael-ne-releve-pas-de-lantisemitisme\/#more-11936\" aria-label=\"Mehr Informationen \u00fcber Olivier Faure, Premier secr\u00e9taire du PS, affirme : \u00ab\u00a0Critiquer la politique d&rsquo;Isra\u00ebl ne rel\u00e8ve pas de l&rsquo;antis\u00e9mitisme\">Read More<\/a><\/p>","protected":false},"author":40,"featured_media":11939,"comment_status":"open","ping_status":"open","sticky":false,"template":"","format":"standard","meta":{"footnotes":""},"categories":[2546],"tags":[2975,3151,3148,3150,3149],"class_list":["post-11936","post","type-post","status-publish","format-standard","has-post-thumbnail","hentry","category-actes-de-gentillesse","tag-antisemitisme","tag-critique-politique","tag-olivier-faure","tag-politique-disrael","tag-premier-secretaire-ps","infinite-scroll-item","generate-columns","tablet-grid-50","mobile-grid-100","grid-parent","grid-25","no-featured-image-padding"],"_links":{"self":[{"href":"https:\/\/le-communique.fr\/de\/wp-json\/wp\/v2\/posts\/11936","targetHints":{"allow":["GET"]}}],"collection":[{"href":"https:\/\/le-communique.fr\/de\/wp-json\/wp\/v2\/posts"}],"about":[{"href":"https:\/\/le-communique.fr\/de\/wp-json\/wp\/v2\/types\/post"}],"author":[{"embeddable":true,"href":"https:\/\/le-communique.fr\/de\/wp-json\/wp\/v2\/users\/40"}],"replies":[{"embeddable":true,"href":"https:\/\/le-communique.fr\/de\/wp-json\/wp\/v2\/comments?post=11936"}],"version-history":[{"count":0,"href":"https:\/\/le-communique.fr\/de\/wp-json\/wp\/v2\/posts\/11936\/revisions"}],"wp:featuredmedia":[{"embeddable":true,"href":"https:\/\/le-communique.fr\/de\/wp-json\/wp\/v2\/media\/11939"}],"wp:attachment":[{"href":"https:\/\/le-communique.fr\/de\/wp-json\/wp\/v2\/media?parent=11936"}],"wp:term":[{"taxonomy":"category","embeddable":true,"href":"https:\/\/le-communique.fr\/de\/wp-json\/wp\/v2\/categories?post=11936"},{"taxonomy":"post_tag","embeddable":true,"href":"https:\/\/le-communique.fr\/de\/wp-json\/wp\/v2\/tags?post=11936"}],"curies":[{"name":"wp","href":"https:\/\/api.w.org\/{rel}","templated":true}]}}