{"id":11932,"date":"2024-08-26T23:11:22","date_gmt":"2024-08-26T21:11:22","guid":{"rendered":"https:\/\/le-communique.fr\/inquietudes-des-entrepreneurs-face-a-une-reprise-quils-jugent-alarmante-en-raison-du-climat-politique-en-france\/"},"modified":"2026-02-26T01:43:46","modified_gmt":"2026-02-26T00:43:46","slug":"inquietudes-des-entrepreneurs-face-a-une-reprise-quils-jugent-alarmante-en-raison-du-climat-politique-en-france","status":"publish","type":"post","link":"https:\/\/le-communique.fr\/de\/inquietudes-des-entrepreneurs-face-a-une-reprise-quils-jugent-alarmante-en-raison-du-climat-politique-en-france\/","title":{"rendered":"Inqui\u00e9tudes des entrepreneurs face \u00e0 une reprise qu&rsquo;ils jugent alarmante en raison du climat politique en France"},"content":{"rendered":"<figure class=\"wp-block-embed is-type-video is-provider-youtube wp-block-embed-youtube wp-embed-aspect-16-9 wp-has-aspect-ratio\">\n<div class=\"wp-block-embed__wrapper\">\n<iframe loading=\"lazy\" title=\"Climat cherche patrons militants\" width=\"1200\" height=\"675\" src=\"https:\/\/www.youtube.com\/embed\/e4xNrsOhu3Q?feature=oembed\" frameborder=\"0\" allow=\"accelerometer; autoplay; clipboard-write; encrypted-media; gyroscope; picture-in-picture; web-share\" referrerpolicy=\"strict-origin-when-cross-origin\" allowfullscreen><\/iframe>\n<\/div>\n<\/figure>\n\n\n\n<p class=\"wp-block-paragraph\">Les chefs d&rsquo;entreprise en France expriment une profonde inqui\u00e9tude face aux perspectives \u00e9conomiques. La situation politique instable, les l\u00e9gislations changeantes et une fiscalit\u00e9 impr\u00e9visible augmentent leurs pr\u00e9occupations quant \u00e0 la viabilit\u00e9 de leurs activit\u00e9s et \u00e0 la relance \u00e9conomique attendue. Cet article explore les raisons de cette anxi\u00e9t\u00e9 et propose une analyse d\u00e9taill\u00e9e des enjeux pour les entrepreneurs, dans un contexte o\u00f9 la stabilit\u00e9 et la pr\u00e9visibilit\u00e9 sont plus que jamais n\u00e9cessaires.<\/p>\n\n\n<div id=\"ez-toc-container\" class=\"ez-toc-v2_0_87 counter-hierarchy ez-toc-counter ez-toc-grey ez-toc-container-direction\">\n<div class=\"ez-toc-title-container\">\n<p class=\"ez-toc-title\" style=\"cursor:inherit\">Table of Contents<\/p>\n<span class=\"ez-toc-title-toggle\"><a href=\"#\" class=\"ez-toc-pull-right ez-toc-btn ez-toc-btn-xs ez-toc-btn-default ez-toc-toggle\" aria-label=\"Toggle Table of Content\"><span class=\"ez-toc-js-icon-con\"><span class=\"\"><span class=\"eztoc-hide\" style=\"display:none;\">Toggle<\/span><span class=\"ez-toc-icon-toggle-span\"><svg style=\"fill: #999;color:#999\" xmlns=\"http:\/\/www.w3.org\/2000\/svg\" class=\"list-377408\" width=\"20px\" height=\"20px\" viewbox=\"0 0 24 24\" fill=\"none\"><path d=\"M6 6H4v2h2V6zm14 0H8v2h12V6zM4 11h2v2H4v-2zm16 0H8v2h12v-2zM4 16h2v2H4v-2zm16 0H8v2h12v-2z\" fill=\"currentColor\"><\/path><\/svg><svg style=\"fill: #999;color:#999\" class=\"arrow-unsorted-368013\" xmlns=\"http:\/\/www.w3.org\/2000\/svg\" width=\"10px\" height=\"10px\" viewbox=\"0 0 24 24\" version=\"1.2\" baseprofile=\"tiny\"><path d=\"M18.2 9.3l-6.2-6.3-6.2 6.3c-.2.2-.3.4-.3.7s.1.5.3.7c.2.2.4.3.7.3h11c.3 0 .5-.1.7-.3.2-.2.3-.5.3-.7s-.1-.5-.3-.7zM5.8 14.7l6.2 6.3 6.2-6.3c.2-.2.3-.5.3-.7s-.1-.5-.3-.7c-.2-.2-.4-.3-.7-.3h-11c-.3 0-.5.1-.7.3-.2.2-.3.5-.3.7s.1.5.3.7z\"\/><\/svg><\/span><\/span><\/span><\/a><\/span><\/div>\n<nav><ul class='ez-toc-list ez-toc-list-level-1' ><li class='ez-toc-page-1 ez-toc-heading-level-2'><a class=\"ez-toc-link ez-toc-heading-1\" href=\"https:\/\/le-communique.fr\/de\/inquietudes-des-entrepreneurs-face-a-une-reprise-quils-jugent-alarmante-en-raison-du-climat-politique-en-france\/#Un_climat_politique_instable\" >Un climat politique instable<\/a><\/li><li class='ez-toc-page-1 ez-toc-heading-level-2'><a class=\"ez-toc-link ez-toc-heading-2\" href=\"https:\/\/le-communique.fr\/de\/inquietudes-des-entrepreneurs-face-a-une-reprise-quils-jugent-alarmante-en-raison-du-climat-politique-en-france\/#Fiscalite_en_constante_evolution\" >Fiscalit\u00e9 en constante \u00e9volution<\/a><\/li><li class='ez-toc-page-1 ez-toc-heading-level-2'><a class=\"ez-toc-link ez-toc-heading-3\" href=\"https:\/\/le-communique.fr\/de\/inquietudes-des-entrepreneurs-face-a-une-reprise-quils-jugent-alarmante-en-raison-du-climat-politique-en-france\/#Retard_dans_la_modernisation_de_la_transmission_dentreprise\" >Retard dans la modernisation de la transmission d&rsquo;entreprise<\/a><\/li><li class='ez-toc-page-1 ez-toc-heading-level-2'><a class=\"ez-toc-link ez-toc-heading-4\" href=\"https:\/\/le-communique.fr\/de\/inquietudes-des-entrepreneurs-face-a-une-reprise-quils-jugent-alarmante-en-raison-du-climat-politique-en-france\/#Une_legislation_environnementale_en_pleine_mutation\" >Une l\u00e9gislation environnementale en pleine mutation<\/a><\/li><li class='ez-toc-page-1 ez-toc-heading-level-2'><a class=\"ez-toc-link ez-toc-heading-5\" href=\"https:\/\/le-communique.fr\/de\/inquietudes-des-entrepreneurs-face-a-une-reprise-quils-jugent-alarmante-en-raison-du-climat-politique-en-france\/#La_perception_des_entrepreneurs_en_France\" >La perception des entrepreneurs en France<\/a><\/li><li class='ez-toc-page-1 ez-toc-heading-level-2'><a class=\"ez-toc-link ez-toc-heading-6\" href=\"https:\/\/le-communique.fr\/de\/inquietudes-des-entrepreneurs-face-a-une-reprise-quils-jugent-alarmante-en-raison-du-climat-politique-en-france\/#Besoin_de_stabilite_et_de_previsibilite\" >Besoin de stabilit\u00e9 et de pr\u00e9visibilit\u00e9<\/a><\/li><\/ul><\/nav><\/div>\n<h2 class=\"wp-block-heading\"><span class=\"ez-toc-section\" id=\"Un_climat_politique_instable\"><\/span>Un climat politique instable<span class=\"ez-toc-section-end\"><\/span><\/h2>\n\n\n<p class=\"wp-block-paragraph\">Depuis les derni\u00e8res \u00e9lections europ\u00e9ennes et l\u00e9gislatives, la France conna\u00eet une p\u00e9riode de turbulence politique. Les r\u00e9formes annonc\u00e9es et les d\u00e9crets contradictoires cr\u00e9ent un environnement d&rsquo;incertitudes. Les entrepreneurs, qui d\u00e9pendent de la stabilit\u00e9 r\u00e9glementaire pour planifier et investir, se trouvent d\u00e9sorient\u00e9s. Selon plusieurs d&rsquo;entre eux, cette instabilit\u00e9 rend la gestion de leurs entreprises particuli\u00e8rement complexe.<\/p>\n\n\n<h2 class=\"wp-block-heading\"><span class=\"ez-toc-section\" id=\"Fiscalite_en_constante_evolution\"><\/span>Fiscalit\u00e9 en constante \u00e9volution<span class=\"ez-toc-section-end\"><\/span><\/h2>\n\n\n<p class=\"wp-block-paragraph\">La fiscalit\u00e9 en France est un sujet de pr\u00e9occupation majeur pour les entrepreneurs. Les r\u00e9formes fiscales, souvent consid\u00e9r\u00e9es comme impr\u00e9visibles et parfois contre-productives, affectent directement leurs marges b\u00e9n\u00e9ficiaires. Les modifications r\u00e9currentes des taux d&rsquo;imposition, des avantages fiscaux et des obligations comptables cr\u00e9ent un sentiment de m\u00e9fiance et de frilosit\u00e9 dans les d\u00e9cisions d&rsquo;investissement.<\/p>\n\n\n<h2 class=\"wp-block-heading\"><span class=\"ez-toc-section\" id=\"Retard_dans_la_modernisation_de_la_transmission_dentreprise\"><\/span>Retard dans la modernisation de la transmission d&rsquo;entreprise<span class=\"ez-toc-section-end\"><\/span><\/h2>\n\n\n<p class=\"wp-block-paragraph\">La transmission d&rsquo;entreprise est un enjeu crucial pour la p\u00e9rennit\u00e9 de nombreuses structures. Cependant, les dispositifs actuels de financement et d&rsquo;accompagnement de cette phase essentielle sont jug\u00e9s insuffisants. Les entrepreneurs appellent \u00e0 une modernisation de ces processus, notamment en simplifiant fiscalement les \u00e9tapes de la transmission et en offrant plus de soutien financier pour garantir la continuit\u00e9 de leurs activit\u00e9s.<\/p>\n\n\n<h2 class=\"wp-block-heading\"><span class=\"ez-toc-section\" id=\"Une_legislation_environnementale_en_pleine_mutation\"><\/span>Une l\u00e9gislation environnementale en pleine mutation<span class=\"ez-toc-section-end\"><\/span><\/h2>\n\n\n<p class=\"wp-block-paragraph\">Les exigences environnementales croissantes sont \u00e9galement une source de pr\u00e9occupation. Bien que l&rsquo;engagement envers des pratiques durables soit souvent pr\u00e9sent, la rapidit\u00e9 avec laquelle les r\u00e9glementations changent complique l&rsquo;adaptation des entreprises. Les entrepreneurs soutiennent les objectifs climatiques, mais r\u00e9clament une approche plus graduelle et surtout plus pr\u00e9visible pour pouvoir int\u00e9grer ces nouvelles normes sans mettre en p\u00e9ril leur comp\u00e9titivit\u00e9.<\/p>\n\n\n<h2 class=\"wp-block-heading\"><span class=\"ez-toc-section\" id=\"La_perception_des_entrepreneurs_en_France\"><\/span>La perception des entrepreneurs en France<span class=\"ez-toc-section-end\"><\/span><\/h2>\n\n\n<p class=\"wp-block-paragraph\">Un autre aspect qui contribue \u00e0 l&rsquo;inqui\u00e9tude g\u00e9n\u00e9rale est la perception des entrepreneurs en France. Souvent vus comme des b\u00e9n\u00e9ficiaires du syst\u00e8me plut\u00f4t que comme des piliers de l&rsquo;\u00e9conomie, ils ressentent un manque de reconnaissance de leur r\u00f4le crucial. Une vision plus positive et valorisante du monde entrepreneurial pourrait stimuler l&rsquo;innovation et encourager des initiatives courageuses, n\u00e9cessaires \u00e0 une reprise durable.<\/p>\n\n\n<h2 class=\"wp-block-heading\"><span class=\"ez-toc-section\" id=\"Besoin_de_stabilite_et_de_previsibilite\"><\/span>Besoin de stabilit\u00e9 et de pr\u00e9visibilit\u00e9<span class=\"ez-toc-section-end\"><\/span><\/h2>\n\n\n<p class=\"wp-block-paragraph\">Face \u00e0 ce constat, il appara\u00eet essentiel de restaurer un climat de confiance. Les entrepreneurs appellent \u00e0 des mesures visant \u00e0 assurer une plus grande stabilit\u00e9 \u00e9conomique et l\u00e9gislative. Des politiques claires et p\u00e9rennes, des consultations approfondies avant l&rsquo;introduction de nouvelles r\u00e9formes, ainsi qu&rsquo;un soutien accru au financement des entreprises permettront de cr\u00e9er un environnement propice \u00e0 l&rsquo;innovation et \u00e0 la croissance.<\/p>\n\n\n<p class=\"wp-block-paragraph\">Les pr\u00e9occupations des entrepreneurs en France sont multiples et refl\u00e8tent un besoin urgent de stabilit\u00e9 et de clart\u00e9. En prenant en compte leurs attentes et en mettant en place des politiques plus coh\u00e9rentes et pr\u00e9visibles, la France pourrait non seulement am\u00e9liorer le moral des chefs d&rsquo;entreprise, mais aussi favoriser une reprise \u00e9conomique solide et durable.<\/p>","protected":false},"excerpt":{"rendered":"<p>Les chefs d&rsquo;entreprise en France expriment une profonde inqui\u00e9tude face aux perspectives \u00e9conomiques. La situation &#8230; <\/p>\n<p class=\"read-more-container\"><a title=\"Inqui\u00e9tudes des entrepreneurs face \u00e0 une reprise qu&rsquo;ils jugent alarmante en raison du climat politique en France\" class=\"read-more button\" href=\"https:\/\/le-communique.fr\/de\/inquietudes-des-entrepreneurs-face-a-une-reprise-quils-jugent-alarmante-en-raison-du-climat-politique-en-france\/#more-11932\" aria-label=\"Mehr Informationen \u00fcber Inqui\u00e9tudes des entrepreneurs face \u00e0 une reprise qu&rsquo;ils jugent alarmante en raison du climat politique en France\">Read More<\/a><\/p>","protected":false},"author":1,"featured_media":12482,"comment_status":"open","ping_status":"open","sticky":false,"template":"","format":"standard","meta":{"footnotes":""},"categories":[2058],"tags":[3146,3144,2843,3147,3145],"class_list":["post-11932","post","type-post","status-publish","format-standard","has-post-thumbnail","hentry","category-economie-et-finances","tag-climat-politique","tag-entrepreneurs","tag-france","tag-inquietudes","tag-reprise-economique","infinite-scroll-item","generate-columns","tablet-grid-50","mobile-grid-100","grid-parent","grid-25","no-featured-image-padding"],"_links":{"self":[{"href":"https:\/\/le-communique.fr\/de\/wp-json\/wp\/v2\/posts\/11932","targetHints":{"allow":["GET"]}}],"collection":[{"href":"https:\/\/le-communique.fr\/de\/wp-json\/wp\/v2\/posts"}],"about":[{"href":"https:\/\/le-communique.fr\/de\/wp-json\/wp\/v2\/types\/post"}],"author":[{"embeddable":true,"href":"https:\/\/le-communique.fr\/de\/wp-json\/wp\/v2\/users\/1"}],"replies":[{"embeddable":true,"href":"https:\/\/le-communique.fr\/de\/wp-json\/wp\/v2\/comments?post=11932"}],"version-history":[{"count":0,"href":"https:\/\/le-communique.fr\/de\/wp-json\/wp\/v2\/posts\/11932\/revisions"}],"wp:featuredmedia":[{"embeddable":true,"href":"https:\/\/le-communique.fr\/de\/wp-json\/wp\/v2\/media\/12482"}],"wp:attachment":[{"href":"https:\/\/le-communique.fr\/de\/wp-json\/wp\/v2\/media?parent=11932"}],"wp:term":[{"taxonomy":"category","embeddable":true,"href":"https:\/\/le-communique.fr\/de\/wp-json\/wp\/v2\/categories?post=11932"},{"taxonomy":"post_tag","embeddable":true,"href":"https:\/\/le-communique.fr\/de\/wp-json\/wp\/v2\/tags?post=11932"}],"curies":[{"name":"wp","href":"https:\/\/api.w.org\/{rel}","templated":true}]}}