{"id":11517,"date":"2024-06-01T23:29:39","date_gmt":"2024-06-01T21:29:39","guid":{"rendered":"https:\/\/le-communique.fr\/standard-and-poors-degrade-la-france-un-coup-dur-pour-lexecutif-politique-mais-une-opportunite-pour-bercy-de-rebondir\/"},"modified":"2024-06-01T23:29:39","modified_gmt":"2024-06-01T21:29:39","slug":"standard-and-poors-degrade-la-france-un-coup-dur-pour-lexecutif-politique-mais-une-opportunite-pour-bercy-de-rebondir","status":"publish","type":"post","link":"https:\/\/le-communique.fr\/de\/standard-and-poors-degrade-la-france-un-coup-dur-pour-lexecutif-politique-mais-une-opportunite-pour-bercy-de-rebondir\/","title":{"rendered":"Standard and Poor&rsquo;s d\u00e9grade la France : un coup dur pour l&rsquo;ex\u00e9cutif politique, mais une opportunit\u00e9 pour Bercy de rebondir ?"},"content":{"rendered":"<p class=\"wp-block-paragraph\">La r\u00e9cente d\u00e9cision de l&rsquo;agence de notation Standard and Poor&rsquo;s de d\u00e9grader la France a secou\u00e9 le monde politique et financier. Si cela repr\u00e9sente un v\u00e9ritable coup dur pour l&rsquo;ex\u00e9cutif en place, certains y voient une opportunit\u00e9 pour Bercy de se r\u00e9inventer et de rebondir. Comment cette d\u00e9gradation peut-elle \u00eatre per\u00e7ue comme un tremplin pour de nouvelles perspectives \u00e9conomiques ? Analysons les enjeux et les d\u00e9fis qui attendent la France dans cette p\u00e9riode cruciale.<\/p>\n\n\n<div id=\"ez-toc-container\" class=\"ez-toc-v2_0_87 counter-hierarchy ez-toc-counter ez-toc-grey ez-toc-container-direction\">\n<div class=\"ez-toc-title-container\">\n<p class=\"ez-toc-title\" style=\"cursor:inherit\">Table of Contents<\/p>\n<span class=\"ez-toc-title-toggle\"><a href=\"#\" class=\"ez-toc-pull-right ez-toc-btn ez-toc-btn-xs ez-toc-btn-default ez-toc-toggle\" aria-label=\"Toggle Table of Content\"><span class=\"ez-toc-js-icon-con\"><span class=\"\"><span class=\"eztoc-hide\" style=\"display:none;\">Toggle<\/span><span class=\"ez-toc-icon-toggle-span\"><svg style=\"fill: #999;color:#999\" xmlns=\"http:\/\/www.w3.org\/2000\/svg\" class=\"list-377408\" width=\"20px\" height=\"20px\" viewbox=\"0 0 24 24\" fill=\"none\"><path d=\"M6 6H4v2h2V6zm14 0H8v2h12V6zM4 11h2v2H4v-2zm16 0H8v2h12v-2zM4 16h2v2H4v-2zm16 0H8v2h12v-2z\" fill=\"currentColor\"><\/path><\/svg><svg style=\"fill: #999;color:#999\" class=\"arrow-unsorted-368013\" xmlns=\"http:\/\/www.w3.org\/2000\/svg\" width=\"10px\" height=\"10px\" viewbox=\"0 0 24 24\" version=\"1.2\" baseprofile=\"tiny\"><path d=\"M18.2 9.3l-6.2-6.3-6.2 6.3c-.2.2-.3.4-.3.7s.1.5.3.7c.2.2.4.3.7.3h11c.3 0 .5-.1.7-.3.2-.2.3-.5.3-.7s-.1-.5-.3-.7zM5.8 14.7l6.2 6.3 6.2-6.3c.2-.2.3-.5.3-.7s-.1-.5-.3-.7c-.2-.2-.4-.3-.7-.3h-11c-.3 0-.5.1-.7.3-.2.2-.3.5-.3.7s.1.5.3.7z\"\/><\/svg><\/span><\/span><\/span><\/a><\/span><\/div>\n<nav><ul class='ez-toc-list ez-toc-list-level-1' ><li class='ez-toc-page-1 ez-toc-heading-level-2'><a class=\"ez-toc-link ez-toc-heading-1\" href=\"https:\/\/le-communique.fr\/de\/standard-and-poors-degrade-la-france-un-coup-dur-pour-lexecutif-politique-mais-une-opportunite-pour-bercy-de-rebondir\/#Un_abaissement_attendu_de_la_note_souveraine\" >Un abaissement attendu de la note souveraine<\/a><\/li><li class='ez-toc-page-1 ez-toc-heading-level-2'><a class=\"ez-toc-link ez-toc-heading-2\" href=\"https:\/\/le-communique.fr\/de\/standard-and-poors-degrade-la-france-un-coup-dur-pour-lexecutif-politique-mais-une-opportunite-pour-bercy-de-rebondir\/#Reactions_politiques_et_implications_electorales\" >R\u00e9actions politiques et implications \u00e9lectorales<\/a><\/li><li class='ez-toc-page-1 ez-toc-heading-level-2'><a class=\"ez-toc-link ez-toc-heading-3\" href=\"https:\/\/le-communique.fr\/de\/standard-and-poors-degrade-la-france-un-coup-dur-pour-lexecutif-politique-mais-une-opportunite-pour-bercy-de-rebondir\/#Les_marches_financiers_restent_stables\" >Les march\u00e9s financiers restent stables<\/a><\/li><li class='ez-toc-page-1 ez-toc-heading-level-2'><a class=\"ez-toc-link ez-toc-heading-4\" href=\"https:\/\/le-communique.fr\/de\/standard-and-poors-degrade-la-france-un-coup-dur-pour-lexecutif-politique-mais-une-opportunite-pour-bercy-de-rebondir\/#Une_opportunite_pour_redresser_la_barre\" >Une opportunit\u00e9 pour redresser la barre ?<\/a><\/li><li class='ez-toc-page-1 ez-toc-heading-level-2'><a class=\"ez-toc-link ez-toc-heading-5\" href=\"https:\/\/le-communique.fr\/de\/standard-and-poors-degrade-la-france-un-coup-dur-pour-lexecutif-politique-mais-une-opportunite-pour-bercy-de-rebondir\/#Les_defis_futurs_pour_leconomie_francaise\" >Les d\u00e9fis futurs pour l&rsquo;\u00e9conomie fran\u00e7aise<\/a><\/li><\/ul><\/nav><\/div>\n<h2 class=\"wp-block-heading\"><span class=\"ez-toc-section\" id=\"Un_abaissement_attendu_de_la_note_souveraine\"><\/span>Un abaissement attendu de la note souveraine<span class=\"ez-toc-section-end\"><\/span><\/h2>\n\n\n<figure class='wp-block-image size-full'>\n<img loading=\"lazy\" width=\"1344\" height=\"768\" src=\"https:\/\/le-communique.fr\/wp-content\/uploads\/2024\/06\/Standard-and-Poors-degrade-la-France-un-coup-dur-pour-lexecutif-politique-mais-une-opportunite-pour-Bercy-de-rebondir-.png\" class=\"attachment-full size-full\" alt=\"standard and poor&#039;s d\u00e9grade la france : une analyse de l&#039;impact sur l&#039;ex\u00e9cutif politique et l&#039;opportunit\u00e9 pour bercy de rebondir.\" decoding=\"async\" srcset=\"https:\/\/le-communique.fr\/wp-content\/uploads\/2024\/06\/Standard-and-Poors-degrade-la-France-un-coup-dur-pour-lexecutif-politique-mais-une-opportunite-pour-Bercy-de-rebondir-.png 1344w, https:\/\/le-communique.fr\/wp-content\/uploads\/2024\/06\/Standard-and-Poors-degrade-la-France-un-coup-dur-pour-lexecutif-politique-mais-une-opportunite-pour-Bercy-de-rebondir--300x171.png 300w, https:\/\/le-communique.fr\/wp-content\/uploads\/2024\/06\/Standard-and-Poors-degrade-la-France-un-coup-dur-pour-lexecutif-politique-mais-une-opportunite-pour-Bercy-de-rebondir--1024x585.png 1024w, https:\/\/le-communique.fr\/wp-content\/uploads\/2024\/06\/Standard-and-Poors-degrade-la-France-un-coup-dur-pour-lexecutif-politique-mais-une-opportunite-pour-Bercy-de-rebondir--768x439.png 768w, https:\/\/le-communique.fr\/wp-content\/uploads\/2024\/06\/Standard-and-Poors-degrade-la-France-un-coup-dur-pour-lexecutif-politique-mais-une-opportunite-pour-Bercy-de-rebondir--18x10.png 18w\" sizes=\"auto, (max-width: 1344px) 100vw, 1344px\" \/>\n<\/figure>\n\n\n<p class=\"wp-block-paragraph\">Standard and Poor&rsquo;s a finalement abaiss\u00e9 la note de la <strong>dette fran\u00e7aise<\/strong>, une d\u00e9cision qui n\u2019a surpris ni les march\u00e9s ni le monde politique. Apr\u00e8s avoir perdu son triple A durant la crise financi\u00e8re, la <strong>France<\/strong> voit sa note passer de AA \u00e0 AA-, marquant ainsi une perte de cr\u00e9dibilit\u00e9 aux yeux des investisseurs.<\/p>\n\n\n<p class=\"wp-block-paragraph\">Cette d\u00e9gradation t\u00e9moigne des difficult\u00e9s structurelles auxquelles fait face l\u2019\u00e9conomie fran\u00e7aise. En 2023, le <strong>d\u00e9ficit budg\u00e9taire<\/strong> de la France a \u00e9t\u00e9 bien plus \u00e9lev\u00e9 que pr\u00e9vu, et m\u00eame si l\u2019objectif est de ramener ce d\u00e9ficit sous la barre des 3% du PIB d\u2019ici 2027, Bercy doit redoubler d\u2019efforts pour y parvenir.<\/p>\n\n\n<h2 class=\"wp-block-heading\"><span class=\"ez-toc-section\" id=\"Reactions_politiques_et_implications_electorales\"><\/span>R\u00e9actions politiques et implications \u00e9lectorales<span class=\"ez-toc-section-end\"><\/span><\/h2>\n\n\n<figure class='wp-block-image size-full'>\n<img loading=\"lazy\" width=\"1344\" height=\"768\" src=\"https:\/\/le-communique.fr\/wp-content\/uploads\/2024\/06\/Standard-and-Poors-degrade-la-France-un-coup-dur-pour-lexecutif-politique-mais-une-opportunite-pour-Bercy-de-rebondir-1-1.png\" class=\"attachment-full size-full\" alt=\"standard &amp; poor&#039;s d\u00e9grade la france : r\u00e9action de l&#039;ex\u00e9cutif politique et opportunit\u00e9 pour bercy de rebondir\" decoding=\"async\" srcset=\"https:\/\/le-communique.fr\/wp-content\/uploads\/2024\/06\/Standard-and-Poors-degrade-la-France-un-coup-dur-pour-lexecutif-politique-mais-une-opportunite-pour-Bercy-de-rebondir-1-1.png 1344w, https:\/\/le-communique.fr\/wp-content\/uploads\/2024\/06\/Standard-and-Poors-degrade-la-France-un-coup-dur-pour-lexecutif-politique-mais-une-opportunite-pour-Bercy-de-rebondir-1-1-300x171.png 300w, https:\/\/le-communique.fr\/wp-content\/uploads\/2024\/06\/Standard-and-Poors-degrade-la-France-un-coup-dur-pour-lexecutif-politique-mais-une-opportunite-pour-Bercy-de-rebondir-1-1-1024x585.png 1024w, https:\/\/le-communique.fr\/wp-content\/uploads\/2024\/06\/Standard-and-Poors-degrade-la-France-un-coup-dur-pour-lexecutif-politique-mais-une-opportunite-pour-Bercy-de-rebondir-1-1-768x439.png 768w, https:\/\/le-communique.fr\/wp-content\/uploads\/2024\/06\/Standard-and-Poors-degrade-la-France-un-coup-dur-pour-lexecutif-politique-mais-une-opportunite-pour-Bercy-de-rebondir-1-1-18x10.png 18w\" sizes=\"auto, (max-width: 1344px) 100vw, 1344px\" \/>\n<\/figure>\n\n\n<p class=\"wp-block-paragraph\">Politiquement, cette annonce arrive \u00e0 un moment d\u00e9licat, \u00e0 quelques jours des \u00e9lections europ\u00e9ennes. Pour le gouvernement ainsi que pour le <strong>pr\u00e9sident de la R\u00e9publique<\/strong>, cette d\u00e9gradation est un coup dur. Les partis d\u2019opposition, notamment les R\u00e9publicains et le Rassemblement National, n\u2019ont pas manqu\u00e9 de critiquer la gestion des finances publiques sous l\u2019\u00e8re Macron.<\/p>\n\n\n<p class=\"wp-block-paragraph\">Au sein de la majorit\u00e9 pr\u00e9sidentielle et de l\u2019ex\u00e9cutif, cette nouvelle pourrait provoquer des tensions internes, malgr\u00e9 les tentatives de justification mettant en avant les crises multiples comme la pand\u00e9mie de Covid-19 et le conflit en Ukraine, qui ont pes\u00e9 sur les finances nationales.<\/p>\n\n\n<figure class=\"wp-block-embed is-type-video is-provider-youtube wp-block-embed-youtube wp-embed-aspect-16-9 wp-has-aspect-ratio\">\n<div class=\"wp-block-embed__wrapper\">\n<iframe loading=\"lazy\" title=\"Dette : la France vit-elle au-dessus de ses moyens ? #cdanslair 03.06.2023\" width=\"1200\" height=\"675\" src=\"https:\/\/www.youtube.com\/embed\/CzonUKWg3PI?feature=oembed\" frameborder=\"0\" allow=\"accelerometer; autoplay; clipboard-write; encrypted-media; gyroscope; picture-in-picture; web-share\" referrerpolicy=\"strict-origin-when-cross-origin\" allowfullscreen><\/iframe>\n<\/div>\n<\/figure>\n\n\n<h2 class=\"wp-block-heading\"><span class=\"ez-toc-section\" id=\"Les_marches_financiers_restent_stables\"><\/span>Les march\u00e9s financiers restent stables<span class=\"ez-toc-section-end\"><\/span><\/h2>\n\n\n<figure class='wp-block-image size-full'>\n<img loading=\"lazy\" width=\"1344\" height=\"768\" src=\"https:\/\/le-communique.fr\/wp-content\/uploads\/2024\/06\/Standard-and-Poors-degrade-la-France-un-coup-dur-pour-lexecutif-politique-mais-une-opportunite-pour-Bercy-de-rebondir-1-2.png\" class=\"attachment-full size-full\" alt=\"standard and poor&#039;s d\u00e9grade la france : quel impact sur l&#039;ex\u00e9cutif politique et quelle opportunit\u00e9 pour bercy ? d\u00e9cryptage de cette d\u00e9cision et ses implications \u00e9conomiques.\" decoding=\"async\" srcset=\"https:\/\/le-communique.fr\/wp-content\/uploads\/2024\/06\/Standard-and-Poors-degrade-la-France-un-coup-dur-pour-lexecutif-politique-mais-une-opportunite-pour-Bercy-de-rebondir-1-2.png 1344w, https:\/\/le-communique.fr\/wp-content\/uploads\/2024\/06\/Standard-and-Poors-degrade-la-France-un-coup-dur-pour-lexecutif-politique-mais-une-opportunite-pour-Bercy-de-rebondir-1-2-300x171.png 300w, https:\/\/le-communique.fr\/wp-content\/uploads\/2024\/06\/Standard-and-Poors-degrade-la-France-un-coup-dur-pour-lexecutif-politique-mais-une-opportunite-pour-Bercy-de-rebondir-1-2-1024x585.png 1024w, https:\/\/le-communique.fr\/wp-content\/uploads\/2024\/06\/Standard-and-Poors-degrade-la-France-un-coup-dur-pour-lexecutif-politique-mais-une-opportunite-pour-Bercy-de-rebondir-1-2-768x439.png 768w, https:\/\/le-communique.fr\/wp-content\/uploads\/2024\/06\/Standard-and-Poors-degrade-la-France-un-coup-dur-pour-lexecutif-politique-mais-une-opportunite-pour-Bercy-de-rebondir-1-2-18x10.png 18w\" sizes=\"auto, (max-width: 1344px) 100vw, 1344px\" \/>\n<\/figure>\n\n\n<p class=\"wp-block-paragraph\">Malgr\u00e9 cette d\u00e9gradation, les march\u00e9s financiers ne semblent pas alarm\u00e9s. Les taux d&rsquo;int\u00e9r\u00eat pour emprunter restent relativement favorables pour la France, qui reste proche de l&rsquo;<strong>Allemagne<\/strong> avec un diff\u00e9rentiel de taux d&rsquo;environ 0,5%. Les cr\u00e9anciers consid\u00e8rent encore que le risque de pr\u00eater \u00e0 la France est faible.<\/p>\n\n\n<p class=\"wp-block-paragraph\">Cependant, il est imp\u00e9ratif pour Bercy de se montrer vigilant \u00e0 long terme, particuli\u00e8rement en vue de la loi de finances pr\u00e9vue pour 2025. Une instabilit\u00e9 des march\u00e9s, bien que peu probable \u00e0 court terme, pourrait compliquer encore davantage la situation budg\u00e9taire.<\/p>\n\n\n<h2 class=\"wp-block-heading\"><span class=\"ez-toc-section\" id=\"Une_opportunite_pour_redresser_la_barre\"><\/span>Une opportunit\u00e9 pour redresser la barre ?<span class=\"ez-toc-section-end\"><\/span><\/h2>\n\n\n<p class=\"wp-block-paragraph\">Pour le ministre de l\u2019\u00c9conomie, Bruno Le Maire, cette d\u00e9gradation pourrait \u00eatre per\u00e7ue comme une opportunit\u00e9 pour accentuer les r\u00e9formes. Le ministre a imm\u00e9diatement r\u00e9agi en affirmant que cela ne change en rien sa d\u00e9termination \u00e0 r\u00e9tablir les finances publiques.<\/p>\n\n\n<p class=\"wp-block-paragraph\">Bercy a d\u00e9j\u00e0 commenc\u00e9 \u00e0 identifier les \u00e9conomies n\u00e9cessaires dans les d\u00e9penses publiques et sociales. Toutefois, le manque de soutien politique et parlementaire complique la mise en \u0153uvre des r\u00e9formes n\u00e9cessaires. Bruno Le Maire devra encore trouver des milliards d\u2019euros d\u2019\u00e9conomies pour les ann\u00e9es \u00e0 venir, un d\u00e9fi qui n\u00e9cessitera des d\u00e9cisions politiques audacieuses.<\/p>\n\n\n<h2 class=\"wp-block-heading\"><span class=\"ez-toc-section\" id=\"Les_defis_futurs_pour_leconomie_francaise\"><\/span>Les d\u00e9fis futurs pour l&rsquo;\u00e9conomie fran\u00e7aise<span class=\"ez-toc-section-end\"><\/span><\/h2>\n\n\n<p class=\"wp-block-paragraph\">Outre les efforts de redressement, la France doit faire face \u00e0 des d\u00e9penses sociales et publiques qui continuent de repr\u00e9senter une part importante du PIB. L\u2019opposition, bien qu\u2019elle critique la gestion actuelle, n\u2019offre pas toujours de solutions alternatives viables.<\/p>\n\n\n<p class=\"wp-block-paragraph\">Les mises en garde de la Cour des comptes et du FMI soulignent la n\u00e9cessit\u00e9 d\u2019un contr\u00f4le plus rigoureux des <strong>d\u00e9penses publiques<\/strong>. Pour Bercy, l&rsquo;objectif est de r\u00e9duire le d\u00e9ficit tout en soutenant la relance \u00e9conomique et en misant sur la r\u00e9industrialisation et le retour au plein emploi.<\/p>\n\n\n<figure class=\"wp-block-embed is-type-video is-provider-tiktok wp-block-embed-tiktok\"><div class=\"wp-block-embed__wrapper\">\nhttps:\/\/www.tiktok.com\/@cocobongoaddict\/video\/7351084558953106721\n<\/div><\/figure>","protected":false},"excerpt":{"rendered":"<p>La r\u00e9cente d\u00e9cision de l&rsquo;agence de notation Standard and Poor&rsquo;s de d\u00e9grader la France a &#8230; <\/p>\n<p class=\"read-more-container\"><a title=\"Standard and Poor&rsquo;s d\u00e9grade la France : un coup dur pour l&rsquo;ex\u00e9cutif politique, mais une opportunit\u00e9 pour Bercy de rebondir ?\" class=\"read-more button\" href=\"https:\/\/le-communique.fr\/de\/standard-and-poors-degrade-la-france-un-coup-dur-pour-lexecutif-politique-mais-une-opportunite-pour-bercy-de-rebondir\/#more-11517\" aria-label=\"Mehr Informationen \u00fcber Standard and Poor&rsquo;s d\u00e9grade la France : un coup dur pour l&rsquo;ex\u00e9cutif politique, mais une opportunit\u00e9 pour Bercy de rebondir ?\">Read More<\/a><\/p>","protected":false},"author":1,"featured_media":11520,"comment_status":"open","ping_status":"open","sticky":false,"template":"","format":"standard","meta":{"footnotes":""},"categories":[2058],"tags":[2966,2967,2843,2845,2965],"class_list":["post-11517","post","type-post","status-publish","format-standard","has-post-thumbnail","hentry","category-economie-et-finances","tag-degradation","tag-executif-politique","tag-france","tag-opportunite","tag-standard-and-poors","infinite-scroll-item","generate-columns","tablet-grid-50","mobile-grid-100","grid-parent","grid-25","no-featured-image-padding"],"_links":{"self":[{"href":"https:\/\/le-communique.fr\/de\/wp-json\/wp\/v2\/posts\/11517","targetHints":{"allow":["GET"]}}],"collection":[{"href":"https:\/\/le-communique.fr\/de\/wp-json\/wp\/v2\/posts"}],"about":[{"href":"https:\/\/le-communique.fr\/de\/wp-json\/wp\/v2\/types\/post"}],"author":[{"embeddable":true,"href":"https:\/\/le-communique.fr\/de\/wp-json\/wp\/v2\/users\/1"}],"replies":[{"embeddable":true,"href":"https:\/\/le-communique.fr\/de\/wp-json\/wp\/v2\/comments?post=11517"}],"version-history":[{"count":0,"href":"https:\/\/le-communique.fr\/de\/wp-json\/wp\/v2\/posts\/11517\/revisions"}],"wp:featuredmedia":[{"embeddable":true,"href":"https:\/\/le-communique.fr\/de\/wp-json\/wp\/v2\/media\/11520"}],"wp:attachment":[{"href":"https:\/\/le-communique.fr\/de\/wp-json\/wp\/v2\/media?parent=11517"}],"wp:term":[{"taxonomy":"category","embeddable":true,"href":"https:\/\/le-communique.fr\/de\/wp-json\/wp\/v2\/categories?post=11517"},{"taxonomy":"post_tag","embeddable":true,"href":"https:\/\/le-communique.fr\/de\/wp-json\/wp\/v2\/tags?post=11517"}],"curies":[{"name":"wp","href":"https:\/\/api.w.org\/{rel}","templated":true}]}}