{"id":11154,"date":"2024-05-06T09:10:37","date_gmt":"2024-05-06T07:10:37","guid":{"rendered":"https:\/\/le-communique.fr\/lislam-politique-en-france-menace-ou-opportunite-decouvrez-ce-que-le-gouvernement-a-decouvert-dans-son-rapport\/"},"modified":"2024-05-06T09:10:37","modified_gmt":"2024-05-06T07:10:37","slug":"lislam-politique-en-france-menace-ou-opportunite-decouvrez-ce-que-le-gouvernement-a-decouvert-dans-son-rapport","status":"publish","type":"post","link":"https:\/\/le-communique.fr\/de\/lislam-politique-en-france-menace-ou-opportunite-decouvrez-ce-que-le-gouvernement-a-decouvert-dans-son-rapport\/","title":{"rendered":"L&rsquo;islam politique en France : menace ou opportunit\u00e9 ? D\u00e9couvrez ce que le gouvernement a d\u00e9couvert dans son rapport !"},"content":{"rendered":"<p class=\"wp-block-paragraph\">L&rsquo;islam politique suscite de vifs d\u00e9bats en France. R\u00e9cente publication d&rsquo;un rapport gouvernemental approfondit cette question \u00e9pineuse. Est-ce un p\u00e9ril ou une chance pour la soci\u00e9t\u00e9 fran\u00e7aise ? Plongez dans notre analyse pour d\u00e9m\u00ealer les faits et comprendre les enjeux.<\/p>\n\n\n<div id=\"ez-toc-container\" class=\"ez-toc-v2_0_87 counter-hierarchy ez-toc-counter ez-toc-grey ez-toc-container-direction\">\n<div class=\"ez-toc-title-container\">\n<p class=\"ez-toc-title\" style=\"cursor:inherit\">Table of Contents<\/p>\n<span class=\"ez-toc-title-toggle\"><a href=\"#\" class=\"ez-toc-pull-right ez-toc-btn ez-toc-btn-xs ez-toc-btn-default ez-toc-toggle\" aria-label=\"Toggle Table of Content\"><span class=\"ez-toc-js-icon-con\"><span class=\"\"><span class=\"eztoc-hide\" style=\"display:none;\">Toggle<\/span><span class=\"ez-toc-icon-toggle-span\"><svg style=\"fill: #999;color:#999\" xmlns=\"http:\/\/www.w3.org\/2000\/svg\" class=\"list-377408\" width=\"20px\" height=\"20px\" viewbox=\"0 0 24 24\" fill=\"none\"><path d=\"M6 6H4v2h2V6zm14 0H8v2h12V6zM4 11h2v2H4v-2zm16 0H8v2h12v-2zM4 16h2v2H4v-2zm16 0H8v2h12v-2z\" fill=\"currentColor\"><\/path><\/svg><svg style=\"fill: #999;color:#999\" class=\"arrow-unsorted-368013\" xmlns=\"http:\/\/www.w3.org\/2000\/svg\" width=\"10px\" height=\"10px\" viewbox=\"0 0 24 24\" version=\"1.2\" baseprofile=\"tiny\"><path d=\"M18.2 9.3l-6.2-6.3-6.2 6.3c-.2.2-.3.4-.3.7s.1.5.3.7c.2.2.4.3.7.3h11c.3 0 .5-.1.7-.3.2-.2.3-.5.3-.7s-.1-.5-.3-.7zM5.8 14.7l6.2 6.3 6.2-6.3c.2-.2.3-.5.3-.7s-.1-.5-.3-.7c-.2-.2-.4-.3-.7-.3h-11c-.3 0-.5.1-.7.3-.2.2-.3.5-.3.7s.1.5.3.7z\"\/><\/svg><\/span><\/span><\/span><\/a><\/span><\/div>\n<nav><ul class='ez-toc-list ez-toc-list-level-1' ><li class='ez-toc-page-1 ez-toc-heading-level-2'><a class=\"ez-toc-link ez-toc-heading-1\" href=\"https:\/\/le-communique.fr\/de\/lislam-politique-en-france-menace-ou-opportunite-decouvrez-ce-que-le-gouvernement-a-decouvert-dans-son-rapport\/#Contexte_et_Mission_Gouvernementale\" >Contexte et Mission Gouvernementale<\/a><\/li><li class='ez-toc-page-1 ez-toc-heading-level-2'><a class=\"ez-toc-link ez-toc-heading-2\" href=\"https:\/\/le-communique.fr\/de\/lislam-politique-en-france-menace-ou-opportunite-decouvrez-ce-que-le-gouvernement-a-decouvert-dans-son-rapport\/#La_Mouvement_des_Freres_Musulmans_en_France\" >La Mouvement des Fr\u00e8res Musulmans en France<\/a><\/li><li class='ez-toc-page-1 ez-toc-heading-level-2'><a class=\"ez-toc-link ez-toc-heading-3\" href=\"https:\/\/le-communique.fr\/de\/lislam-politique-en-france-menace-ou-opportunite-decouvrez-ce-que-le-gouvernement-a-decouvert-dans-son-rapport\/#Evaluation_du_Separatisme_Islamiste\" >\u00c9valuation du S\u00e9paratisme Islamiste<\/a><\/li><li class='ez-toc-page-1 ez-toc-heading-level-2'><a class=\"ez-toc-link ez-toc-heading-4\" href=\"https:\/\/le-communique.fr\/de\/lislam-politique-en-france-menace-ou-opportunite-decouvrez-ce-que-le-gouvernement-a-decouvert-dans-son-rapport\/#Politique_de_Lutte_et_Adaptations_Necessaires\" >Politique de Lutte et Adaptations N\u00e9cessaires<\/a><\/li><li class='ez-toc-page-1 ez-toc-heading-level-2'><a class=\"ez-toc-link ez-toc-heading-5\" href=\"https:\/\/le-communique.fr\/de\/lislam-politique-en-france-menace-ou-opportunite-decouvrez-ce-que-le-gouvernement-a-decouvert-dans-son-rapport\/#Implications_pour_lAvenir\" >Implications pour l&rsquo;Avenir<\/a><\/li><\/ul><\/nav><\/div>\n<h2 class=\"wp-block-heading\"><span class=\"ez-toc-section\" id=\"Contexte_et_Mission_Gouvernementale\"><\/span>Contexte et Mission Gouvernementale<span class=\"ez-toc-section-end\"><\/span><\/h2>\n\n\n<p class=\"wp-block-paragraph\">La question de l&rsquo;islam politique est un sujet de d\u00e9bat intense en France. R\u00e9cemment, le gouvernement fran\u00e7ais a command\u00e9 un rapport pour \u00e9valuer l&rsquo;influence de cette tendance au sein de la soci\u00e9t\u00e9. Dirig\u00e9e par le diplomate Fran\u00e7ois Gouyette et le pr\u00e9fet Pascal Courtade, cette \u00e9tude vise \u00e0 fournir un \u00e9tat des lieux pr\u00e9cis de la situation.<\/p>\n\n\n<h2 class=\"wp-block-heading\"><span class=\"ez-toc-section\" id=\"La_Mouvement_des_Freres_Musulmans_en_France\"><\/span>La Mouvement des Fr\u00e8res Musulmans en France<span class=\"ez-toc-section-end\"><\/span><\/h2>\n\n\n<p class=\"wp-block-paragraph\">Une des pr\u00e9occupations majeures exprim\u00e9es par ce rapport concerne la mouvance des Fr\u00e8res Musulmans. Ce groupe, qui op\u00e8re globalement, est suspect\u00e9 de chercher \u00e0 \u00e9tablir une contre-soci\u00e9t\u00e9 en France, en s&rsquo;\u00e9loignant des principes r\u00e9publicains. Le rapport cherche ainsi \u00e0 analyser en profondeur les objectifs et m\u00e9thodes de ce groupe sp\u00e9cifiquement.<\/p>\n\n\n<h2 class=\"wp-block-heading\"><span class=\"ez-toc-section\" id=\"Evaluation_du_Separatisme_Islamiste\"><\/span>\u00c9valuation du S\u00e9paratisme Islamiste<span class=\"ez-toc-section-end\"><\/span><\/h2>\n\n\n<p class=\"wp-block-paragraph\">La notion de \u00ab\u00a0s\u00e9paratisme islamiste\u00a0\u00bb, selon le rapport, correspond \u00e0 un projet politico-religieux visant \u00e0 \u00e9tablir des normes parall\u00e8les aux fondations la\u00efques de la R\u00e9publique fran\u00e7aise. Le rapport \u00e9voque des \u00ab\u00a0\u00e9carts r\u00e9p\u00e9t\u00e9s\u00a0\u00bb avec ces principes, susceptible de favoriser l&rsquo;\u00e9mergence d&rsquo;une micro-soci\u00e9t\u00e9 autonome.<\/p>\n\n\n<h2 class=\"wp-block-heading\"><span class=\"ez-toc-section\" id=\"Politique_de_Lutte_et_Adaptations_Necessaires\"><\/span>Politique de Lutte et Adaptations N\u00e9cessaires<span class=\"ez-toc-section-end\"><\/span><\/h2>\n\n\n<p class=\"wp-block-paragraph\">Le document explore \u00e9galement la r\u00e9action politique face \u00e0 ces mouvements. Il se penche sur l&rsquo;efficacit\u00e9 des strat\u00e9gies actuelles de lutte contre le s\u00e9paratisme et propose d&rsquo;adapter les mesures existantes pour mieux cibler les sp\u00e9cificit\u00e9s de l&rsquo;islam politique. Cela d\u00e9coule directement les lois instaur\u00e9es suite au discours d&rsquo;Emmanuel Macron en 2020 contre le s\u00e9paratisme.<\/p>\n\n\n<figure class=\"wp-block-embed is-type-video is-provider-youtube wp-block-embed-youtube wp-embed-aspect-16-9 wp-has-aspect-ratio\">\n<div class=\"wp-block-embed__wrapper\">\n<iframe loading=\"lazy\" title=\"Religion, politique et normes sociales \u00b7 Qu\u2019est-ce que l\u2019islam ?\" width=\"1200\" height=\"675\" src=\"https:\/\/www.youtube.com\/embed\/55gqmdgTxW4?feature=oembed\" frameborder=\"0\" allow=\"accelerometer; autoplay; clipboard-write; encrypted-media; gyroscope; picture-in-picture; web-share\" referrerpolicy=\"strict-origin-when-cross-origin\" allowfullscreen><\/iframe>\n<\/div>\n<\/figure>\n\n\n<h2 class=\"wp-block-heading\"><span class=\"ez-toc-section\" id=\"Implications_pour_lAvenir\"><\/span>Implications pour l&rsquo;Avenir<span class=\"ez-toc-section-end\"><\/span><\/h2>\n\n\n<p class=\"wp-block-paragraph\">La finalit\u00e9 de ce rapport n&rsquo;est pas seulement de constater mais aussi de proposer des voies d&rsquo;action. L&rsquo;enjeu est de taille pour la coh\u00e9sion nationale et pose la question cruciale de la balance entre libert\u00e9 religieuse et pr\u00e9servation des valeurs r\u00e9publicaines.<\/p>\n\n\n<figure class=\"wp-block-embed is-type-video is-provider-tiktok wp-block-embed-tiktok\"><div class=\"wp-block-embed__wrapper\">\n<blockquote class=\"tiktok-embed\" cite=\"https:\/\/www.tiktok.com\/@around_islam\/video\/7273098695174933793\" data-video-id=\"7273098695174933793\" data-embed-from=\"oembed\" style=\"max-width:605px; min-width:325px;\"> <section> <a target=\"_blank\" title=\"@around_islam\" href=\"https:\/\/www.tiktok.com\/@around_islam?refer=embed\" rel=\"noopener nofollow\">@around_islam<\/a> <p><a title=\"duo\" target=\"_blank\" href=\"https:\/\/www.tiktok.com\/tag\/duo?refer=embed\" rel=\"noopener nofollow\">#duo<\/a> avec @LIVE VOX <a title=\"islam\" target=\"_blank\" href=\"https:\/\/www.tiktok.com\/tag\/islam?refer=embed\" rel=\"noopener nofollow\">#islam<\/a><a title=\"politique\" target=\"_blank\" href=\"https:\/\/www.tiktok.com\/tag\/politique?refer=embed\" rel=\"noopener nofollow\">#politique<\/a> <a title=\"musulman\" target=\"_blank\" href=\"https:\/\/www.tiktok.com\/tag\/musulman?refer=embed\" rel=\"noopener nofollow\">#musulman<\/a> <a title=\"militant\" target=\"_blank\" href=\"https:\/\/www.tiktok.com\/tag\/militant?refer=embed\" rel=\"noopener nofollow\">#militant<\/a> <a title=\"france\" target=\"_blank\" href=\"https:\/\/www.tiktok.com\/tag\/france?refer=embed\" rel=\"noopener nofollow\">#france<\/a> <a title=\"religion\" target=\"_blank\" href=\"https:\/\/www.tiktok.com\/tag\/religion?refer=embed\" rel=\"noopener nofollow\">#religion<\/a> <\/p> <a target=\"_blank\" title=\"\u266c son original - DZPLUS\ud83c\uddf5\ud83c\uddf8\" href=\"https:\/\/www.tiktok.com\/music\/son-original-7251683292670364443?refer=embed\" rel=\"noopener nofollow\">\u266c son original &#8211; DZPLUS\ud83c\uddf5\ud83c\uddf8<\/a> <\/section> <\/blockquote> <script async src=\"https:\/\/www.tiktok.com\/embed.js\"><\/script>\n<\/div><\/figure>","protected":false},"excerpt":{"rendered":"<p>L&rsquo;islam politique suscite de vifs d\u00e9bats en France. R\u00e9cente publication d&rsquo;un rapport gouvernemental approfondit cette &#8230; <\/p>\n<p class=\"read-more-container\"><a title=\"L&rsquo;islam politique en France : menace ou opportunit\u00e9 ? D\u00e9couvrez ce que le gouvernement a d\u00e9couvert dans son rapport !\" class=\"read-more button\" href=\"https:\/\/le-communique.fr\/de\/lislam-politique-en-france-menace-ou-opportunite-decouvrez-ce-que-le-gouvernement-a-decouvert-dans-son-rapport\/#more-11154\" aria-label=\"Mehr Informationen \u00fcber L&rsquo;islam politique en France : menace ou opportunit\u00e9 ? D\u00e9couvrez ce que le gouvernement a d\u00e9couvert dans son rapport !\">Read More<\/a><\/p>","protected":false},"author":1,"featured_media":12489,"comment_status":"open","ping_status":"open","sticky":false,"template":"","format":"standard","meta":{"footnotes":""},"categories":[1],"tags":[2843,2846,2842,2844,2845],"class_list":["post-11154","post","type-post","status-publish","format-standard","has-post-thumbnail","hentry","category-non-classe","tag-france","tag-gouvernement","tag-islam-politique","tag-menace","tag-opportunite","infinite-scroll-item","generate-columns","tablet-grid-50","mobile-grid-100","grid-parent","grid-25","no-featured-image-padding"],"_links":{"self":[{"href":"https:\/\/le-communique.fr\/de\/wp-json\/wp\/v2\/posts\/11154","targetHints":{"allow":["GET"]}}],"collection":[{"href":"https:\/\/le-communique.fr\/de\/wp-json\/wp\/v2\/posts"}],"about":[{"href":"https:\/\/le-communique.fr\/de\/wp-json\/wp\/v2\/types\/post"}],"author":[{"embeddable":true,"href":"https:\/\/le-communique.fr\/de\/wp-json\/wp\/v2\/users\/1"}],"replies":[{"embeddable":true,"href":"https:\/\/le-communique.fr\/de\/wp-json\/wp\/v2\/comments?post=11154"}],"version-history":[{"count":0,"href":"https:\/\/le-communique.fr\/de\/wp-json\/wp\/v2\/posts\/11154\/revisions"}],"wp:featuredmedia":[{"embeddable":true,"href":"https:\/\/le-communique.fr\/de\/wp-json\/wp\/v2\/media\/12489"}],"wp:attachment":[{"href":"https:\/\/le-communique.fr\/de\/wp-json\/wp\/v2\/media?parent=11154"}],"wp:term":[{"taxonomy":"category","embeddable":true,"href":"https:\/\/le-communique.fr\/de\/wp-json\/wp\/v2\/categories?post=11154"},{"taxonomy":"post_tag","embeddable":true,"href":"https:\/\/le-communique.fr\/de\/wp-json\/wp\/v2\/tags?post=11154"}],"curies":[{"name":"wp","href":"https:\/\/api.w.org\/{rel}","templated":true}]}}